{"id":116544,"date":"2022-05-30T14:27:08","date_gmt":"2022-05-30T19:27:08","guid":{"rendered":"https:\/\/www.uv.mx\/prensa\/?p=116544"},"modified":"2022-05-31T10:51:41","modified_gmt":"2022-05-31T15:51:41","slug":"cancion-la-fiesta-de-rigo-aborda-fenomeno-migratorio-en-mexico","status":"publish","type":"post","link":"https:\/\/www.uv.mx\/prensa\/general\/cancion-la-fiesta-de-rigo-aborda-fenomeno-migratorio-en-mexico\/","title":{"rendered":"Canci\u00f3n <em>La fiesta de Rigo<\/em> aborda fen\u00f3meno migratorio en M\u00e9xico"},"content":{"rendered":"<ul class=\"ul1\">\n<li class=\"li1\"><i>En ella se representa un espacio glocal que emergi\u00f3 en la d\u00e9cada de 1970: la zona metropolitana de la Ciudad de M\u00e9xico<\/i><\/li>\n<\/ul>\n<p>&nbsp;<\/p>\n<div id=\"attachment_116545\" style=\"width: 732px\" class=\"wp-caption aligncenter\"><img aria-describedby=\"caption-attachment-116545\" decoding=\"async\" loading=\"lazy\" class=\"size-full wp-image-116545\" src=\"https:\/\/www.uv.mx\/prensa\/files\/2022\/05\/270522-CARLOS-Espacio-glocal-y-nacional-1-100k.jpg\" alt=\"La canci\u00f3n La fiesta de Rigo menciona diversos estados y ciudades del norte, centro y sur de M\u00e9xico\" width=\"722\" height=\"406\" srcset=\"https:\/\/www.uv.mx\/prensa\/files\/2022\/05\/270522-CARLOS-Espacio-glocal-y-nacional-1-100k.jpg 722w, https:\/\/www.uv.mx\/prensa\/files\/2022\/05\/270522-CARLOS-Espacio-glocal-y-nacional-1-100k-300x169.jpg 300w\" sizes=\"(max-width: 722px) 100vw, 722px\" \/><p id=\"caption-attachment-116545\" class=\"wp-caption-text\">La canci\u00f3n <em>La fiesta de Rigo<\/em> menciona diversos estados y ciudades del norte, centro y sur de M\u00e9xico<\/p><\/div>\n<p>&nbsp;<\/p>\n<p class=\"p1\"><b><i>Carlos Hugo Hermida Rosales<\/i><\/b><\/p>\n<p><b><i>Fotos: Omar Portilla Palacios<\/i><\/b><\/p>\n<p class=\"p1\"><b><i>30\/05\/2022. Xalapa, Ver<\/i><\/b>. Le\u00f3n Alfonso Colorado Hern\u00e1ndez, titular de la <a href=\"https:\/\/www.uv.mx\/difusioncultural\/\" target=\"_blank\" rel=\"noopener\">Direcci\u00f3n General de Difusi\u00f3n Cultural<\/a> de la Universidad Veracruzana (UV), mencion\u00f3 que la canci\u00f3n <i>La fiesta de Rigo<\/i> del m\u00fasico tamaulipeco Rigo Tovar, arroja informaci\u00f3n sobre el fen\u00f3meno migratorio en M\u00e9xico en la \u00e9poca que fue lanzada \u20131981\u2013, dentro de su participaci\u00f3n en el 6\u00ba Foro Estudiantil de Etnomusicolog\u00eda.<\/p>\n<p class=\"p3\">El directivo imparti\u00f3 el 26 de mayo la conferencia virtual <span class=\"s1\">\u201c<\/span>Espacio glocal y nacional en una canci\u00f3n de Rigo Tovar\u201d, evento que fue moderado por Gonzalo Camacho D\u00edaz, investigador de la Universidad Nacional Aut\u00f3noma de M\u00e9xico.<\/p>\n<p class=\"p3\">Alfonso Colorado explic\u00f3 que al contrastar el momento en que la canci\u00f3n fue lanzada con los flujos migratorios de M\u00e9xico y espec\u00edficamente de Tamaulipas, descubri\u00f3 que entre 1950 y 2010 este estado norte\u00f1o lejos de expulsar migrantes, fue un polo de atracci\u00f3n de trabajadores debido a su desarrollo industrial.<\/p>\n<div id=\"attachment_116546\" style=\"width: 732px\" class=\"wp-caption aligncenter\"><img aria-describedby=\"caption-attachment-116546\" decoding=\"async\" loading=\"lazy\" class=\"size-full wp-image-116546\" src=\"https:\/\/www.uv.mx\/prensa\/files\/2022\/05\/270522-CARLOS-Espacio-glocal-y-nacional-2-100k.jpg\" alt=\"Rigo Tovar fue un fen\u00f3meno de masas\" width=\"722\" height=\"406\" srcset=\"https:\/\/www.uv.mx\/prensa\/files\/2022\/05\/270522-CARLOS-Espacio-glocal-y-nacional-2-100k.jpg 722w, https:\/\/www.uv.mx\/prensa\/files\/2022\/05\/270522-CARLOS-Espacio-glocal-y-nacional-2-100k-300x169.jpg 300w\" sizes=\"(max-width: 722px) 100vw, 722px\" \/><p id=\"caption-attachment-116546\" class=\"wp-caption-text\">Rigo Tovar fue un fen\u00f3meno de masas<\/p><\/div>\n<p>&nbsp;<\/p>\n<p class=\"p3\">Las entidades federativas de donde sal\u00edan la mayor parte de ellos en ese lapso de tiempo eran las del sureste y el centro del pa\u00eds.<\/p>\n<p class=\"p3\">Rigo Tovar vivi\u00f3 en Texas y por sus circunstancias geogr\u00e1ficas \u2013madre estadounidense y hermanos que radicaban con ella\u2013, su perfil fue el del migrante promedio.<\/p>\n<p class=\"p3\">El directivo coment\u00f3 que la canci\u00f3n citada evidencia un estadio nuevo en la trayectoria del compositor, m\u00e1s elaborado y complejo; a su vez, emula el paisaje sonoro t\u00edpico del r\u00e9gimen postrevolucionario en M\u00e9xico: los desfiles c\u00edvicos escolares.<\/p>\n<p class=\"p3\">En ella, adem\u00e1s de nombrarse diversos estados y urbes del norte, centro y sur de la Rep\u00fablica, se representa un espacio \u201cglocal\u201d \u2013global y local a la vez\u2013 que emergi\u00f3 en la d\u00e9cada de 1970: la zona metropolitana de la Ciudad de M\u00e9xico, en la que comenzaban a crecer localidades como Tlalnepantla y Ciudad Nezahualc\u00f3yotl.<\/p>\n<div id=\"attachment_116547\" style=\"width: 732px\" class=\"wp-caption aligncenter\"><img aria-describedby=\"caption-attachment-116547\" decoding=\"async\" loading=\"lazy\" class=\"size-full wp-image-116547\" src=\"https:\/\/www.uv.mx\/prensa\/files\/2022\/05\/270522-CARLOS-Espacio-glocal-y-nacional-3-100k.jpg\" alt=\"Le\u00f3n Alfonso Colorado Hern\u00e1ndez\" width=\"722\" height=\"406\" srcset=\"https:\/\/www.uv.mx\/prensa\/files\/2022\/05\/270522-CARLOS-Espacio-glocal-y-nacional-3-100k.jpg 722w, https:\/\/www.uv.mx\/prensa\/files\/2022\/05\/270522-CARLOS-Espacio-glocal-y-nacional-3-100k-300x169.jpg 300w\" sizes=\"(max-width: 722px) 100vw, 722px\" \/><p id=\"caption-attachment-116547\" class=\"wp-caption-text\">Le\u00f3n Alfonso Colorado Hern\u00e1ndez<\/p><\/div>\n<p>&nbsp;<\/p>\n<p class=\"p3\">Tambi\u00e9n refleja la importancia de los clubes de fans del pa\u00eds, que eran los que gestionaban las entradas a los conciertos de los artistas y su material discogr\u00e1fico.<\/p>\n<p class=\"p3\">Alfonso Colorado declar\u00f3 que Rigo Tovar fue un fen\u00f3meno de masas, gozaba de tanta fama que se presentaba en salas de baile a lo largo y ancho de Estados Unidos, y grab\u00f3 en los estudios Abbey Road en Londres, famosos por ser utilizados por el grupo The Beatles.<\/p>\n<p class=\"p3\">Destac\u00f3 su car\u00e1cter polifac\u00e9tico, ya que apoy\u00f3 causas medioambientales a trav\u00e9s de campa\u00f1as publicitarias que promov\u00edan el ahorro del agua.<\/p>\n","protected":false},"excerpt":{"rendered":"<p>Entre 1950 y 2010 e1 estado de Tamaulipas, lejos de expulsar migrantes, fue un polo de atracci\u00f3n de trabajadores debido a su desarrollo industrial.<\/p>\n","protected":false},"author":1775,"featured_media":116545,"comment_status":"closed","ping_status":"closed","sticky":false,"template":"","format":"standard","meta":[],"categories":[11,1],"tags":[4161,743,4745,7697,7698,5051,694],"_links":{"self":[{"href":"https:\/\/www.uv.mx\/prensa\/wp-json\/wp\/v2\/posts\/116544"}],"collection":[{"href":"https:\/\/www.uv.mx\/prensa\/wp-json\/wp\/v2\/posts"}],"about":[{"href":"https:\/\/www.uv.mx\/prensa\/wp-json\/wp\/v2\/types\/post"}],"author":[{"embeddable":true,"href":"https:\/\/www.uv.mx\/prensa\/wp-json\/wp\/v2\/users\/1775"}],"replies":[{"embeddable":true,"href":"https:\/\/www.uv.mx\/prensa\/wp-json\/wp\/v2\/comments?post=116544"}],"version-history":[{"count":1,"href":"https:\/\/www.uv.mx\/prensa\/wp-json\/wp\/v2\/posts\/116544\/revisions"}],"predecessor-version":[{"id":116607,"href":"https:\/\/www.uv.mx\/prensa\/wp-json\/wp\/v2\/posts\/116544\/revisions\/116607"}],"wp:featuredmedia":[{"embeddable":true,"href":"https:\/\/www.uv.mx\/prensa\/wp-json\/wp\/v2\/media\/116545"}],"wp:attachment":[{"href":"https:\/\/www.uv.mx\/prensa\/wp-json\/wp\/v2\/media?parent=116544"}],"wp:term":[{"taxonomy":"category","embeddable":true,"href":"https:\/\/www.uv.mx\/prensa\/wp-json\/wp\/v2\/categories?post=116544"},{"taxonomy":"post_tag","embeddable":true,"href":"https:\/\/www.uv.mx\/prensa\/wp-json\/wp\/v2\/tags?post=116544"}],"curies":[{"name":"wp","href":"https:\/\/api.w.org\/{rel}","templated":true}]}}