{"id":116589,"date":"2022-05-30T19:36:42","date_gmt":"2022-05-31T00:36:42","guid":{"rendered":"https:\/\/www.uv.mx\/prensa\/?p=116589"},"modified":"2022-05-31T12:29:20","modified_gmt":"2022-05-31T17:29:20","slug":"inifor-inicio-colaboracion-entre-comunidad-uv-y-organizaciones-sociales","status":"publish","type":"post","link":"https:\/\/www.uv.mx\/prensa\/general\/inifor-inicio-colaboracion-entre-comunidad-uv-y-organizaciones-sociales\/","title":{"rendered":"<em>Inifor<\/em> inici\u00f3 colaboraci\u00f3n entre comunidad UV y organizaciones sociales"},"content":{"rendered":"<ul class=\"ul1\">\n<li class=\"li1\"><i>El \u201cDi\u00e1logo sociodigital participativo sobre la restauraci\u00f3n socioambiental del territorio\u201d agrupa a expertos de la Universidad Veracruzana y otras instituciones educativas, as\u00ed como organizaciones de la sociedad civil<\/i><\/li>\n<li class=\"li1\"><i>Los d\u00edas 30 y 31 de mayo y 1 de junio el evento se puede seguir por <\/i>UV Zoom<i> y por <\/i>Facebook<i> <\/i>Live<i>: <\/i><a href=\"https:\/\/www.facebook.com\/IniforUV.Oficial\"><span class=\"s1\"><i>https:\/\/www.facebook.com\/IniforUV.Oficial<\/i><\/span><\/a><\/li>\n<\/ul>\n<p>&nbsp;<\/p>\n<div id=\"attachment_116593\" style=\"width: 732px\" class=\"wp-caption aligncenter\"><img aria-describedby=\"caption-attachment-116593\" decoding=\"async\" loading=\"lazy\" class=\"size-full wp-image-116593\" src=\"https:\/\/www.uv.mx\/prensa\/files\/2022\/05\/30052022-DAVID-Inauguracion-Dialogo-sociodigital-en-el-Inifor-2-100k.jpg\" alt=\"Rafael Flores, director del Inifor, dijo que el di\u00e1logo sociodigital es un ejercicio que refuerza el modelo de ense\u00f1anza del instituto\" width=\"722\" height=\"497\" srcset=\"https:\/\/www.uv.mx\/prensa\/files\/2022\/05\/30052022-DAVID-Inauguracion-Dialogo-sociodigital-en-el-Inifor-2-100k.jpg 722w, https:\/\/www.uv.mx\/prensa\/files\/2022\/05\/30052022-DAVID-Inauguracion-Dialogo-sociodigital-en-el-Inifor-2-100k-300x207.jpg 300w\" sizes=\"(max-width: 722px) 100vw, 722px\" \/><p id=\"caption-attachment-116593\" class=\"wp-caption-text\">Rafael Flores, director del <em>Inifor<\/em>, dijo que el di\u00e1logo sociodigital es un ejercicio que refuerza el modelo de ense\u00f1anza del instituto<\/p><\/div>\n<p>&nbsp;<\/p>\n<p class=\"p1\"><b><i>David Sandoval Rodr\u00edguez<\/i><\/b><\/p>\n<p class=\"p1\"><b><i>Fotos: Omar Portilla Palacios<\/i><\/b><\/p>\n<p class=\"p1\"><b><i>30\/05\/2022, Xalapa, Ver.-<\/i><\/b> El <a href=\"https:\/\/www.uv.mx\/iif\/\" target=\"_blank\" rel=\"noopener\">Instituto de Investigaciones Forestales<\/a> (<i>Inifor<\/i>) de la Universidad Veracruzana (UV) inici\u00f3 este lunes 30 de mayo el evento \u201cDi\u00e1logo sociodigital participativo sobre la restauraci\u00f3n socioambiental del territorio: La cartograf\u00eda social como herramienta de discusi\u00f3n y diagn\u00f3stico interdisciplinar\u201d, que se llevar\u00e1 a cabo hasta el 1 de junio de 10:00 a 17:00 horas y podr\u00e1 seguirse por <i>Facebook<\/i>: <a href=\"https:\/\/www.facebook.com\/IniforUV.Oficial\"><span class=\"s1\">https:\/\/www.facebook.com\/IniforUV.Oficial<\/span><\/a><\/p>\n<p class=\"p3\">Rafael Flores Peredo, director del <i>Inifor<\/i>, inaugur\u00f3 el encuentro virtual y subray\u00f3 que para el instituto es importante reconocer y comunicar la importancia de la investigaci\u00f3n forestal, a fin de que sus resultados puedan incorporarse a las pol\u00edticas p\u00fablicas.<\/p>\n<p class=\"p3\">Puntualiz\u00f3 que la investigaci\u00f3n forestal es transversal a muchos campos del conocimiento y \u201cse vuelve necesario iniciar el intercambio de conocimientos y de saberes entre organizaciones gubernamentales, de la sociedad civil, acad\u00e9micos, investigadores y estudiantes\u201d.<\/p>\n<p class=\"p3\">Enfatiz\u00f3 adem\u00e1s que el <i>Inifor<\/i> aspira a consolidarse como un aliado con las dem\u00e1s dependencias de la UV, con organizaciones de la sociedad civil y entidades gubernamentales, para colaborar en acciones a nivel local y en las comunidades.<\/p>\n<div id=\"attachment_116594\" style=\"width: 732px\" class=\"wp-caption aligncenter\"><img aria-describedby=\"caption-attachment-116594\" decoding=\"async\" loading=\"lazy\" class=\"size-full wp-image-116594\" src=\"https:\/\/www.uv.mx\/prensa\/files\/2022\/05\/30052022-DAVID-Inauguracion-Dialogo-sociodigital-en-el-Inifor-3-100k.jpg\" alt=\"Elsa P\u00e9rez, coordinadora del encuentro, dijo que se busca participar en la restauraci\u00f3n del territorio con diagn\u00f3sticos locales\" width=\"722\" height=\"495\" srcset=\"https:\/\/www.uv.mx\/prensa\/files\/2022\/05\/30052022-DAVID-Inauguracion-Dialogo-sociodigital-en-el-Inifor-3-100k.jpg 722w, https:\/\/www.uv.mx\/prensa\/files\/2022\/05\/30052022-DAVID-Inauguracion-Dialogo-sociodigital-en-el-Inifor-3-100k-300x206.jpg 300w\" sizes=\"(max-width: 722px) 100vw, 722px\" \/><p id=\"caption-attachment-116594\" class=\"wp-caption-text\">Elsa P\u00e9rez, coordinadora del encuentro, dijo que se busca participar en la restauraci\u00f3n del territorio con diagn\u00f3sticos locales<\/p><\/div>\n<p>&nbsp;<\/p>\n<p class=\"p3\">\u201cEn el <i>Inifor<\/i> tienen un aliado para la transformaci\u00f3n del territorio veracruzano y las amenazas que nos toca experimentar\u201d, recalc\u00f3 el investigador.<\/p>\n<p class=\"p3\">Asimismo, subray\u00f3 que este di\u00e1logo sociodigital participativo es un ejercicio interdisciplinario que est\u00e1 pensado para \u201creforzar nuestro modelo de ense\u00f1anza de nuestras y nuestros estudiantes, quienes se enfrentar\u00e1n a nuevos retos dentro de este contexto social de la actualidad\u201d.<\/p>\n<p class=\"p3\">Elsa Antonia P\u00e9rez Paredes, acad\u00e9mica del <i>Inifor<\/i> y coordinadora del evento, plante\u00f3: \u201cDesde el instituto nos hemos preguntado c\u00f3mo podemos contribuir a las estrategias de restauraci\u00f3n del territorio que el Consejo Nacional de Ciencia y Tecnolog\u00eda (<i>Conacyt<\/i>) y otros actores han realizado, y detectamos que falta profundizar en diagn\u00f3sticos locales desde una perspectiva interdisciplinaria\u201d.<\/p>\n<p class=\"p3\">Por tal raz\u00f3n, el objetivo de este di\u00e1logo sociodigital es construir una plataforma de colaboraci\u00f3n interdisciplinaria, interinstitucional e interseccional que permita focalizar la participaci\u00f3n como instituto y como Universidad en el territorio veracruzano.<\/p>\n<div id=\"attachment_116595\" style=\"width: 732px\" class=\"wp-caption aligncenter\"><img aria-describedby=\"caption-attachment-116595\" decoding=\"async\" loading=\"lazy\" class=\"size-full wp-image-116595\" src=\"https:\/\/www.uv.mx\/prensa\/files\/2022\/05\/30052022-DAVID-Inauguracion-Dialogo-sociodigital-en-el-Inifor-4-100k.jpg\" alt=\"El evento ser\u00e1 transmitido por el canal de Facebook del Inifor: https:\/\/www.facebook.com\/IniforUV.Oficial\" width=\"722\" height=\"496\" srcset=\"https:\/\/www.uv.mx\/prensa\/files\/2022\/05\/30052022-DAVID-Inauguracion-Dialogo-sociodigital-en-el-Inifor-4-100k.jpg 722w, https:\/\/www.uv.mx\/prensa\/files\/2022\/05\/30052022-DAVID-Inauguracion-Dialogo-sociodigital-en-el-Inifor-4-100k-300x206.jpg 300w\" sizes=\"(max-width: 722px) 100vw, 722px\" \/><p id=\"caption-attachment-116595\" class=\"wp-caption-text\">El evento ser\u00e1 transmitido por el canal de <em>Facebook <\/em>del <em>Inifor<\/em>: https:\/\/www.facebook.com\/IniforUV.Oficial<\/p><\/div>\n<p>&nbsp;<\/p>\n<p class=\"p3\">\u201cLa mirada interna de la UV, con todas sus facultades, instituciones de investigaci\u00f3n y comunidad universitaria, se puede enriquecer con las miradas de nuestras y nuestros colegas nacionales, as\u00ed como con sus aportes metodol\u00f3gicos y experiencias que han emprendido en sus respectivos campos de conocimiento\u201d, dijo la investigadora.<\/p>\n<p class=\"p3\">A\u00f1adi\u00f3 que en el evento tambi\u00e9n se mostrar\u00e1n las experiencias comunitarias locales y de instituciones locales y federales que trabajan el medio ambiente.<\/p>\n<p class=\"p3\">Extendi\u00f3 un agradecimiento a las y los acad\u00e9micos y estudiantes que participan, provenientes de las facultades de Arquitectura e Historia, Instituto de Investigaciones en Educaci\u00f3n, Centro de EcoAlfabetizaci\u00f3n y Di\u00e1logo de Saberes y Centro de Investigaciones Tropicales por parte de la UV; as\u00ed como a la Universidad Nacional Aut\u00f3noma de M\u00e9xico, Instituto Polit\u00e9cnico Nacional, Centro de Investigaci\u00f3n y Docencia Econ\u00f3micas, Universidad Aut\u00f3noma Metropolitana, Tecnol\u00f3gico Nacional de M\u00e9xico \u2013Campus Orizaba\u2013,Universidad Aut\u00f3noma del Carmen, El Colegio de Veracruz y la Red Mexicana para la Restauraci\u00f3n Ambiental.<\/p>\n<p class=\"p1\">A la inauguraci\u00f3n atendieron representantes de la Oficina de Desarrollo Forestal de la Comisi\u00f3n Nacional Forestal (<i>Conafor<\/i>), del Departamento de Biodiversidad y Cambio Clim\u00e1tico del Ayuntamiento de Xalapa, y Noemi Uehara Guerrero, directora de la Facultad de Arquitectura.<\/p>\n","protected":false},"excerpt":{"rendered":"<p>El \u201cDi\u00e1logo sociodigital participativo sobre la restauraci\u00f3n socioambiental del territorio\u201d agrupa a expertos de la Universidad Veracruzana y otras instituciones educativas, as\u00ed como organizaciones de la sociedad civil.<\/p>\n","protected":false},"author":1775,"featured_media":116597,"comment_status":"closed","ping_status":"closed","sticky":false,"template":"","format":"standard","meta":[],"categories":[45,1],"tags":[4159,1285,7709,2954,7706,7682,7710,6462,2999,7708,7707],"_links":{"self":[{"href":"https:\/\/www.uv.mx\/prensa\/wp-json\/wp\/v2\/posts\/116589"}],"collection":[{"href":"https:\/\/www.uv.mx\/prensa\/wp-json\/wp\/v2\/posts"}],"about":[{"href":"https:\/\/www.uv.mx\/prensa\/wp-json\/wp\/v2\/types\/post"}],"author":[{"embeddable":true,"href":"https:\/\/www.uv.mx\/prensa\/wp-json\/wp\/v2\/users\/1775"}],"replies":[{"embeddable":true,"href":"https:\/\/www.uv.mx\/prensa\/wp-json\/wp\/v2\/comments?post=116589"}],"version-history":[{"count":1,"href":"https:\/\/www.uv.mx\/prensa\/wp-json\/wp\/v2\/posts\/116589\/revisions"}],"predecessor-version":[{"id":116640,"href":"https:\/\/www.uv.mx\/prensa\/wp-json\/wp\/v2\/posts\/116589\/revisions\/116640"}],"wp:featuredmedia":[{"embeddable":true,"href":"https:\/\/www.uv.mx\/prensa\/wp-json\/wp\/v2\/media\/116597"}],"wp:attachment":[{"href":"https:\/\/www.uv.mx\/prensa\/wp-json\/wp\/v2\/media?parent=116589"}],"wp:term":[{"taxonomy":"category","embeddable":true,"href":"https:\/\/www.uv.mx\/prensa\/wp-json\/wp\/v2\/categories?post=116589"},{"taxonomy":"post_tag","embeddable":true,"href":"https:\/\/www.uv.mx\/prensa\/wp-json\/wp\/v2\/tags?post=116589"}],"curies":[{"name":"wp","href":"https:\/\/api.w.org\/{rel}","templated":true}]}}