{"id":11662,"date":"2016-05-30T13:08:26","date_gmt":"2016-05-30T18:08:26","guid":{"rendered":"https:\/\/www.uv.mx\/prensa\/?p=11662"},"modified":"2016-05-30T13:08:26","modified_gmt":"2016-05-30T18:08:26","slug":"escribir-sobre-musica-un-documento-con-vision-latinoamericana","status":"publish","type":"post","link":"https:\/\/www.uv.mx\/prensa\/entrevista\/escribir-sobre-musica-un-documento-con-vision-latinoamericana\/","title":{"rendered":"Escribir sobre m\u00fasica, un documento con visi\u00f3n latinoamericana"},"content":{"rendered":"<ul>\n<li><em>Entrevista a Luca Chiantore<\/em><\/li>\n<li><i><em>\u201cNo pretendemos pontificar, aunque s\u00ed aportar normas de escritura e investigaci\u00f3n al redactar en castellano\u201d<\/em><\/i><\/li>\n<\/ul>\n<div id=\"attachment_11666\" style=\"width: 732px\" class=\"wp-caption aligncenter\"><a href=\"https:\/\/www.uv.mx\/prensa\/files\/2016\/05\/Entrevista-Luca-Chiantore-ok.jpg\"><img aria-describedby=\"caption-attachment-11666\" decoding=\"async\" loading=\"lazy\" class=\"size-full wp-image-11666\" src=\"https:\/\/www.uv.mx\/prensa\/files\/2016\/05\/Entrevista-Luca-Chiantore-ok.jpg\" alt=\"Luca Chiantore\" width=\"722\" height=\"482\" srcset=\"https:\/\/www.uv.mx\/prensa\/files\/2016\/05\/Entrevista-Luca-Chiantore-ok.jpg 722w, https:\/\/www.uv.mx\/prensa\/files\/2016\/05\/Entrevista-Luca-Chiantore-ok-300x200.jpg 300w\" sizes=\"(max-width: 722px) 100vw, 722px\" \/><\/a><p id=\"caption-attachment-11666\" class=\"wp-caption-text\">Luca Chiantore<\/p><\/div>\n<p>&nbsp;<\/p>\n<p><strong><em>Jorge V\u00e1zquez Pacheco<\/em><\/strong><\/p>\n<p>&nbsp;<\/p>\n<p>Luca Chiantore, pianista y music\u00f3logo de origen italiano, indic\u00f3 que el libro <em>Escribir sobre m\u00fasica<\/em> \u2013del cual es coautor junto con \u00c1urea Dom\u00ednguez y Silvia Mart\u00ednez\u2013 es producto de una recopilaci\u00f3n de nueve a\u00f1os de inquietudes.<\/p>\n<p>\u201cSomos de edades y perfiles distintos pero, a la vez, complementarios. El volumen refleja muchas de nuestras dudas, desde c\u00f3mo escribir los nombres de compositores, el empleo de min\u00fasculas o may\u00fasculas al escribir la tonalidad de las obras, hasta c\u00f3mo abordar una investigaci\u00f3n y c\u00f3mo referenciarse en lo que a los textos se refiere.\u201d<\/p>\n<p>Recientemente Chiantore visit\u00f3 Xalapa para la presentaci\u00f3n del libro y concedi\u00f3 la presente entrevista para <em>Universo<\/em>. Dijo que la redacci\u00f3n sobre asuntos musicales puede efectuarse desde diversos \u00e1ngulos del quehacer literario, y \u00e9stos pueden ser la divulgaci\u00f3n, la investigaci\u00f3n o el periodismo.<\/p>\n<p>\u201cLa cuesti\u00f3n es contar con criterios claros y \u00e9sa es nuestra intenci\u00f3n. No tanto proponer una regla, sino orientar en torno de qu\u00e9 camino tomar; nos pronunciamos a favor de otras maneras y otras opciones para abordar todo eso.\u201d<\/p>\n<p><strong><em>\u00bfQu\u00e9 atenci\u00f3n le merecen los nombres rusos y la propuesta de escribirlos de acuerdo a su fon\u00e9tica en castellano?<\/em><\/strong><\/p>\n<p>Eso es un buen ejemplo del tipo de problemas que plantea el alfabeto cir\u00edlico y su romanizaci\u00f3n, porque las normas oficiales de transcripci\u00f3n que se pueden emplear en el italiano no funcionan con el ruso. Podemos escribir <em>Rajmaninov<\/em> y nadie se escandalizar\u00e1, pero el asunto cambia cuando hablamos del pianista ruso Sviatoslav Richter, \u00bfescribiremos <em>Rijter<\/em>? Eso nadie lo ha visto as\u00ed y resulta inaceptable para muchos.<\/p>\n<p>Independientemente del instinto o la tradici\u00f3n \u2013que finalmente son muy importantes\u2013, necesitamos de una regla flexible y capaz de funcionar abiertamente; es asunto de entender la l\u00f3gica de un empleo com\u00fan y no de adoptar criterios encontrados por aqu\u00ed o por all\u00e1, o porque as\u00ed vimos el nombre escrito en la portada de un disco. De eso trata tambi\u00e9n nuestro libro, de entender que existen m\u00e1s v\u00edas que nos hacen m\u00e1s libres de preocuparnos de lo que realmente importa, que es el contenido.<\/p>\n<p><strong><em>\u00bfQu\u00e9 hay de nuestro lado en esta mesa, el periodismo cultural?<\/em><\/strong><\/p>\n<p>Desde luego que nos orientamos hacia un amplio abanico de lectores, desde los estudiantes de M\u00fasica que al final de su carrera deben presentar un trabajo redactado, o de quienes escriben las notas al programa de un concierto o un experto en la redacci\u00f3n period\u00edstica que se mueve necesariamente en los terrenos de la musicolog\u00eda y la educaci\u00f3n.<\/p>\n<p>Un comunicador h\u00e1bil es capaz de encontrar esa cercan\u00eda que, a la vez, est\u00e1 llena del rigor que hace al investigador profesional plantearse las mismas preguntas.<\/p>\n<p><strong><em>\u00bfQu\u00e9 otros puntos importantes a destacar encontramos en el libro?<\/em><\/strong><\/p>\n<p>Es un documento \u201cmilitante\u201d, en el sentido de que no s\u00f3lo aporta herramientas pr\u00e1cticas y casi de manual, sino tambi\u00e9n trata de cambiar ciertas cosas que parecen necesarias.<\/p>\n<p>Ciertamente ha sido escrito desde Espa\u00f1a, pero con la vocaci\u00f3n de pensar de forma por dem\u00e1s incluyente hacia el mundo iberoamericano. En el continente americano existen 22 pa\u00edses que hablan espa\u00f1ol, y eso para nosotros es importante. Hemos hecho un esfuerzo para que esos pa\u00edses sean visibilizados, porque hay gente que publica libros en Ecuador, Bolivia, Chile, y tambi\u00e9n tienen que estar sus especificidades.<\/p>\n<p>No intentamos pontificar, pero varias de las experiencias recogidas en nuestros viajes por Latinoam\u00e9rica est\u00e1n plasmadas en este libro.<\/p>\n<p><strong><em>El lado femenino, la m\u00fasica de corte popular, \u00bftienen cabida en su publicaci\u00f3n?<\/em><\/strong><\/p>\n<p>Nos interesa tambi\u00e9n la diversidad, el lado femenino. Nos encontramos con la idea de que quienes escriben sobre arte musical son varones nada m\u00e1s y eso no se ajusta a la realidad. Hay muchas mujeres, aunque s\u00f3lo por costumbre se nos ocurra que son hombres quienes ejercen este tipo de redacci\u00f3n. La producci\u00f3n de mujeres es necesaria e importante, sobre todo en M\u00e9xico.<\/p>\n<p>Sobre la denominada \u201cm\u00fasica popular\u201d, estamos en el entendido de que hablar de m\u00fasica es hablar de toda la m\u00fasica. Casi no acostumbramos escribir en torno de fen\u00f3menos muchos menos ligados a eso que conocemos como \u201calta cultura\u201d, pero que son muy interesantes.<\/p>\n<p>A todos se les ocurrir\u00e1 escribir una tesis sobre la m\u00fasica barroca, aunque pienso que tambi\u00e9n debemos intentar comprender acerca del reguet\u00f3n como fen\u00f3meno social, como una forma que parece primaria y sencilla pero que nos ayudar\u00e1 a entender mejor a la m\u00fasica como parte de la sociedad.<\/p>\n<p>Hay mucho trabajo pendiente al respecto, en un contexto en que nos encontramos lo mismo con Silvestre Revueltas que con Vicente Fern\u00e1ndez, con Bach y con Rub\u00e9n Blades. Tenemos la voluntad de diversificar la visibilidad de esas formas de m\u00fasica, de ayudar a escribir sobre elementos diversos.<\/p>\n<p>&nbsp;<\/p>\n<p>&nbsp;<\/p>\n","protected":false},"excerpt":{"rendered":"<p><strong><em>Jorge V\u00e1zquez Pacheco.-<\/em><\/strong> Luca Chiantore, pianista y music\u00f3logo de origen italiano, indic\u00f3 que el libro Escribir sobre m\u00fasica \u2013del cual es coautor junto con \u00c1urea Dom\u00ednguez y Silvia Mart\u00ednez\u2013 es producto de una recopilaci\u00f3n de nueve a\u00f1os de inquietudes.<\/p>\n","protected":false},"author":1809,"featured_media":11667,"comment_status":"closed","ping_status":"closed","sticky":false,"template":"","format":"standard","meta":[],"categories":[13],"tags":[21],"_links":{"self":[{"href":"https:\/\/www.uv.mx\/prensa\/wp-json\/wp\/v2\/posts\/11662"}],"collection":[{"href":"https:\/\/www.uv.mx\/prensa\/wp-json\/wp\/v2\/posts"}],"about":[{"href":"https:\/\/www.uv.mx\/prensa\/wp-json\/wp\/v2\/types\/post"}],"author":[{"embeddable":true,"href":"https:\/\/www.uv.mx\/prensa\/wp-json\/wp\/v2\/users\/1809"}],"replies":[{"embeddable":true,"href":"https:\/\/www.uv.mx\/prensa\/wp-json\/wp\/v2\/comments?post=11662"}],"version-history":[{"count":0,"href":"https:\/\/www.uv.mx\/prensa\/wp-json\/wp\/v2\/posts\/11662\/revisions"}],"wp:featuredmedia":[{"embeddable":true,"href":"https:\/\/www.uv.mx\/prensa\/wp-json\/wp\/v2\/media\/11667"}],"wp:attachment":[{"href":"https:\/\/www.uv.mx\/prensa\/wp-json\/wp\/v2\/media?parent=11662"}],"wp:term":[{"taxonomy":"category","embeddable":true,"href":"https:\/\/www.uv.mx\/prensa\/wp-json\/wp\/v2\/categories?post=11662"},{"taxonomy":"post_tag","embeddable":true,"href":"https:\/\/www.uv.mx\/prensa\/wp-json\/wp\/v2\/tags?post=11662"}],"curies":[{"name":"wp","href":"https:\/\/api.w.org\/{rel}","templated":true}]}}