{"id":116743,"date":"2022-06-02T13:44:31","date_gmt":"2022-06-02T18:44:31","guid":{"rendered":"https:\/\/www.uv.mx\/prensa\/?p=116743"},"modified":"2022-06-03T11:54:28","modified_gmt":"2022-06-03T16:54:28","slug":"parlamentos-han-defendido-mas-los-ddhh-que-los-jueces-francesco-ferraro","status":"publish","type":"post","link":"https:\/\/www.uv.mx\/prensa\/general\/parlamentos-han-defendido-mas-los-ddhh-que-los-jueces-francesco-ferraro\/","title":{"rendered":"Parlamentos han defendido m\u00e1s los DDHH que los jueces: Francesco Ferraro"},"content":{"rendered":"<ul class=\"ul1\">\n<li class=\"li1\"><span class=\"s2\"><i>Se asume que el Poder Legislativo debe atender problemas de bienestar p\u00fablico y el Judicial defender los derechos fundamentales, pero no siempre ha sido as\u00ed, asegur\u00f3 el profesor de la <\/i><\/span><span class=\"s3\"><i>Universidad de Mil\u00e1n, Italia<\/i><\/span><\/li>\n<\/ul>\n<p>&nbsp;<\/p>\n<div id=\"attachment_116745\" style=\"width: 732px\" class=\"wp-caption aligncenter\"><img aria-describedby=\"caption-attachment-116745\" decoding=\"async\" loading=\"lazy\" class=\"size-full wp-image-116745\" src=\"https:\/\/www.uv.mx\/prensa\/files\/2022\/06\/31052022-Conferencia-Francesco-Ferraro-1-100k.jpg\" alt=\"Francesco Ferraro, experto jurista italiano, ofreci\u00f3 una conferencia sobre la teor\u00eda de la legislaci\u00f3n y legisprudencia\" width=\"722\" height=\"453\" srcset=\"https:\/\/www.uv.mx\/prensa\/files\/2022\/06\/31052022-Conferencia-Francesco-Ferraro-1-100k.jpg 722w, https:\/\/www.uv.mx\/prensa\/files\/2022\/06\/31052022-Conferencia-Francesco-Ferraro-1-100k-300x188.jpg 300w, https:\/\/www.uv.mx\/prensa\/files\/2022\/06\/31052022-Conferencia-Francesco-Ferraro-1-100k-200x125.jpg 200w\" sizes=\"(max-width: 722px) 100vw, 722px\" \/><p id=\"caption-attachment-116745\" class=\"wp-caption-text\">Francesco Ferraro, experto jurista italiano, ofreci\u00f3 una conferencia sobre la teor\u00eda de la legislaci\u00f3n y legisprudencia<\/p><\/div>\n<p>&nbsp;<\/p>\n<p class=\"p1\"><b><i>Jos\u00e9 Luis Couttolenc Soto<\/i><\/b><\/p>\n<p class=\"p1\"><b><i>Fotos: Omar Portilla Palacios<\/i><\/b><\/p>\n<p class=\"p3\"><span class=\"s1\"><b><i>02\/06\/2022, Xalapa, Ver.- <\/i><\/b><\/span>Francesco Ferraro,<span class=\"s1\"> profesor de la <\/span>Universidad de Mil\u00e1n, Italia, ofreci\u00f3 en <span class=\"s1\">el<a href=\"https:\/\/www.uv.mx\/iij\/\" target=\"_blank\" rel=\"noopener\"> Instituto de Investigaciones Jur\u00eddicas<\/a> (IIJ) de la Universidad Veracruzana (UV) la <\/span>conferencia magistral virtual \u201cRacionalidad legislativa y motivaci\u00f3n de las leyes. Teor\u00eda de la legislaci\u00f3n y legisprudencia\u201d.<\/p>\n<p class=\"p1\">En su disertaci\u00f3n, que form\u00f3 parte del programa de Doctorado en Derecho que ofrece el IIJ, el jurista sostuvo que se asume que el Poder Legislativo tiene que encargarse de los problemas de bienestar p\u00fablico, y el Poder Judicial de defender los derechos fundamentales y humanos, \u201cpero no siempre ha sido as\u00ed, en ocasiones los parlamentos han promovido y defendido m\u00e1s los derechos que los jueces\u201d.<\/p>\n<p class=\"p1\">Mencion\u00f3 que pensadores como Adam Smith, Jean Jacques Rousseau, Gaetano Filangieri y Jeremy Bentham, basados en una codificaci\u00f3n legislativa, quisieron acabar con el viejo pluralismo de las fuentes, pero la separaci\u00f3n entre dogm\u00e1tica jur\u00eddica y las teor\u00edas del derecho y la legislaci\u00f3n no eran tan tajantes como en la actualidad.<\/p>\n<p class=\"p1\">En la \u00e9poca de las \u201cgrandes modificaciones\u201d, dijo, los c\u00f3digos y la legislaci\u00f3n se volvieron fuentes principales del derecho, los juristas se acostumbraron a razonar de <i>lege lata <\/i>y no de <i>lege ferenda, <\/i>\u201crazonan sobre c\u00f3mo interpretar la ley, pero no c\u00f3mo la ley deber\u00eda ser\u201d.<\/p>\n<p class=\"p3\"><span class=\"s1\"> Autor de cap\u00edtulos de libros sobre <\/span>el pensamiento de Bentham, utilitarismo y derechos, racionalidad y justificaci\u00f3n legislativa, <i>nudging<\/i> y an\u00e1lisis de los derechos fundamentales, Francesco Ferraro destac\u00f3 que la legisprudencia es una disciplina \u201cno tan nueva\u201d, en 1950 Julius Cohen acu\u00f1\u00f3 el t\u00e9rmino para indicar que \u00e9sta se dedicar\u00eda al estudio del papel central del legislador en el tema jur\u00eddico.<\/p>\n<p class=\"p3\">Apunt\u00f3 que en Estados Unidos se observa que los estudios de jurisprudencia se han centrado en problemas de interpretaci\u00f3n, decisi\u00f3n judicial y precedentes, que han llevado a lamentar que las disciplinas m\u00e1s te\u00f3ricas se ense\u00f1en poco en las facultades de Derecho, en donde la teor\u00eda es necesaria para una buena pr\u00e1ctica; \u201clo que se estudia para los ex\u00e1menes de los abogados casi siempre son casos y temas espec\u00edficos, y la jurisprudencia, como disciplina te\u00f3rica, necesita un clima en el que se estudien tambi\u00e9n aspectos no inmediatamente pr\u00e1cticos del derecho\u201d.<\/p>\n<div id=\"attachment_116746\" style=\"width: 732px\" class=\"wp-caption aligncenter\"><img aria-describedby=\"caption-attachment-116746\" decoding=\"async\" loading=\"lazy\" class=\"size-full wp-image-116746\" src=\"https:\/\/www.uv.mx\/prensa\/files\/2022\/06\/31052022-Conferencia-Francesco-Ferraro-2-100k.jpg\" alt=\"Nudging, ejemplo de legislaci\u00f3n fundada en la evidencia que ofrece soluciones de acuerdo a resultados de aplicaci\u00f3n de las ciencias y experimentos\" width=\"722\" height=\"440\" srcset=\"https:\/\/www.uv.mx\/prensa\/files\/2022\/06\/31052022-Conferencia-Francesco-Ferraro-2-100k.jpg 722w, https:\/\/www.uv.mx\/prensa\/files\/2022\/06\/31052022-Conferencia-Francesco-Ferraro-2-100k-300x183.jpg 300w\" sizes=\"(max-width: 722px) 100vw, 722px\" \/><p id=\"caption-attachment-116746\" class=\"wp-caption-text\">Nudging, ejemplo de legislaci\u00f3n fundada en la evidencia que ofrece soluciones de acuerdo a resultados de aplicaci\u00f3n de las ciencias y experimentos<\/p><\/div>\n<p>&nbsp;<\/p>\n<p class=\"p1\"><span class=\"s2\">Refiri\u00f3 que cada vez se pide m\u00e1s <\/span>una regulaci\u00f3n inteligente a trav\u00e9s de la aplicaci\u00f3n al derecho de m\u00e9todos cient\u00edficos y procedimientos de evaluaci\u00f3n con base en nuevas tecnolog\u00edas, que permitan una valoraci\u00f3n previa y sucesiva en cuanto a la emanaci\u00f3n de las normas.<\/p>\n<p class=\"p1\">La ciencia y la tecnolog\u00eda \u2013como instrumentos para la legislaci\u00f3n\u2013 ofrecen nuevas posibilidades de regulaci\u00f3n, y una de \u00e9stas es el <i>nudging, <\/i>es decir, \u201cla utilizaci\u00f3n de peque\u00f1os empujones\u201d.<\/p>\n<p class=\"p1\">El acad\u00e9mico expuso que a partir del a\u00f1o 2000 el <i>nudging <\/i>se populariz\u00f3 como instrumento de pol\u00edtica p\u00fablica basado en las ciencias del comportamiento; defini\u00f3 que es la intenci\u00f3n deliberada de alguien (<i>nudger<\/i>) para modificar el contexto concreto en el que otra persona (<i>nudged<\/i>) est\u00e1 decidiendo c\u00f3mo actuar.<\/p>\n<p class=\"p1\">El <i>nudging<\/i> puede ser un instrumento de pol\u00edtica p\u00fablica basado en la \u201carquitectura de la elecci\u00f3n\u201d, no se cambian las opciones disponibles y no se utilizan incentivos (positivos o negativos), se cambian las condiciones en que se elige c\u00f3mo actuar.<\/p>\n<p class=\"p1\">Para concluir, plante\u00f3 que el <i>nudging<\/i> es un ejemplo de legislaci\u00f3n fundada en la evidencia, y ofrece soluciones de acuerdo a resultados de aplicaci\u00f3n de las ciencias y experimentos.<\/p>\n","protected":false},"excerpt":{"rendered":"<p>Los juristas se acostumbraron a razonar de <i>lege lata<\/i> y no de <i>lege ferenda<\/i>, \u201crazonan sobre c\u00f3mo interpretar la ley, pero no c\u00f3mo la ley deber\u00eda ser\u201d<\/p>\n","protected":false},"author":1775,"featured_media":116745,"comment_status":"closed","ping_status":"closed","sticky":false,"template":"","format":"standard","meta":[],"categories":[1],"tags":[738,6163,7742,593,592,3383,4162,6462,1160,3719],"_links":{"self":[{"href":"https:\/\/www.uv.mx\/prensa\/wp-json\/wp\/v2\/posts\/116743"}],"collection":[{"href":"https:\/\/www.uv.mx\/prensa\/wp-json\/wp\/v2\/posts"}],"about":[{"href":"https:\/\/www.uv.mx\/prensa\/wp-json\/wp\/v2\/types\/post"}],"author":[{"embeddable":true,"href":"https:\/\/www.uv.mx\/prensa\/wp-json\/wp\/v2\/users\/1775"}],"replies":[{"embeddable":true,"href":"https:\/\/www.uv.mx\/prensa\/wp-json\/wp\/v2\/comments?post=116743"}],"version-history":[{"count":1,"href":"https:\/\/www.uv.mx\/prensa\/wp-json\/wp\/v2\/posts\/116743\/revisions"}],"predecessor-version":[{"id":116873,"href":"https:\/\/www.uv.mx\/prensa\/wp-json\/wp\/v2\/posts\/116743\/revisions\/116873"}],"wp:featuredmedia":[{"embeddable":true,"href":"https:\/\/www.uv.mx\/prensa\/wp-json\/wp\/v2\/media\/116745"}],"wp:attachment":[{"href":"https:\/\/www.uv.mx\/prensa\/wp-json\/wp\/v2\/media?parent=116743"}],"wp:term":[{"taxonomy":"category","embeddable":true,"href":"https:\/\/www.uv.mx\/prensa\/wp-json\/wp\/v2\/categories?post=116743"},{"taxonomy":"post_tag","embeddable":true,"href":"https:\/\/www.uv.mx\/prensa\/wp-json\/wp\/v2\/tags?post=116743"}],"curies":[{"name":"wp","href":"https:\/\/api.w.org\/{rel}","templated":true}]}}