{"id":117128,"date":"2022-06-07T16:38:14","date_gmt":"2022-06-07T21:38:14","guid":{"rendered":"https:\/\/www.uv.mx\/prensa\/?p=117128"},"modified":"2022-06-08T11:31:06","modified_gmt":"2022-06-08T16:31:06","slug":"comunidad-uv-participo-en-jornada-deportiva","status":"publish","type":"post","link":"https:\/\/www.uv.mx\/prensa\/regiones\/comunidad-uv-participo-en-jornada-deportiva\/","title":{"rendered":"Comunidad UV particip\u00f3 en jornada deportiva"},"content":{"rendered":"<p>&nbsp;<\/p>\n<ul class=\"ul1\">\n<li class=\"li1\"><i>\u201cEs la primera actividad en el marco del regreso a clases de manera paulatina\u201d: Eder Blen<\/i><\/li>\n<\/ul>\n<p>&nbsp;<\/p>\n<div id=\"attachment_117129\" style=\"width: 732px\" class=\"wp-caption aligncenter\"><img aria-describedby=\"caption-attachment-117129\" decoding=\"async\" loading=\"lazy\" class=\"size-full wp-image-117129\" src=\"https:\/\/www.uv.mx\/prensa\/files\/2022\/06\/070622-CELIA-Jornada-Deportiva-FCBA-1-100k.jpg\" alt=\"Taller de yoga\" width=\"722\" height=\"325\" srcset=\"https:\/\/www.uv.mx\/prensa\/files\/2022\/06\/070622-CELIA-Jornada-Deportiva-FCBA-1-100k.jpg 722w, https:\/\/www.uv.mx\/prensa\/files\/2022\/06\/070622-CELIA-Jornada-Deportiva-FCBA-1-100k-300x135.jpg 300w\" sizes=\"(max-width: 722px) 100vw, 722px\" \/><p id=\"caption-attachment-117129\" class=\"wp-caption-text\">Taller de yoga<\/p><\/div>\n<p>&nbsp;<\/p>\n<p class=\"p1\"><b><i>Alma Celia San Mart\u00edn Cruz<\/i><\/b><\/p>\n<p class=\"p1\"><b><i>07\/06\/2022, Tuxpan, Ver.-<\/i><\/b> La <a href=\"https:\/\/www.uv.mx\/pozarica\/servicios\/actividades-deportivas\/\" target=\"_blank\" rel=\"noopener\">Coordinaci\u00f3n Regional de Actividades Deportivas<\/a> de la Universidad Veracruzana (UV) realiz\u00f3 una jornada de actividades deportivas que incluyeron talleres de quiropr\u00e1ctica y yoga, as\u00ed como un conversatorio y torneos de futbol de sal\u00f3n y voleibol mixto, en los que participaron estudiantes, acad\u00e9micos y administrativos, teniendo como sede la Facultad de Ciencias Biol\u00f3gicas y Agropecuarias (FCBA).<\/p>\n<p class=\"p3\">Destac\u00f3 el taller de yoga, impartido por Susana P\u00e9rez Mart\u00ednez, que tuvo por objetivo coadyuvar en la mejora de la postura de los participantes a trav\u00e9s de diferentes tipos de movimientos corporales.<\/p>\n<div id=\"attachment_117130\" style=\"width: 732px\" class=\"wp-caption aligncenter\"><img aria-describedby=\"caption-attachment-117130\" decoding=\"async\" loading=\"lazy\" class=\"size-full wp-image-117130\" src=\"https:\/\/www.uv.mx\/prensa\/files\/2022\/06\/070622-CELIA-Jornada-Deportiva-FCBA-2-100k.jpg\" alt=\"Alumnos participantes en los torneos de futbol de sal\u00f3n y voleibol mixto\" width=\"722\" height=\"325\" srcset=\"https:\/\/www.uv.mx\/prensa\/files\/2022\/06\/070622-CELIA-Jornada-Deportiva-FCBA-2-100k.jpg 722w, https:\/\/www.uv.mx\/prensa\/files\/2022\/06\/070622-CELIA-Jornada-Deportiva-FCBA-2-100k-300x135.jpg 300w\" sizes=\"(max-width: 722px) 100vw, 722px\" \/><p id=\"caption-attachment-117130\" class=\"wp-caption-text\">Alumnos participantes en los torneos de futbol de sal\u00f3n y voleibol mixto<\/p><\/div>\n<p>&nbsp;<\/p>\n<p class=\"p3\">Posteriormente se realiz\u00f3 un conversatorio sobre cuidado personal, bucal y nutricional, en donde se hicieron recomendaciones para llevar un estilo de vida saludable, adem\u00e1s se realizaron ejercicios de entrenamiento f\u00edsico, de acuerdo a las condiciones de los participantes.<\/p>\n<p class=\"p3\">Al concluir esta actividad se llevaron a cabo valoraciones de postura corporal, detectando algunos problemas de cadera, dolores cervicales y lumbares. Se ofrecieron recomendaciones para tener una mejorar\u00eda en la calidad de vida.<\/p>\n<div id=\"attachment_117131\" style=\"width: 732px\" class=\"wp-caption aligncenter\"><img aria-describedby=\"caption-attachment-117131\" decoding=\"async\" loading=\"lazy\" class=\"size-full wp-image-117131\" src=\"https:\/\/www.uv.mx\/prensa\/files\/2022\/06\/070622-CELIA-Jornada-Deportiva-FCBA-3-100k.jpg\" alt=\"Conversatorio sobre cuidado personal y nutricional\" width=\"722\" height=\"325\" srcset=\"https:\/\/www.uv.mx\/prensa\/files\/2022\/06\/070622-CELIA-Jornada-Deportiva-FCBA-3-100k.jpg 722w, https:\/\/www.uv.mx\/prensa\/files\/2022\/06\/070622-CELIA-Jornada-Deportiva-FCBA-3-100k-300x135.jpg 300w\" sizes=\"(max-width: 722px) 100vw, 722px\" \/><p id=\"caption-attachment-117131\" class=\"wp-caption-text\">Conversatorio sobre cuidado personal y nutricional<\/p><\/div>\n<p>&nbsp;<\/p>\n<p class=\"p3\">Las actividades concluyeron con los torneos de futbol de sal\u00f3n y voleibol mixto, en los que participaron alumnos de Agronom\u00eda, Medicina Veterinaria, Biolog\u00eda, Biolog\u00eda Marina y Agronegocios Internacionales.<\/p>\n<p class=\"p3\">Eder Alfonso Blen Garc\u00eda, coordinador regional de Actividades Deportivas, coment\u00f3 que se tuvo una importante participaci\u00f3n de alumnos, acad\u00e9micos y directivos, en el marco del regreso paulatino a las actividades presenciales.<\/p>\n<div id=\"attachment_117132\" style=\"width: 732px\" class=\"wp-caption aligncenter\"><img aria-describedby=\"caption-attachment-117132\" decoding=\"async\" loading=\"lazy\" class=\"size-full wp-image-117132\" src=\"https:\/\/www.uv.mx\/prensa\/files\/2022\/06\/070622-CELIA-Jornada-Deportiva-FCBA-4-100k.jpg\" alt=\"Autoridades universitarias entregaron reconocimientos a los participantes\" width=\"722\" height=\"325\" srcset=\"https:\/\/www.uv.mx\/prensa\/files\/2022\/06\/070622-CELIA-Jornada-Deportiva-FCBA-4-100k.jpg 722w, https:\/\/www.uv.mx\/prensa\/files\/2022\/06\/070622-CELIA-Jornada-Deportiva-FCBA-4-100k-300x135.jpg 300w\" sizes=\"(max-width: 722px) 100vw, 722px\" \/><p id=\"caption-attachment-117132\" class=\"wp-caption-text\">Autoridades universitarias entregaron reconocimientos a los participantes<\/p><\/div>\n<p>&nbsp;<\/p>\n<p class=\"p3\">\u201cVimos un gran entusiasmo entre los participantes, siempre contando con el apoyo y disposici\u00f3n de las autoridades de la FCBA\u201d, enfatiz\u00f3.<\/p>\n<p class=\"p3\">Adicionalmente, se coloc\u00f3 un m\u00f3dulo de evaluaci\u00f3n f\u00edsica, a cargo de Alejandra Flores Prior; Denisse Olivares Romero fue la responsable de la organizaci\u00f3n del evento y Elner Andr\u00e9 Redondo Loya le auxili\u00f3 en la log\u00edstica.<\/p>\n","protected":false},"excerpt":{"rendered":"<p>Hubo talleres de quiropr\u00e1ctica y yoga, as\u00ed como un conversatorio y torneos de futbol de sal\u00f3n y voleibol mixto<\/p>\n","protected":false},"author":1775,"featured_media":117131,"comment_status":"closed","ping_status":"closed","sticky":false,"template":"","format":"standard","meta":[],"categories":[54,32],"tags":[712,7854,4339,813,7122,559,1720,376,7852,1189,7851,2291,6768,7853,1817],"_links":{"self":[{"href":"https:\/\/www.uv.mx\/prensa\/wp-json\/wp\/v2\/posts\/117128"}],"collection":[{"href":"https:\/\/www.uv.mx\/prensa\/wp-json\/wp\/v2\/posts"}],"about":[{"href":"https:\/\/www.uv.mx\/prensa\/wp-json\/wp\/v2\/types\/post"}],"author":[{"embeddable":true,"href":"https:\/\/www.uv.mx\/prensa\/wp-json\/wp\/v2\/users\/1775"}],"replies":[{"embeddable":true,"href":"https:\/\/www.uv.mx\/prensa\/wp-json\/wp\/v2\/comments?post=117128"}],"version-history":[{"count":1,"href":"https:\/\/www.uv.mx\/prensa\/wp-json\/wp\/v2\/posts\/117128\/revisions"}],"predecessor-version":[{"id":117215,"href":"https:\/\/www.uv.mx\/prensa\/wp-json\/wp\/v2\/posts\/117128\/revisions\/117215"}],"wp:featuredmedia":[{"embeddable":true,"href":"https:\/\/www.uv.mx\/prensa\/wp-json\/wp\/v2\/media\/117131"}],"wp:attachment":[{"href":"https:\/\/www.uv.mx\/prensa\/wp-json\/wp\/v2\/media?parent=117128"}],"wp:term":[{"taxonomy":"category","embeddable":true,"href":"https:\/\/www.uv.mx\/prensa\/wp-json\/wp\/v2\/categories?post=117128"},{"taxonomy":"post_tag","embeddable":true,"href":"https:\/\/www.uv.mx\/prensa\/wp-json\/wp\/v2\/tags?post=117128"}],"curies":[{"name":"wp","href":"https:\/\/api.w.org\/{rel}","templated":true}]}}