{"id":117240,"date":"2022-06-10T15:29:30","date_gmt":"2022-06-10T20:29:30","guid":{"rendered":"https:\/\/www.uv.mx\/prensa\/?p=117240"},"modified":"2022-06-14T14:13:43","modified_gmt":"2022-06-14T19:13:43","slug":"flm-y-uv-realizaran-el-xiv-curso-de-creacion-literaria-para-jovenes","status":"publish","type":"post","link":"https:\/\/www.uv.mx\/prensa\/cultura\/flm-y-uv-realizaran-el-xiv-curso-de-creacion-literaria-para-jovenes\/","title":{"rendered":"FLM y UV realizar\u00e1n el XIV curso de Creaci\u00f3n Literaria para J\u00f3venes"},"content":{"rendered":"<ul class=\"ul1\">\n<li class=\"li1\"><i>Por la FLM asistir\u00e1n su presidente, Miguel Lim\u00f3n Rojas, y su director general, Eduardo Langagne<\/i><\/li>\n<li class=\"li1\"><i>El escritor Eduardo Antonio Parra dar\u00e1 la conferencia de apertura <\/i><\/li>\n<\/ul>\n<p>&nbsp;<\/p>\n<p><img decoding=\"async\" loading=\"lazy\" class=\"size-full wp-image-117321 aligncenter\" src=\"https:\/\/www.uv.mx\/prensa\/files\/2022\/06\/07062022-KARINA-Curso-de-creacio\u0301n-literaria-01-100k.jpg\" alt=\"\" width=\"722\" height=\"380\" srcset=\"https:\/\/www.uv.mx\/prensa\/files\/2022\/06\/07062022-KARINA-Curso-de-creacio\u0301n-literaria-01-100k.jpg 722w, https:\/\/www.uv.mx\/prensa\/files\/2022\/06\/07062022-KARINA-Curso-de-creacio\u0301n-literaria-01-100k-300x158.jpg 300w\" sizes=\"(max-width: 722px) 100vw, 722px\" \/><\/p>\n<p>&nbsp;<\/p>\n<p class=\"p1\"><b><i>Karina de la Paz Reyes D\u00edaz<\/i><\/b><\/p>\n<p class=\"p1\"><b><i>10\/06\/2022, Xalapa, Ver.- <\/i><\/b>La <a href=\"https:\/\/www.uv.mx\/\" target=\"_blank\" rel=\"noopener\">Universidad Veracruzana<\/a> (UV) y la Fundaci\u00f3n para las Letras Mexicanas (FLM) realizar\u00e1n del 20 al 30 de junio la decimocuarta edici\u00f3n del curso Creaci\u00f3n Literaria para J\u00f3venes, que se imparte en esta casa de estudios.<\/p>\n<p class=\"p3\">El escritor y ensayista mexicano Eduardo Antonio Parra, autor de obras como <i>Nadie los vio salir<\/i> (Ediciones Era, 2001), Premio Internacional de Cuento \u201cJuan Rulfo\u201d, dar\u00e1 la conferencia de apertura, titulada \u201cEscritura y tradici\u00f3n\u201d. La cita es el lunes 20 de junio, a las 10:30 horas en el Sal\u00f3n Azul de la Unidad de Humanidades.<\/p>\n<p class=\"p3\">Enseguida se desarrollar\u00e1 el acto inaugural, en el que participar\u00e1n autoridades de la UV como el propio rector, Mart\u00edn Aguilar S\u00e1nchez; la secretaria Acad\u00e9mica, Elena Rustri\u00e1n Portilla; la directora general del \u00c1rea Acad\u00e9mica de Humanidades, Yolanda Francisca Gonz\u00e1lez Molohua, y el director general de Investigaciones, Juan Ortiz Escamilla.<\/p>\n<p class=\"p3\">Por parte de la FLM asistir\u00e1n su presidente, Miguel Lim\u00f3n Rojas, y su director general, Eduardo Langagne.<\/p>\n<div id=\"attachment_117241\" style=\"width: 421px\" class=\"wp-caption aligncenter\"><img aria-describedby=\"caption-attachment-117241\" decoding=\"async\" loading=\"lazy\" class=\"size-full wp-image-117241\" src=\"https:\/\/www.uv.mx\/prensa\/files\/2022\/06\/07062022-KARINA-Curso-de-creacio\u0301n-literaria-100k.jpg\" alt=\"Este evento re\u00fane a personalidades de la literatura y de la cr\u00edtica literaria, quienes imparten talleres, conferencias, charlas, lecturas, entre otras actividades\" width=\"411\" height=\"480\" srcset=\"https:\/\/www.uv.mx\/prensa\/files\/2022\/06\/07062022-KARINA-Curso-de-creacio\u0301n-literaria-100k.jpg 411w, https:\/\/www.uv.mx\/prensa\/files\/2022\/06\/07062022-KARINA-Curso-de-creacio\u0301n-literaria-100k-257x300.jpg 257w\" sizes=\"(max-width: 411px) 100vw, 411px\" \/><p id=\"caption-attachment-117241\" class=\"wp-caption-text\">Este evento re\u00fane a personalidades de la literatura y de la cr\u00edtica literaria, quienes imparten talleres, conferencias, charlas, lecturas, entre otras actividades<\/p><\/div>\n<p>&nbsp;<\/p>\n<p class=\"p3\">Este evento, que de manera colaborativa realizan la UV y la FLM, re\u00fane a personalidades de la literatura y de la cr\u00edtica literaria, quienes imparten talleres de narrativa, dramaturgia, ensayo y poes\u00eda, as\u00ed como conferencias, ciclos de lectura y presentaciones editoriales.<\/p>\n<p class=\"p1\">En esta edici\u00f3n participar\u00e1n: Agust\u00edn del Moral Tejeda, \u00c1ngel Fern\u00e1ndez Arriola, C\u00e9sar Silva M\u00e1rquez, Claudia Elisa Gidi Blanchet, Dal\u00ed Corona, Leticia Mora Perdomo, Luis Flores Romero, Mario Mu\u00f1oz, Jos\u00e9 Miguel Barajas, Nidia Vincent Ortega, Octavio Rivera Krakowska, Rafael Toriz, Raquel Velasco Gonz\u00e1lez, Shanik S\u00e1nchez, Silvia Pel\u00e1ez, V\u00edctor Hugo V\u00e1squez, Yuliana Rivera, David Olgu\u00edn, Geney Beltr\u00e1n, Jorge von Ziegler y Mar\u00eda Baranda.<\/p>\n<p class=\"p3\">Fueron 25 los j\u00f3venes creadores del pa\u00eds seleccionados para asistir a este curso \u2013cuyas edades oscilan <span class=\"s1\">entre los 18 y 22 a\u00f1os\u2013<\/span>, provenientes del Estado de M\u00e9xico, Guanajuato, Jalisco, Coahuila, Ciudad de M\u00e9xico, Aguascalientes, Puebla, Yucat\u00e1n, Chihuahua, Morelos, Nuevo Le\u00f3n y naturalmente de Veracruz.<\/p>\n","protected":false},"excerpt":{"rendered":"<p>La cita es el lunes 20 de junio, a las 10:30 horas en el Sal\u00f3n Azul de la Unidad de Humanidades. <\/p>\n","protected":false},"author":1775,"featured_media":117322,"comment_status":"closed","ping_status":"closed","sticky":false,"template":"","format":"standard","meta":[],"categories":[11,47,61],"tags":[7871,490,7872,2338,1547,4015,5876,4827],"_links":{"self":[{"href":"https:\/\/www.uv.mx\/prensa\/wp-json\/wp\/v2\/posts\/117240"}],"collection":[{"href":"https:\/\/www.uv.mx\/prensa\/wp-json\/wp\/v2\/posts"}],"about":[{"href":"https:\/\/www.uv.mx\/prensa\/wp-json\/wp\/v2\/types\/post"}],"author":[{"embeddable":true,"href":"https:\/\/www.uv.mx\/prensa\/wp-json\/wp\/v2\/users\/1775"}],"replies":[{"embeddable":true,"href":"https:\/\/www.uv.mx\/prensa\/wp-json\/wp\/v2\/comments?post=117240"}],"version-history":[{"count":1,"href":"https:\/\/www.uv.mx\/prensa\/wp-json\/wp\/v2\/posts\/117240\/revisions"}],"predecessor-version":[{"id":117628,"href":"https:\/\/www.uv.mx\/prensa\/wp-json\/wp\/v2\/posts\/117240\/revisions\/117628"}],"wp:featuredmedia":[{"embeddable":true,"href":"https:\/\/www.uv.mx\/prensa\/wp-json\/wp\/v2\/media\/117322"}],"wp:attachment":[{"href":"https:\/\/www.uv.mx\/prensa\/wp-json\/wp\/v2\/media?parent=117240"}],"wp:term":[{"taxonomy":"category","embeddable":true,"href":"https:\/\/www.uv.mx\/prensa\/wp-json\/wp\/v2\/categories?post=117240"},{"taxonomy":"post_tag","embeddable":true,"href":"https:\/\/www.uv.mx\/prensa\/wp-json\/wp\/v2\/tags?post=117240"}],"curies":[{"name":"wp","href":"https:\/\/api.w.org\/{rel}","templated":true}]}}