{"id":117247,"date":"2022-06-08T16:36:36","date_gmt":"2022-06-08T21:36:36","guid":{"rendered":"https:\/\/www.uv.mx\/prensa\/?p=117247"},"modified":"2022-06-09T12:27:46","modified_gmt":"2022-06-09T17:27:46","slug":"uv-designo-directores-en-la-unidad-de-ingenieria-veracruz","status":"publish","type":"post","link":"https:\/\/www.uv.mx\/prensa\/regiones\/uv-designo-directores-en-la-unidad-de-ingenieria-veracruz\/","title":{"rendered":"UV design\u00f3 directores en la Unidad de Ingenier\u00eda Veracruz"},"content":{"rendered":"<p>&nbsp;<\/p>\n<ul>\n<li><em>La integran las facultades de Ciencias Qu\u00edmicas, Ingenier\u00eda Mec\u00e1nica y Ciencias Navales, Ingenier\u00eda El\u00e9ctrica y Electr\u00f3nica, e<\/em> <em>Ingenier\u00eda de la Construcci\u00f3n y el H\u00e1bitat<\/em><\/li>\n<li><em>Se trata de dos nuevos nombramientos y dos ratificaciones<\/em><\/li>\n<\/ul>\n<p>&nbsp;<\/p>\n<div id=\"attachment_117248\" style=\"width: 732px\" class=\"wp-caption aligncenter\"><img aria-describedby=\"caption-attachment-117248\" decoding=\"async\" loading=\"lazy\" class=\"size-full wp-image-117248\" src=\"https:\/\/www.uv.mx\/prensa\/files\/2022\/06\/070622-VERACRUZ-Nombramientos-directores-Unidad-de-Ingenieria-1.jpg\" alt=\"\" width=\"722\" height=\"284\" srcset=\"https:\/\/www.uv.mx\/prensa\/files\/2022\/06\/070622-VERACRUZ-Nombramientos-directores-Unidad-de-Ingenieria-1.jpg 722w, https:\/\/www.uv.mx\/prensa\/files\/2022\/06\/070622-VERACRUZ-Nombramientos-directores-Unidad-de-Ingenieria-1-300x118.jpg 300w\" sizes=\"(max-width: 722px) 100vw, 722px\" \/><p id=\"caption-attachment-117248\" class=\"wp-caption-text\">La UV entreg\u00f3 nombramientos a directores de las cuatro facultades que integran la Unidad de Ingenier\u00eda<\/p><\/div>\n<p><strong><em>\u00a0<\/em><\/strong><\/p>\n<p><strong><em>Shuguey Enr\u00edquez Ambell y Blanca Gonz\u00e1lez<\/em><\/strong><\/p>\n<p><strong><em>Fotos: Aracely Hern\u00e1ndez<\/em><\/strong><\/p>\n<p><strong><em>08\/06\/2022, Boca del R\u00edo, Ver.-<\/em><\/strong> Elena Rustri\u00e1n Portilla, secretaria Acad\u00e9mica de la <a href=\"https:\/\/www.uv.mx\/\" target=\"_blank\" rel=\"noopener\">Universidad Veracruzana<\/a> (UV), en representaci\u00f3n del rector Mart\u00edn Aguilar S\u00e1nchez, entreg\u00f3 nombramientos y ratificaciones a quienes se desempe\u00f1ar\u00e1n como directores en las cuatro facultades que integran la Unidad de Ingenier\u00eda de la regi\u00f3n Veracruz.<\/p>\n<p>Yolanda Lagunes Paredes y Francisco Ortiz Mart\u00ednez lideran las facultades de Ciencias Qu\u00edmicas (FCQ) e Ingenier\u00eda Mec\u00e1nica y Ciencias Navales (FIMCN), respectivamente. Mientras que Luis H\u00e9ctor Porragas Beltr\u00e1n y Jes\u00fas Mart\u00edn Santamar\u00eda L\u00f3pez fueron ratificados en las direcciones de las facultades de Ingenier\u00eda El\u00e9ctrica y Electr\u00f3nica (FIEE) e Ingenier\u00eda de la Construcci\u00f3n y el H\u00e1bitat (FICH).<\/p>\n<p>La ceremonia se realiz\u00f3 en el auditorio de la Unidad de Ingenier\u00eda y cont\u00f3 con la presencia de las autoridades regionales: Rub\u00e9n Edel Navarro, vicerrector; Claudia Beatriz Enr\u00edquez Hern\u00e1ndez, secretaria Acad\u00e9mica; Sergio Federico Toledo Barrios, secretario de Administraci\u00f3n y Finanzas.<\/p>\n<p>Adem\u00e1s, Arturo V\u00e1zquez Honorato, director general del \u00c1rea Acad\u00e9mica T\u00e9cnica; Enrique Levet Gorozpe y Felipe Verdalet Guzm\u00e1n, secretarios general y regional del Sindicato del Personal Acad\u00e9mico (<em>Fesapauv<\/em>), en ese orden.<\/p>\n<p>En su mensaje, Rustri\u00e1n Portilla mencion\u00f3 que, como parte del papel de liderazgo de los directores o directoras, entre otras responsabilidades, debe \u201cdar servicio, ser confiable, desempe\u00f1ar un papel moral, actuar como guardi\u00e1n, construir comunidades diversas con confianza y colaboraci\u00f3n, y promover la excelencia\u201d.<\/p>\n<p>Por lo que agradeci\u00f3 a los nuevos directores por \u201caceptar esta importante encomienda, con la convicci\u00f3n de que el trabajo colaborativo, la aplicaci\u00f3n de la normatividad, la cercan\u00eda y sensibilidad hacia sus comunidades siempre dar\u00e1n nobles frutos en beneficio de la formaci\u00f3n integral de nuestros estudiantes\u201d.<\/p>\n<p>En tanto, Edel Navarro reconoci\u00f3 que las actividades m\u00e1s importantes de una Direcci\u00f3n, no son las meramente administrativas y de gesti\u00f3n, sino aquellas imbricadas con problem\u00e1ticas de car\u00e1cter humano. Los objetivos \u201cson aunar voluntades, atemperar voces y pulir ideas mediante el di\u00e1logo y la observancia de las m\u00e1s elementales disposiciones legales.<\/p>\n<p>&nbsp;<\/p>\n<div id=\"attachment_117249\" style=\"width: 732px\" class=\"wp-caption aligncenter\"><img aria-describedby=\"caption-attachment-117249\" decoding=\"async\" loading=\"lazy\" class=\"size-full wp-image-117249\" src=\"https:\/\/www.uv.mx\/prensa\/files\/2022\/06\/070622-VERACRUZ-Nombramientos-directores-Unidad-de-Ingenieria-2.jpg\" alt=\"\" width=\"722\" height=\"481\" srcset=\"https:\/\/www.uv.mx\/prensa\/files\/2022\/06\/070622-VERACRUZ-Nombramientos-directores-Unidad-de-Ingenieria-2.jpg 722w, https:\/\/www.uv.mx\/prensa\/files\/2022\/06\/070622-VERACRUZ-Nombramientos-directores-Unidad-de-Ingenieria-2-300x200.jpg 300w\" sizes=\"(max-width: 722px) 100vw, 722px\" \/><p id=\"caption-attachment-117249\" class=\"wp-caption-text\">La secretaria Acad\u00e9mica, Elena Rustri\u00e1n Portilla, entreg\u00f3 nuevos nombramientos y ratificaciones<\/p><\/div>\n<p>&nbsp;<\/p>\n<p>\u201dEstoy convencido de que \u00e9ste es el camino ante los procesos ex\u00f3genos; si \u00e9stos fueran negativos para nuestra Universidad, es posible levantar una pared s\u00f3lida con procesos end\u00f3genos apoyados en argumentos razonables, debatidos, consensuados y defendidos con valent\u00eda por todos nosotros, siempre unidos, nunca separados\u201d, puntualiz\u00f3.<\/p>\n<p>Lagunes Paredes, director de la FCQ, se comprometi\u00f3 a llevar una gesti\u00f3n inclusiva y hacia una visi\u00f3n de los egresados. \u201cEs mi deseo y compromiso, con la ayuda de la comunidad acad\u00e9mica, contribuir en la formaci\u00f3n de los estudiantes para que egresen profesionistas integrales, centrados en valores, en los derechos humanos, en el respeto a s\u00ed mismos y al medio ambiente, y comprometidos con la sociedad para contribuir en el desarrollo de esta regi\u00f3n, del estado de Veracruz y de M\u00e9xico\u201d.<\/p>\n<p>Por su parte, Porragas Beltr\u00e1n, director de la FIEE, manifest\u00f3 su agradecimiento por ser nuevamente distinguido con su nombramiento. Dijo que en esta nueva etapa de su gesti\u00f3n se redoblar\u00e1n esfuerzos para continuar con el proceso de consolidaci\u00f3n \u201ca trav\u00e9s de afianzar la calidad acad\u00e9mica, la mejora continua de la infraestructura y, sobre todo, de integrar un ambiente laboral sano que fortalezca a la ingenier\u00eda.<\/p>\n<p>\u201dQuienes conformamos esta comunidad acad\u00e9mica hemos vivido cambios y no ha sido sencillo, pero considero que ha valido la pena; en estos cuatro a\u00f1os hemos adquirido experiencia y se ha desarrollado hermandad entre directores y secretarios de la Facultad, as\u00ed como en los equipos de trabajo administrativo, t\u00e9cnico y manual. Agradezco el gran compromiso de la planta acad\u00e9mica y a los diferentes representantes de <em>Fesapauv<\/em> por tener siempre la disposici\u00f3n para dialogar y llegar acuerdos en el beneficio de la entidad y sobre todo de la UV\u201d, abund\u00f3.<\/p>\n<p>Santamar\u00eda L\u00f3pez, director de la FICH, agradeci\u00f3 a la comunidad por el gran apoyo que le brind\u00f3 en sus cuatro a\u00f1os de gesti\u00f3n. \u201cHa sido un gran reto discernir lo que hab\u00eda que hacer para mejorar muchas cosas en las que ten\u00edamos problemas, pero tengo confianza en que nuestro equipo de trabajo tiene la capacidad para resolver cualquier problem\u00e1tica que se presente\u201d.<\/p>\n<p>Adelant\u00f3 que entre los planes a corto plazo est\u00e1 \u201cresolver la actualizaci\u00f3n del plan de trabajo, que va ser necesario adaptar a la nueva realidad a la cual nos vamos a enfrentar en agosto\u201d.<\/p>\n<p>Por \u00faltimo, Francisco Ortiz Mart\u00ednez, director de la FIMCN, dijo que la ratificaci\u00f3n llega en una etapa \u201cdonde tenemos que regresar a una nueva normalidad para todos\u201d. Exhort\u00f3 a continuar trabajando para lograr los objetivos que la UV demanda, as\u00ed como no olvidar que los estudiantes son la raz\u00f3n de ser.<\/p>\n<p>&nbsp;<\/p>\n<div id=\"attachment_117250\" style=\"width: 732px\" class=\"wp-caption aligncenter\"><img aria-describedby=\"caption-attachment-117250\" decoding=\"async\" loading=\"lazy\" class=\"size-full wp-image-117250\" src=\"https:\/\/www.uv.mx\/prensa\/files\/2022\/06\/070622-VERACRUZ-Nombramientos-directores-Unidad-de-Ingenieria-3.jpg\" alt=\"\" width=\"722\" height=\"481\" srcset=\"https:\/\/www.uv.mx\/prensa\/files\/2022\/06\/070622-VERACRUZ-Nombramientos-directores-Unidad-de-Ingenieria-3.jpg 722w, https:\/\/www.uv.mx\/prensa\/files\/2022\/06\/070622-VERACRUZ-Nombramientos-directores-Unidad-de-Ingenieria-3-300x200.jpg 300w\" sizes=\"(max-width: 722px) 100vw, 722px\" \/><p id=\"caption-attachment-117250\" class=\"wp-caption-text\">El vicerrector Rub\u00e9n Edel Navarro exhort\u00f3 a la comunidad universitaria a continuar trabajando unidos hacia los objetivos de la UV<\/p><\/div>\n","protected":false},"excerpt":{"rendered":"<p>Las responsabilidades que tienen son: \u201cdar servicio, ser confiable, desempe\u00f1ar un papel moral, actuar como guardi\u00e1n, construir comunidades diversas con confianza y colaboraci\u00f3n, y promover la excelencia\u201d: Elena Rustri\u00e1n<\/p>\n","protected":false},"author":1869,"featured_media":117248,"comment_status":"closed","ping_status":"closed","sticky":false,"template":"","format":"standard","meta":[],"categories":[32,55],"tags":[],"_links":{"self":[{"href":"https:\/\/www.uv.mx\/prensa\/wp-json\/wp\/v2\/posts\/117247"}],"collection":[{"href":"https:\/\/www.uv.mx\/prensa\/wp-json\/wp\/v2\/posts"}],"about":[{"href":"https:\/\/www.uv.mx\/prensa\/wp-json\/wp\/v2\/types\/post"}],"author":[{"embeddable":true,"href":"https:\/\/www.uv.mx\/prensa\/wp-json\/wp\/v2\/users\/1869"}],"replies":[{"embeddable":true,"href":"https:\/\/www.uv.mx\/prensa\/wp-json\/wp\/v2\/comments?post=117247"}],"version-history":[{"count":1,"href":"https:\/\/www.uv.mx\/prensa\/wp-json\/wp\/v2\/posts\/117247\/revisions"}],"predecessor-version":[{"id":117345,"href":"https:\/\/www.uv.mx\/prensa\/wp-json\/wp\/v2\/posts\/117247\/revisions\/117345"}],"wp:featuredmedia":[{"embeddable":true,"href":"https:\/\/www.uv.mx\/prensa\/wp-json\/wp\/v2\/media\/117248"}],"wp:attachment":[{"href":"https:\/\/www.uv.mx\/prensa\/wp-json\/wp\/v2\/media?parent=117247"}],"wp:term":[{"taxonomy":"category","embeddable":true,"href":"https:\/\/www.uv.mx\/prensa\/wp-json\/wp\/v2\/categories?post=117247"},{"taxonomy":"post_tag","embeddable":true,"href":"https:\/\/www.uv.mx\/prensa\/wp-json\/wp\/v2\/tags?post=117247"}],"curies":[{"name":"wp","href":"https:\/\/api.w.org\/{rel}","templated":true}]}}