{"id":117333,"date":"2022-06-10T08:00:17","date_gmt":"2022-06-10T13:00:17","guid":{"rendered":"https:\/\/www.uv.mx\/prensa\/?p=117333"},"modified":"2022-06-14T14:16:08","modified_gmt":"2022-06-14T19:16:08","slug":"100-por-ciento-halcon-uv-olivia-reyna","status":"publish","type":"post","link":"https:\/\/www.uv.mx\/prensa\/banner\/100-por-ciento-halcon-uv-olivia-reyna\/","title":{"rendered":"100 por ciento Halc\u00f3n UV: Olivia Reyna"},"content":{"rendered":"<p>&nbsp;<\/p>\n<ul>\n<li><em>\u201cToda mujer debe estar segura que no hay obst\u00e1culo que le impida hacer lo que m\u00e1s le guste\u201d<\/em><\/li>\n<li><em>Se titul\u00f3 con el proyecto de investigaci\u00f3n \u201cActividad antiproliferativa de extractos de vainilla en c\u00e9lulas malignas de pr\u00f3stata\u201d, bajo la direcci\u00f3n de Leticia Cano<\/em><\/li>\n<\/ul>\n<p>&nbsp;<\/p>\n<div id=\"attachment_117334\" style=\"width: 491px\" class=\"wp-caption aligncenter\"><img aria-describedby=\"caption-attachment-117334\" decoding=\"async\" loading=\"lazy\" class=\"size-full wp-image-117334\" src=\"https:\/\/www.uv.mx\/prensa\/files\/2022\/06\/070622-PAOLA-Entrevista-Olivia-Reyna.jpg\" alt=\"\" width=\"481\" height=\"481\" srcset=\"https:\/\/www.uv.mx\/prensa\/files\/2022\/06\/070622-PAOLA-Entrevista-Olivia-Reyna.jpg 481w, https:\/\/www.uv.mx\/prensa\/files\/2022\/06\/070622-PAOLA-Entrevista-Olivia-Reyna-300x300.jpg 300w, https:\/\/www.uv.mx\/prensa\/files\/2022\/06\/070622-PAOLA-Entrevista-Olivia-Reyna-150x150.jpg 150w, https:\/\/www.uv.mx\/prensa\/files\/2022\/06\/070622-PAOLA-Entrevista-Olivia-Reyna-120x120.jpg 120w, https:\/\/www.uv.mx\/prensa\/files\/2022\/06\/070622-PAOLA-Entrevista-Olivia-Reyna-360x360.jpg 360w\" sizes=\"(max-width: 481px) 100vw, 481px\" \/><p id=\"caption-attachment-117334\" class=\"wp-caption-text\">Olivia Reyna, uno de los mejores promedios de posgrado del \u00c1rea Acad\u00e9mica de Ciencias Biol\u00f3gicas y Agropecuarias<\/p><\/div>\n<p><strong><em>\u00a0<\/em><\/strong><\/p>\n<blockquote><p>A las universitarias que son madres les recomend\u00f3 mantener la calma y pedir apoyo a sus profesores, aunque se piense que son ajenos a sus vidas, ellos al tener una familia pueden ser emp\u00e1ticos con la situaci\u00f3n.<\/p><\/blockquote>\n<p><strong><em>\u00a0<\/em><\/strong><\/p>\n<p><strong><em>Texto y fotos: Paola Cort\u00e9s P\u00e9rez<\/em><\/strong><\/p>\n<p><strong><em>10\/06\/2022, Xalapa, Ver.-<\/em><\/strong> Olivia Reyna S\u00e1nchez, egresada de la Maestr\u00eda en Ecolog\u00eda Tropical de la Universidad Veracruzana (UV), es una de las integrantes de la comunidad estudiantil que obtuvo el m\u00e1s alto promedio a nivel de posgrado del <a href=\"https:\/\/www.uv.mx\/bio-agro\/\" target=\"_blank\" rel=\"noopener\">\u00c1rea Acad\u00e9mica de Ciencias Biol\u00f3gicas y Agropecuarias<\/a>, en el semestre agosto 2021-enero 2022.<\/p>\n<p>Al recibir la noticia dijo que se trat\u00f3 de una grata sorpresa, ya que no esperaba recibir tal reconocimiento, sobre todo despu\u00e9s de vivir en aislamiento durante dos a\u00f1os, debido a la pandemia.<\/p>\n<p>\u201cFue muy emotivo para m\u00ed porque es la representaci\u00f3n de la culminaci\u00f3n de muchos proyectos que ten\u00eda en mente, y como madre soltera represent\u00f3 un reto el estudiar el posgrado.\u201d<\/p>\n<p>Al preguntarle si existe alguna receta m\u00e1gica para lograr las metas planteadas, comparti\u00f3 que para ella lo fue la organizaci\u00f3n para empatar horarios y actividades \u2013acad\u00e9micas y personales\u2013 \u201cy dedicar tiempos concretos a cada una de las tareas, porque muchas veces tendemos a la procrastinaci\u00f3n o en casa el tiempo se nos va en realizar las actividades dom\u00e9sticas\u201d.<\/p>\n<p>&nbsp;<\/p>\n<p><strong>La vainilla y el c\u00e1ncer<\/strong><\/p>\n<p>Olivia Reyna se titul\u00f3 con el proyecto de investigaci\u00f3n \u201cActividad antiproliferativa de extractos de vainilla en c\u00e9lulas malignas de pr\u00f3stata\u201d, bajo la direcci\u00f3n de Leticia Cano. Cont\u00f3 que este tema surgi\u00f3 despu\u00e9s de trabajar en el Instituto Nacional de Cancerolog\u00eda y observar por lo que pasan los pacientes.<\/p>\n<p>Adem\u00e1s de la investigaci\u00f3n bibliogr\u00e1fica realizada, tambi\u00e9n llev\u00f3 a cabo un peque\u00f1o estudio bot\u00e1nico-exploratorio para averiguar los usos medicinales y si est\u00e1n considerados dentro del conocimiento ancestral, si se han perdido o contin\u00faan utiliz\u00e1ndose. El resultado fue el registro de 14 usos medicinales m\u00e1s.<\/p>\n<p>Explic\u00f3 que la metodolog\u00eda utilizada en la investigaci\u00f3n consisti\u00f3 en el muestreo de vainillas obtenidas de los municipios San Miguel Reagu\u00ed, en Oaxaca, y Tihuatl\u00e1n, en Veracruz.<\/p>\n<p>El resultado obtenido fue el registro de actividad antiproliferativa en las c\u00e9lulas malignas de pr\u00f3stata, tambi\u00e9n se observ\u00f3 muerte por citotoxicidad \u2013o toxicidad celular\u2013 a concentraciones altas.<\/p>\n<p>\u201cPara efectos terap\u00e9uticos tenemos que hacer m\u00e1s estudios, no descartamos que exista una posibilidad, pensamos que puede haber algunos otros metabolitos, no la vainillina \u2013compuesto principal de la vainilla\u2013, que pueden tener un efecto antiproliferativo; para ello se requerir\u00edan otras etapas a fin de averiguar si se pueden aislar los compuestos y saber cu\u00e1l metabolito o conjunto de metabolitos tiene esta propiedad.\u201d<\/p>\n<p>Ahora que ingres\u00f3 al Doctorado en Ecolog\u00eda Tropical, del Centro de Investigaciones Tropicales (<em>Citro<\/em>) de la UV, contin\u00faa con la investigaci\u00f3n, s\u00f3lo que ahora abarca otras especies y con otras l\u00edneas celulares.<\/p>\n<p>\u201cDesarrollar investigaci\u00f3n es una manera de retribuir de forma contundente a la poblaci\u00f3n y a la sociedad, al poner a su alcance conocimientos etnobot\u00e1nicos que derivan de la vainilla.\u201d<\/p>\n<p>&nbsp;<\/p>\n<p><strong>Maternidad y academia<\/strong><\/p>\n<p>Olivia Reyna es una creyente fehaciente de que toda mujer debe estar segura que no hay obst\u00e1culo que le impida hacer y dedicarse a las cosas que m\u00e1s les gusten.<\/p>\n<p>Es madre soltera y reconoci\u00f3 que le fue un poco complicado empatar las actividades propias de una investigaci\u00f3n con las realizadas en el hogar. \u201cLo m\u00e1s importante fue mantener la calma y saber que no estaba sola\u201d.<\/p>\n<p>A las universitarias que son madres les recomend\u00f3 mantener la calma y pedir apoyo a sus profesores, aunque se piense que son ajenos a sus vidas, ellos al tener una familia pueden ser emp\u00e1ticos con la situaci\u00f3n.<\/p>\n<p>Asimismo, record\u00f3 que el Estatuto de Alumnos de la Universidad ofrece opciones para continuar con su formaci\u00f3n profesional, pues a pesar de ser una situaci\u00f3n complicada, no es imposible.<\/p>\n<p>\u201cEvidentemente cada situaci\u00f3n es diferente, pero se debe mantener la calma y quiz\u00e1 se deban postergar algunas materias y actividades. Sin duda el mayor consejo es no claudicar, seguir adelante, s\u00ed se puede, hay muchos apoyos que ofrece la Universidad.\u201d<\/p>\n<p>Agradeci\u00f3 a la UV y a sus profesores por el apoyo acad\u00e9mico, \u201csoy 100 por ciento Halc\u00f3n y llevar\u00e9 a la Universidad hasta lo m\u00e1s alto que pueda\u201d.<\/p>\n","protected":false},"excerpt":{"rendered":"<p>\u201cFue muy emotivo para m\u00ed porque es la representaci\u00f3n de la culminaci\u00f3n de muchos proyectos que ten\u00eda en mente, y como madre soltera represent\u00f3 un reto el estudiar el posgrado.\u201d<\/p>\n","protected":false},"author":1869,"featured_media":117335,"comment_status":"closed","ping_status":"closed","sticky":false,"template":"","format":"standard","meta":[],"categories":[61],"tags":[],"_links":{"self":[{"href":"https:\/\/www.uv.mx\/prensa\/wp-json\/wp\/v2\/posts\/117333"}],"collection":[{"href":"https:\/\/www.uv.mx\/prensa\/wp-json\/wp\/v2\/posts"}],"about":[{"href":"https:\/\/www.uv.mx\/prensa\/wp-json\/wp\/v2\/types\/post"}],"author":[{"embeddable":true,"href":"https:\/\/www.uv.mx\/prensa\/wp-json\/wp\/v2\/users\/1869"}],"replies":[{"embeddable":true,"href":"https:\/\/www.uv.mx\/prensa\/wp-json\/wp\/v2\/comments?post=117333"}],"version-history":[{"count":1,"href":"https:\/\/www.uv.mx\/prensa\/wp-json\/wp\/v2\/posts\/117333\/revisions"}],"predecessor-version":[{"id":117630,"href":"https:\/\/www.uv.mx\/prensa\/wp-json\/wp\/v2\/posts\/117333\/revisions\/117630"}],"wp:featuredmedia":[{"embeddable":true,"href":"https:\/\/www.uv.mx\/prensa\/wp-json\/wp\/v2\/media\/117335"}],"wp:attachment":[{"href":"https:\/\/www.uv.mx\/prensa\/wp-json\/wp\/v2\/media?parent=117333"}],"wp:term":[{"taxonomy":"category","embeddable":true,"href":"https:\/\/www.uv.mx\/prensa\/wp-json\/wp\/v2\/categories?post=117333"},{"taxonomy":"post_tag","embeddable":true,"href":"https:\/\/www.uv.mx\/prensa\/wp-json\/wp\/v2\/tags?post=117333"}],"curies":[{"name":"wp","href":"https:\/\/api.w.org\/{rel}","templated":true}]}}