{"id":117346,"date":"2022-06-09T15:00:55","date_gmt":"2022-06-09T20:00:55","guid":{"rendered":"https:\/\/www.uv.mx\/prensa\/?p=117346"},"modified":"2022-06-10T11:31:36","modified_gmt":"2022-06-10T16:31:36","slug":"sea-presento-libro-sobre-acumulacion-por-desposesion-en-la-sierra-de-zongolica","status":"publish","type":"post","link":"https:\/\/www.uv.mx\/prensa\/regiones\/sea-presento-libro-sobre-acumulacion-por-desposesion-en-la-sierra-de-zongolica\/","title":{"rendered":"SEA present\u00f3 libro sobre acumulaci\u00f3n por desposesi\u00f3n en la sierra de Zongolica"},"content":{"rendered":"<ul class=\"ul1\">\n<li class=\"li1\"><i>Coordinado por los acad\u00e9micos Gualberto D\u00edaz Gonz\u00e1lez y Manuel Hern\u00e1ndez P\u00e9rez<\/i><\/li>\n<li class=\"li1\"><i>Es resultado de varios a\u00f1os de trabajo en campo y con diversas organizaciones por parte de un equipo de docentes y egresados<\/i><\/li>\n<\/ul>\n<p>&nbsp;<\/p>\n<div id=\"attachment_117348\" style=\"width: 732px\" class=\"wp-caption aligncenter\"><img aria-describedby=\"caption-attachment-117348\" decoding=\"async\" loading=\"lazy\" class=\"size-full wp-image-117348\" src=\"https:\/\/www.uv.mx\/prensa\/files\/2022\/06\/DSC_0806-100k.jpg\" alt=\"Teresa Campos S\u00e1nchez, egresada del SEA, durante su presentaci\u00f3n\" width=\"722\" height=\"482\" srcset=\"https:\/\/www.uv.mx\/prensa\/files\/2022\/06\/DSC_0806-100k.jpg 722w, https:\/\/www.uv.mx\/prensa\/files\/2022\/06\/DSC_0806-100k-300x200.jpg 300w\" sizes=\"(max-width: 722px) 100vw, 722px\" \/><p id=\"caption-attachment-117348\" class=\"wp-caption-text\">Teresa Campos S\u00e1nchez, egresada del SEA, durante su presentaci\u00f3n<\/p><\/div>\n<p>&nbsp;<\/p>\n<p class=\"p1\"><b><i>Eduardo Ca\u00f1edo Lom\u00e1n<\/i><\/b><\/p>\n<p class=\"p1\"><b><i>09\/06\/2022, Ixtaczoquitl\u00e1n, Ver.-<\/i><\/b> Acad\u00e9micos y egresados del <a href=\"https:\/\/www.uv.mx\/orizaba\/sea\/\" target=\"_blank\" rel=\"noopener\">Sistema de Ense\u00f1anza Abierta<\/a> (SEA) de la Universidad Veracruzana (UV), regi\u00f3n Orizaba-C\u00f3rdoba, presentaron el libro <i>Megaproyectos y acci\u00f3n colectiva. Acumulaci\u00f3n por desposesi\u00f3n en el centro de Veracruz<\/i>, coordinado por Gualberto D\u00edaz Gonz\u00e1lez y Manuel Hern\u00e1ndez P\u00e9rez.<\/p>\n<p class=\"p3\">Este texto es resultado de varios a\u00f1os de trabajo en campo y con el apoyo de diversas organizaciones. El equipo de acad\u00e9micos y egresados del SEA se dieron a la tarea de describir y analizar el proceso de acumulaci\u00f3n por desposesi\u00f3n en la sierra de Zongolica, en particular los atropellos sociales, ecol\u00f3gicos y econ\u00f3micos que se han dado a partir de la llegada de los megaproyectos a la regi\u00f3n con la instalaci\u00f3n de una hidroel\u00e9ctrica en 2010.<\/p>\n<p class=\"p3\">Cabe destacar que la presa en Zongolica se construy\u00f3 con la idea de aprovechar las aguas del r\u00edo Altotoco, asegurando de esta manera el abastecimiento de agua a la poblaci\u00f3n; no obstante, esta acci\u00f3n estuvo plagada de anomal\u00edas, corrupci\u00f3n y desinformaci\u00f3n, lo que ha ocasionado un desabasto del l\u00edquido entre los pobladores serranos, as\u00ed como un profundo deterioro al entorno ambiental, beneficiando \u00fanicamente a sectores privados y zonas urbanas.<\/p>\n<p class=\"p3\">Teresa Campos S\u00e1nchez, egresada del SEA, se\u00f1al\u00f3 que la sierra de Zongolica ha sido hist\u00f3ricamente un polo de an\u00e1lisis de luchas y represi\u00f3n.<\/p>\n<div id=\"attachment_117347\" style=\"width: 732px\" class=\"wp-caption aligncenter\"><img aria-describedby=\"caption-attachment-117347\" decoding=\"async\" loading=\"lazy\" class=\"size-full wp-image-117347\" src=\"https:\/\/www.uv.mx\/prensa\/files\/2022\/06\/DSC_0773-100k.jpg\" alt=\" Integrantes de la comunidad estudiantil del SEA se dieron cita en la presentaci\u00f3n de este libro\" width=\"722\" height=\"482\" srcset=\"https:\/\/www.uv.mx\/prensa\/files\/2022\/06\/DSC_0773-100k.jpg 722w, https:\/\/www.uv.mx\/prensa\/files\/2022\/06\/DSC_0773-100k-300x200.jpg 300w\" sizes=\"(max-width: 722px) 100vw, 722px\" \/><p id=\"caption-attachment-117347\" class=\"wp-caption-text\">Integrantes de la comunidad estudiantil del SEA se dieron cita en la presentaci\u00f3n de este libro<\/p><\/div>\n<p>&nbsp;<\/p>\n<p class=\"p3\">\u201cEl art\u00edculo con el que participo en este libro es parte de mi trabajo de maestr\u00eda y ah\u00ed relato lo que signific\u00f3 desde un principio un atropello, el cual toc\u00f3 nuestras fibras m\u00e1s profundas siendo habitantes de la sierra. La UV nos brinda un espacio para visibilizar estas problem\u00e1ticas y nosotros traemos las voces y las expresiones de inconformidad de las comunidades\u201d, afirm\u00f3.<\/p>\n<p class=\"p3\">Asimismo, refiri\u00f3 que la construcci\u00f3n de este megaproyecto, en 2008, represent\u00f3 destrucci\u00f3n, deforestaci\u00f3n y alteraci\u00f3n del cauce del r\u00edo, enmascarado como un discurso de desarrollo. \u201cA trav\u00e9s de distintas organizaciones se trat\u00f3 de dar informaci\u00f3n y apoyo a comunidades, no obstante, se tiene una historia profunda de represi\u00f3n y amenazas por lo cual se call\u00f3 en muchas ocasiones, lo que dificult\u00f3 la acci\u00f3n en concreto\u201d.<\/p>\n<p class=\"p3\">Por su parte, Nelly Josefa Le\u00f3n Fuentes, acad\u00e9mica del SEA, coment\u00f3 que su aportaci\u00f3n en el libro es de manera introductoria, abordando los problemas sobre el agua en la obra p\u00fablica y un an\u00e1lisis de c\u00f3mo se hicieron los acuerdos y concesiones por parte de gobiernos estatales y municipales.<\/p>\n<div id=\"attachment_117349\" style=\"width: 732px\" class=\"wp-caption aligncenter\"><img aria-describedby=\"caption-attachment-117349\" decoding=\"async\" loading=\"lazy\" class=\"size-full wp-image-117349\" src=\"https:\/\/www.uv.mx\/prensa\/files\/2022\/06\/DSC_0851-100k.jpg\" alt=\"Presentadores junto a autoridades regionales\" width=\"722\" height=\"482\" srcset=\"https:\/\/www.uv.mx\/prensa\/files\/2022\/06\/DSC_0851-100k.jpg 722w, https:\/\/www.uv.mx\/prensa\/files\/2022\/06\/DSC_0851-100k-300x200.jpg 300w\" sizes=\"(max-width: 722px) 100vw, 722px\" \/><p id=\"caption-attachment-117349\" class=\"wp-caption-text\">Presentadores junto a autoridades regionales<\/p><\/div>\n<p>&nbsp;<\/p>\n<p class=\"p3\">\u201cLa parte m\u00e1s fuerte de la construcci\u00f3n de las l\u00edneas de agua no fue realizada por gobiernos, sino por empresas privadas con el inter\u00e9s de controlar el l\u00edquido para sus industrias; sin embargo, acuden a los gobiernos para formalizar. Esto los hizo c\u00f3mplices de este atropello, administrando el agua para satisfacer un sentimiento capitalista, por un lado, y para brindarle el l\u00edquido a las zonas urbanas, pero desprotegiendo a las comunidades de la sierra de Zongolica, por otro\u201d, evidenci\u00f3.<\/p>\n<p class=\"p3\">Para finalizar, Jos\u00e9 Cruz Ag\u00fcero Rodr\u00edguez, acad\u00e9mico del SEA, felicit\u00f3 a los autores de esta publicaci\u00f3n toda vez que \u201cen la medida que uno se involucra en su lectura se hace evidente que tiene como eje central el an\u00e1lisis de un megaproyecto y el significado negativo en un \u00e1rea natural, lejos de los centros de colonizaci\u00f3n del pa\u00eds; vemos c\u00f3mo se analiza el resultado de una inmersi\u00f3n que llega a un territorio cuyas caracter\u00edsticas de poblaci\u00f3n n\u00e1huatl son muy especiales, vulnerando sus derechos y expropiando sus recursos\u201d.<\/p>\n<p class=\"p3\">El volumen pertenece a la colecci\u00f3n Corpus Universitario de la Editorial de la UV y consta de 176 p\u00e1ginas. Se puede descargar de manera gratuita en: <a href=\"http:\/\/libros.uv.mx\/index.php\/UV\/catalog\/book\/UC003\"><span class=\"s1\">http:\/\/libros.uv.mx\/index.php\/UV\/catalog\/book\/UC003<\/span><\/a><\/p>\n","protected":false},"excerpt":{"rendered":"<p>En particular los atropellos sociales, ecol\u00f3gicos y econ\u00f3micos que se han dado a partir de la llegada de los megaproyectos a la regi\u00f3n con la instalaci\u00f3n de una hidroel\u00e9ctrica en 2010. <\/p>\n","protected":false},"author":1775,"featured_media":117348,"comment_status":"closed","ping_status":"closed","sticky":false,"template":"","format":"standard","meta":[],"categories":[53,32],"tags":[4172,3772,586,7898,2610,111,710],"_links":{"self":[{"href":"https:\/\/www.uv.mx\/prensa\/wp-json\/wp\/v2\/posts\/117346"}],"collection":[{"href":"https:\/\/www.uv.mx\/prensa\/wp-json\/wp\/v2\/posts"}],"about":[{"href":"https:\/\/www.uv.mx\/prensa\/wp-json\/wp\/v2\/types\/post"}],"author":[{"embeddable":true,"href":"https:\/\/www.uv.mx\/prensa\/wp-json\/wp\/v2\/users\/1775"}],"replies":[{"embeddable":true,"href":"https:\/\/www.uv.mx\/prensa\/wp-json\/wp\/v2\/comments?post=117346"}],"version-history":[{"count":1,"href":"https:\/\/www.uv.mx\/prensa\/wp-json\/wp\/v2\/posts\/117346\/revisions"}],"predecessor-version":[{"id":117422,"href":"https:\/\/www.uv.mx\/prensa\/wp-json\/wp\/v2\/posts\/117346\/revisions\/117422"}],"wp:featuredmedia":[{"embeddable":true,"href":"https:\/\/www.uv.mx\/prensa\/wp-json\/wp\/v2\/media\/117348"}],"wp:attachment":[{"href":"https:\/\/www.uv.mx\/prensa\/wp-json\/wp\/v2\/media?parent=117346"}],"wp:term":[{"taxonomy":"category","embeddable":true,"href":"https:\/\/www.uv.mx\/prensa\/wp-json\/wp\/v2\/categories?post=117346"},{"taxonomy":"post_tag","embeddable":true,"href":"https:\/\/www.uv.mx\/prensa\/wp-json\/wp\/v2\/tags?post=117346"}],"curies":[{"name":"wp","href":"https:\/\/api.w.org\/{rel}","templated":true}]}}