{"id":117381,"date":"2022-06-10T19:48:28","date_gmt":"2022-06-11T00:48:28","guid":{"rendered":"https:\/\/www.uv.mx\/prensa\/?p=117381"},"modified":"2022-06-14T14:11:22","modified_gmt":"2022-06-14T19:11:22","slug":"uv-ratifica-alianza-y-colaboracion-con-ayuntamiento-de-nogales","status":"publish","type":"post","link":"https:\/\/www.uv.mx\/prensa\/regiones\/uv-ratifica-alianza-y-colaboracion-con-ayuntamiento-de-nogales\/","title":{"rendered":"UV ratifica alianza y colaboraci\u00f3n con Ayuntamiento de Nogales"},"content":{"rendered":"<ul class=\"ul1\">\n<li class=\"li1\"><i>Signaron convenios general y espec\u00edfico para beneficio de ambas instancias<\/i><\/li>\n<li class=\"li1\"><i>\u201cLa vinculaci\u00f3n, actividad sustantiva que contribuye a mejorar calidad de vida de la poblaci\u00f3n\u201d: Vicerrector<\/i><\/li>\n<\/ul>\n<p>&nbsp;<\/p>\n<div id=\"attachment_117382\" style=\"width: 732px\" class=\"wp-caption aligncenter\"><img aria-describedby=\"caption-attachment-117382\" decoding=\"async\" loading=\"lazy\" class=\"size-full wp-image-117382\" src=\"https:\/\/www.uv.mx\/prensa\/files\/2022\/06\/090622-EDUARDO-Convenios-UV-y-Ayuntamiento-de-Nogales-1-100k.jpg\" alt=\"Vicerrector y Presidente Municipal durante la firma de convenios\" width=\"722\" height=\"482\" srcset=\"https:\/\/www.uv.mx\/prensa\/files\/2022\/06\/090622-EDUARDO-Convenios-UV-y-Ayuntamiento-de-Nogales-1-100k.jpg 722w, https:\/\/www.uv.mx\/prensa\/files\/2022\/06\/090622-EDUARDO-Convenios-UV-y-Ayuntamiento-de-Nogales-1-100k-300x200.jpg 300w\" sizes=\"(max-width: 722px) 100vw, 722px\" \/><p id=\"caption-attachment-117382\" class=\"wp-caption-text\">Vicerrector y Presidente Municipal durante la firma de convenios<\/p><\/div>\n<p>&nbsp;<\/p>\n<p class=\"p1\"><b><i>Eduardo Ca\u00f1edo Lom\u00e1n<\/i><\/b><\/p>\n<p class=\"p1\"><b><i>10\/06\/2022, Nogales, Ver.-<\/i><\/b> La Universidad Veracruzana (UV), a trav\u00e9s de la <a href=\"https:\/\/www.uv.mx\/orizaba\/\" target=\"_blank\" rel=\"noopener\">Vicerrector\u00eda Orizaba-C\u00f3rdoba<\/a>, y el Ayuntamiento de Nogales signaron convenios general y espec\u00edfico de colaboraci\u00f3n, formalizando as\u00ed la alianza colaborativa entre ambas instancias.<\/p>\n<p class=\"p3\">El vicerrector Mario Roberto Bernab\u00e9 Guapillo Vargas destac\u00f3 la vinculaci\u00f3n como una actividad sustantiva de las universidades y en particular de la UV, toda vez que permite estrechar los lazos colaborativos contribuyendo as\u00ed a la mejora de las condiciones de vida de la poblaci\u00f3n, retroalimentando los programas de estudios que se ofertan.<\/p>\n<div id=\"attachment_117383\" style=\"width: 732px\" class=\"wp-caption aligncenter\"><img aria-describedby=\"caption-attachment-117383\" decoding=\"async\" loading=\"lazy\" class=\"size-full wp-image-117383\" src=\"https:\/\/www.uv.mx\/prensa\/files\/2022\/06\/090622-EDUARDO-Convenios-UV-y-Ayuntamiento-de-Nogales-2-100k.jpg\" alt=\"Ernesto Torres Navarro, presidente municipal de Nogales\" width=\"722\" height=\"482\" srcset=\"https:\/\/www.uv.mx\/prensa\/files\/2022\/06\/090622-EDUARDO-Convenios-UV-y-Ayuntamiento-de-Nogales-2-100k.jpg 722w, https:\/\/www.uv.mx\/prensa\/files\/2022\/06\/090622-EDUARDO-Convenios-UV-y-Ayuntamiento-de-Nogales-2-100k-300x200.jpg 300w\" sizes=\"(max-width: 722px) 100vw, 722px\" \/><p id=\"caption-attachment-117383\" class=\"wp-caption-text\">Ernesto Torres Navarro, presidente municipal de Nogales<\/p><\/div>\n<p>&nbsp;<\/p>\n<p class=\"p3\">\u201cHoy celebramos dos acuerdos: un convenio general de colaboraci\u00f3n para realizar acciones en nuestros respectivos \u00e1mbitos de competencia, y uno espec\u00edfico en materia de servicio social y pr\u00e1cticas profesionales, para ofrecer a las y los estudiantes espacios de ense\u00f1anza-aprendizaje, al tiempo de incidir favorablemente en el bienestar de la poblaci\u00f3n\u201d, abund\u00f3.<\/p>\n<p class=\"p3\">Por su parte, el alcalde Ernesto Torres Navarro se dijo satisfecho con la alianza y agradeci\u00f3 la apertura y las posibilidades que la Universidad genera con el municipio de Nogales. \u201cApoyaremos a la UV en la medida de nuestras posibilidades, las puertas est\u00e1n abiertas y esto es algo que beneficia a la poblaci\u00f3n, por lo que reconocemos el esfuerzo que realiza\u201d, precis\u00f3.<\/p>\n<p class=\"p3\">En tanto Silvia Castillo Riva, s\u00edndica del Ayuntamiento, se refiri\u00f3 a la importancia de la colaboraci\u00f3n entre ambas instituciones: \u201cEstos convenios servir\u00e1n para que los j\u00f3venes universitarios puedan venir a hacer sus pr\u00e1cticas y aprovechar la oportunidad para aprender\u201d.<\/p>\n<div id=\"attachment_117384\" style=\"width: 732px\" class=\"wp-caption aligncenter\"><img aria-describedby=\"caption-attachment-117384\" decoding=\"async\" loading=\"lazy\" class=\"size-full wp-image-117384\" src=\"https:\/\/www.uv.mx\/prensa\/files\/2022\/06\/090622-EDUARDO-Convenios-UV-y-Ayuntamiento-de-Nogales-3-100k.jpg\" alt=\"Autoridades presentes durante la firma de convenios\" width=\"722\" height=\"482\" srcset=\"https:\/\/www.uv.mx\/prensa\/files\/2022\/06\/090622-EDUARDO-Convenios-UV-y-Ayuntamiento-de-Nogales-3-100k.jpg 722w, https:\/\/www.uv.mx\/prensa\/files\/2022\/06\/090622-EDUARDO-Convenios-UV-y-Ayuntamiento-de-Nogales-3-100k-300x200.jpg 300w\" sizes=\"(max-width: 722px) 100vw, 722px\" \/><p id=\"caption-attachment-117384\" class=\"wp-caption-text\">Autoridades presentes durante la firma de convenios<\/p><\/div>\n<p>&nbsp;<\/p>\n<p class=\"p3\">En el acto tambi\u00e9n estuvieron, por parte de la UV, las autoridades regionales: Patricia Espinosa Garc\u00eda, secretaria Acad\u00e9mica; Diego Ch\u00e1vez Gonz\u00e1lez, secretario de Administraci\u00f3n y Finanzas; Omar Acosta Lindo, delegado Jur\u00eddico, y Rub\u00e9n Eder Contreras Rojas, coordinador de Vinculaci\u00f3n.<\/p>\n<p class=\"p3\">Por el Ayuntamiento de Nogales asistieron: Yeudel Luna Espinoza, regidora primera; Feliciano Romero Mart\u00ednez, regidor segundo, y Eloy Enrique Merino, regidor tercero.<\/p>\n","protected":false},"excerpt":{"rendered":"<p>El alcalde Ernesto Torres Navarro se dijo satisfecho con la alianza y agradeci\u00f3 la apertura y las posibilidades que la Universidad genera con el municipio de Nogales <\/p>\n","protected":false},"author":1775,"featured_media":117382,"comment_status":"closed","ping_status":"closed","sticky":false,"template":"","format":"standard","meta":[],"categories":[54,32],"tags":[5294,7504,7899,4172,7900,7212,7901,7902,892,4650],"_links":{"self":[{"href":"https:\/\/www.uv.mx\/prensa\/wp-json\/wp\/v2\/posts\/117381"}],"collection":[{"href":"https:\/\/www.uv.mx\/prensa\/wp-json\/wp\/v2\/posts"}],"about":[{"href":"https:\/\/www.uv.mx\/prensa\/wp-json\/wp\/v2\/types\/post"}],"author":[{"embeddable":true,"href":"https:\/\/www.uv.mx\/prensa\/wp-json\/wp\/v2\/users\/1775"}],"replies":[{"embeddable":true,"href":"https:\/\/www.uv.mx\/prensa\/wp-json\/wp\/v2\/comments?post=117381"}],"version-history":[{"count":1,"href":"https:\/\/www.uv.mx\/prensa\/wp-json\/wp\/v2\/posts\/117381\/revisions"}],"predecessor-version":[{"id":117626,"href":"https:\/\/www.uv.mx\/prensa\/wp-json\/wp\/v2\/posts\/117381\/revisions\/117626"}],"wp:featuredmedia":[{"embeddable":true,"href":"https:\/\/www.uv.mx\/prensa\/wp-json\/wp\/v2\/media\/117382"}],"wp:attachment":[{"href":"https:\/\/www.uv.mx\/prensa\/wp-json\/wp\/v2\/media?parent=117381"}],"wp:term":[{"taxonomy":"category","embeddable":true,"href":"https:\/\/www.uv.mx\/prensa\/wp-json\/wp\/v2\/categories?post=117381"},{"taxonomy":"post_tag","embeddable":true,"href":"https:\/\/www.uv.mx\/prensa\/wp-json\/wp\/v2\/tags?post=117381"}],"curies":[{"name":"wp","href":"https:\/\/api.w.org\/{rel}","templated":true}]}}