{"id":117443,"date":"2022-06-12T08:00:35","date_gmt":"2022-06-12T13:00:35","guid":{"rendered":"https:\/\/www.uv.mx\/prensa\/?p=117443"},"modified":"2022-06-13T13:40:05","modified_gmt":"2022-06-13T18:40:05","slug":"uv-albergara-el-campeonato-estatal-de-natacion","status":"publish","type":"post","link":"https:\/\/www.uv.mx\/prensa\/deportes\/uv-albergara-el-campeonato-estatal-de-natacion\/","title":{"rendered":"UV albergar\u00e1 el Campeonato Estatal de Nataci\u00f3n"},"content":{"rendered":"<p>&nbsp;<\/p>\n<ul>\n<li><em>Del 17 al 19 de junio participar\u00e1n nadadores estatales y nacionales en diversas categor\u00edas<\/em><\/li>\n<li><em>Es organizado por la DADUV, y avalado por la Asociaci\u00f3n de Nataci\u00f3n de Veracruz y la Federaci\u00f3n Mexicana de Nataci\u00f3n<\/em><\/li>\n<li><em>Est\u00e1n inscritos competidores de Puebla, Tlaxcala, Veracruz, Hidalgo y Oaxaca<\/em><\/li>\n<\/ul>\n<p>&nbsp;<\/p>\n<div id=\"attachment_117445\" style=\"width: 732px\" class=\"wp-caption aligncenter\"><img aria-describedby=\"caption-attachment-117445\" decoding=\"async\" loading=\"lazy\" class=\"size-full wp-image-117445\" src=\"https:\/\/www.uv.mx\/prensa\/files\/2022\/06\/080622-NATACION-1.jpg\" alt=\"\" width=\"722\" height=\"481\" srcset=\"https:\/\/www.uv.mx\/prensa\/files\/2022\/06\/080622-NATACION-1.jpg 722w, https:\/\/www.uv.mx\/prensa\/files\/2022\/06\/080622-NATACION-1-300x200.jpg 300w\" sizes=\"(max-width: 722px) 100vw, 722px\" \/><p id=\"caption-attachment-117445\" class=\"wp-caption-text\">Enrique Rosales Ronz\u00f3n dio a conocer el Campeonato Estatal Abierto Curso Largo de Nataci\u00f3n 2022, del 17 al 19 de junio<\/p><\/div>\n<p>&nbsp;<\/p>\n<p><strong><em>Claudia Peralta V\u00e1zquez<\/em><\/strong><\/p>\n<p><strong><em>Fotos: Jos\u00e9 Rujiro Temis<\/em><\/strong><\/p>\n<p><strong><em>12\/06\/2022, Xalapa, Ver.- <\/em><\/strong>El Centro Acu\u00e1tico Universitario \u201cEulalio R\u00edos\u201d, de la Universidad Veracruzana (UV), se prepara para recibir a m\u00e1s de 400 nadadores del estado y del pa\u00eds en el Campeonato Estatal Abierto Curso Largo de Nataci\u00f3n 2022, que se realizar\u00e1 del 17 al 19 de junio del presente a\u00f1o.<\/p>\n<p>Enrique Rosales Ronz\u00f3n, coordinador del Centro Acu\u00e1tico Universitario, inform\u00f3 que la organizaci\u00f3n del evento deportivo est\u00e1 a cargo de la <a href=\"https:\/\/www.uv.mx\/daduv\/\" target=\"_blank\" rel=\"noopener\">Direcci\u00f3n de Actividades Deportivas<\/a> (DADUV), y avalado por la Asociaci\u00f3n de Nataci\u00f3n de Veracruz (ANV) y la Federaci\u00f3n Mexicana de Nataci\u00f3n (FMN).<\/p>\n<p>Durante estos tres d\u00edas se espera la participaci\u00f3n de nadadores de los estados de Puebla, Tlaxcala, Veracruz, Hidalgo y Oaxaca, en diversas categor\u00edas que van desde menores de ocho hasta 18 a\u00f1os, y m\u00e1ster, quienes podr\u00e1n mejorar sus marcas y clasificar para el Campeonato Nacional de Curso Largo 2022, a realizarse en julio pr\u00f3ximo.<\/p>\n<p>Rosales Ronz\u00f3n, tambi\u00e9n titular del equipo representativo de la Escuela de Nataci\u00f3n Halcones UV, sede Xalapa, destac\u00f3 el empe\u00f1o de la DADUV por hacer de este campeonato un evento deportivo de calidad que se replique a\u00f1o con a\u00f1o, con miras tambi\u00e9n a retomar la Copa Halc\u00f3n de Afiliados, en marzo de 2023.<\/p>\n<p>\u201cQueremos dejar una buena impresi\u00f3n entre la comunidad de nadadores y entrenadores con las instalaciones a su disposici\u00f3n y en las mejores condiciones para las competencias.\u201d<\/p>\n<p>Consider\u00f3 que \u00e9sta es una forma de impulsar la nataci\u00f3n en la regi\u00f3n, dar a conocer las instalaciones del Centro Acu\u00e1tico Universitario y al equipo representativo de esta casa de estudios.<\/p>\n<p>Tambi\u00e9n representa la oportunidad de captar una mayor matr\u00edcula que ha crecido de forma gradual luego de la situaci\u00f3n pand\u00e9mica.<\/p>\n<p>Al evento asistir\u00e1 Enrique Borrego Gonz\u00e1lez, juez de la Federaci\u00f3n Internacional de Nataci\u00f3n, as\u00ed como el cuerpo de jueces de la ANV.<\/p>\n<p>\u201cBuscamos las mejores condiciones para que las competencias sean fluidas, transparentes, saber que tenemos unas magn\u00edficas instalaciones y podemos aprovecharlas hacia este \u00e1mbito competitivo.\u201d<\/p>\n<p>Inform\u00f3 que podr\u00e1n participar todos los nadadores afiliados a la FMN y a la ANV. Las inscripciones permanecer\u00e1n abiertas hasta el s\u00e1bado 11 de junio, a las 20:00 horas, a trav\u00e9s del correo: <a href=\"mailto:control.eventos.anv@gmail.com\">control.eventos.anv@gmail.com<\/a>. Hay un costo de 70 pesos por prueba individual y de 240 por relevos.<\/p>\n","protected":false},"excerpt":{"rendered":"<p>Se espera la participaci\u00f3n de nadadores de los estados de Puebla, Tlaxcala, Veracruz, Hidalgo y Oaxaca, en diversas categor\u00edas que van desde menores de ocho hasta 18 a\u00f1os, y m\u00e1ster<\/p>\n","protected":false},"author":1869,"featured_media":117445,"comment_status":"closed","ping_status":"closed","sticky":false,"template":"","format":"standard","meta":[],"categories":[12,47],"tags":[],"_links":{"self":[{"href":"https:\/\/www.uv.mx\/prensa\/wp-json\/wp\/v2\/posts\/117443"}],"collection":[{"href":"https:\/\/www.uv.mx\/prensa\/wp-json\/wp\/v2\/posts"}],"about":[{"href":"https:\/\/www.uv.mx\/prensa\/wp-json\/wp\/v2\/types\/post"}],"author":[{"embeddable":true,"href":"https:\/\/www.uv.mx\/prensa\/wp-json\/wp\/v2\/users\/1869"}],"replies":[{"embeddable":true,"href":"https:\/\/www.uv.mx\/prensa\/wp-json\/wp\/v2\/comments?post=117443"}],"version-history":[{"count":1,"href":"https:\/\/www.uv.mx\/prensa\/wp-json\/wp\/v2\/posts\/117443\/revisions"}],"predecessor-version":[{"id":117544,"href":"https:\/\/www.uv.mx\/prensa\/wp-json\/wp\/v2\/posts\/117443\/revisions\/117544"}],"wp:featuredmedia":[{"embeddable":true,"href":"https:\/\/www.uv.mx\/prensa\/wp-json\/wp\/v2\/media\/117445"}],"wp:attachment":[{"href":"https:\/\/www.uv.mx\/prensa\/wp-json\/wp\/v2\/media?parent=117443"}],"wp:term":[{"taxonomy":"category","embeddable":true,"href":"https:\/\/www.uv.mx\/prensa\/wp-json\/wp\/v2\/categories?post=117443"},{"taxonomy":"post_tag","embeddable":true,"href":"https:\/\/www.uv.mx\/prensa\/wp-json\/wp\/v2\/tags?post=117443"}],"curies":[{"name":"wp","href":"https:\/\/api.w.org\/{rel}","templated":true}]}}