{"id":117703,"date":"2022-06-15T17:44:14","date_gmt":"2022-06-15T22:44:14","guid":{"rendered":"https:\/\/www.uv.mx\/prensa\/?p=117703"},"modified":"2022-06-17T14:38:33","modified_gmt":"2022-06-17T19:38:33","slug":"estudiantes-de-agronomia-cultivan-pepinos-en-invernadero","status":"publish","type":"post","link":"https:\/\/www.uv.mx\/prensa\/regiones\/estudiantes-de-agronomia-cultivan-pepinos-en-invernadero\/","title":{"rendered":"Estudiantes de Agronom\u00eda cultivan pepinos en invernadero"},"content":{"rendered":"<p>&nbsp;<\/p>\n<ul>\n<li><em>El objetivo es fortalecer los saberes te\u00f3ricos con un beneficio en la producci\u00f3n y la sustentabilidad<\/em><\/li>\n<li><em>Se realizan dos tesis de investigaci\u00f3n sobre el uso de biofertilizantes<\/em><\/li>\n<\/ul>\n<p>&nbsp;<\/p>\n<div id=\"attachment_117704\" style=\"width: 732px\" class=\"wp-caption aligncenter\"><img aria-describedby=\"caption-attachment-117704\" decoding=\"async\" loading=\"lazy\" class=\"size-full wp-image-117704\" src=\"https:\/\/www.uv.mx\/prensa\/files\/2022\/06\/150622-CELIA-Agronomia-cultiva-pepinos-1.jpg\" alt=\"\" width=\"722\" height=\"542\" srcset=\"https:\/\/www.uv.mx\/prensa\/files\/2022\/06\/150622-CELIA-Agronomia-cultiva-pepinos-1.jpg 722w, https:\/\/www.uv.mx\/prensa\/files\/2022\/06\/150622-CELIA-Agronomia-cultiva-pepinos-1-300x225.jpg 300w\" sizes=\"(max-width: 722px) 100vw, 722px\" \/><p id=\"caption-attachment-117704\" class=\"wp-caption-text\">Estudiantes del programa educativo Ingeniero Agr\u00f3nomo en el invernadero<\/p><\/div>\n<p><em>\u00a0<\/em><\/p>\n<p><strong><em>15\/06\/2022, Tuxpan, Ver.-<\/em><\/strong> Con el objetivo de fortalecer los saberes te\u00f3ricos de las experiencias educativas (EE) Producci\u00f3n en Invernaderos, Fertilidad de Suelos y Nutrici\u00f3n Vegetal, de la Licenciatura en Ingeniero Agr\u00f3nomo, la <a href=\"https:\/\/www.uv.mx\/pozarica\/cba\/\" target=\"_blank\" rel=\"noopener\">Facultad de Ciencias Biol\u00f3gicas y Agropecuarias<\/a> (FCBA) de la Universidad Veracruzana (UV) estableci\u00f3 en el \u00e1rea de invernaderos el cultivo de <em>Cucumis sativus <\/em>\u2013conocida com\u00fanmente como pepino\u2013 considerando el an\u00e1lisis de suelo y agua realizados en laboratorio.<\/p>\n<p>Con esta pr\u00e1ctica se busca disminuir las aplicaciones de fertilizantes qu\u00edmicos y aportar s\u00f3lo lo necesario para las plantas, nutrimentalmente hablando, tomando como referencia al potasio, cuyas cantidades se modificaron mediante soluci\u00f3n nutritiva, debido a su papel fundamental en fotos\u00edntesis, respiraci\u00f3n y la activaci\u00f3n de enzimas, influyendo significativamente tanto en el crecimiento como en la calidad de esta hortaliza.<\/p>\n<p>La actividad es coordinada por los acad\u00e9micos Jos\u00e9 Rafael Paredes J\u00e1come y Mercedes Mar\u00eda Cuenca Condoy; participan 47 estudiantes de las EE mencionadas, dos de los cuales enfocan su tesis de licenciatura en el tema.<\/p>\n<p>Paredes J\u00e1come explic\u00f3 que dichos trabajos de investigaci\u00f3n se realizan mediante la aplicaci\u00f3n de biofertilizantes a base de microorganismos ben\u00e9ficos como hongos micorr\u00edzicos arbusculares y rizobacterias promotoras del crecimiento vegetal, los cuales en relaci\u00f3n simbi\u00f3tica con las ra\u00edces de las plantas solubilizan e incrementan la absorci\u00f3n de agua y nutrientes del suelo.<\/p>\n<p>El impacto que tiene realizar este tipo de investigaciones radica, por un lado, en que los alumnos adquieren la competencia espec\u00edfica que les permite identificar los elementos que integran los sistemas de producci\u00f3n, bajo un enfoque sustentable y reduciendo la aplicaci\u00f3n de contaminantes qu\u00edmicos. Por otra parte, al ser trasladado este conocimiento al campo con los productores, se reflejar\u00e1 en los beneficios econ\u00f3micos (al reducir la compra de insumos qu\u00edmicos) y ambientales (al no contaminar m\u00e1s el medio ambiente).<\/p>\n<p>La planta de pepino pertenece a la familia bot\u00e1nica de las cucurbit\u00e1ceas, que agrupa a m\u00e1s de 850 especies, en su mayor\u00eda herb\u00e1ceas, trepadoras o rastreras, con frutos grandes y protegidos por una corteza firme; sus propiedades se deben a su aporte equilibrado de nutrientes (proporciona \u00e1cido f\u00f3lico, potasio, magnesio, vitamina C y B5 en buenas cantidades), lo que contrasta con su bajo aporte cal\u00f3rico.<\/p>\n<p>Para el siguiente periodo escolar se pretende establecer plantas hort\u00edcolas de diferente familia bot\u00e1nica y continuar con la producci\u00f3n agr\u00edcola desde un enfoque sustentable, que permita incrementar el rendimiento y satisfacer las necesidades alimentarias sin olvidar el cuidado del medio ambiente.<\/p>\n<p>&nbsp;<\/p>\n<div id=\"attachment_117705\" style=\"width: 732px\" class=\"wp-caption aligncenter\"><img aria-describedby=\"caption-attachment-117705\" decoding=\"async\" loading=\"lazy\" class=\"size-full wp-image-117705\" src=\"https:\/\/www.uv.mx\/prensa\/files\/2022\/06\/150622-CELIA-Agronomia-cultiva-pepinos-2.jpg\" alt=\"\" width=\"722\" height=\"478\" srcset=\"https:\/\/www.uv.mx\/prensa\/files\/2022\/06\/150622-CELIA-Agronomia-cultiva-pepinos-2.jpg 722w, https:\/\/www.uv.mx\/prensa\/files\/2022\/06\/150622-CELIA-Agronomia-cultiva-pepinos-2-300x199.jpg 300w\" sizes=\"(max-width: 722px) 100vw, 722px\" \/><p id=\"caption-attachment-117705\" class=\"wp-caption-text\">La finalidad de este ejercicio es disminuir la aplicaci\u00f3n de fertilizantes qu\u00edmicos en la planta, se\u00f1al\u00f3 Jos\u00e9 Rafael Paredes J\u00e1come<\/p><\/div>\n","protected":false},"excerpt":{"rendered":"<p>La Facultad de Ciencias Biol\u00f3gicas y Agropecuarias (FCBA) estableci\u00f3 en el \u00e1rea de invernaderos el cultivo de <i>Cucumis sativus<\/i><\/p>\n","protected":false},"author":1869,"featured_media":117704,"comment_status":"closed","ping_status":"closed","sticky":false,"template":"","format":"standard","meta":[],"categories":[54,32],"tags":[],"_links":{"self":[{"href":"https:\/\/www.uv.mx\/prensa\/wp-json\/wp\/v2\/posts\/117703"}],"collection":[{"href":"https:\/\/www.uv.mx\/prensa\/wp-json\/wp\/v2\/posts"}],"about":[{"href":"https:\/\/www.uv.mx\/prensa\/wp-json\/wp\/v2\/types\/post"}],"author":[{"embeddable":true,"href":"https:\/\/www.uv.mx\/prensa\/wp-json\/wp\/v2\/users\/1869"}],"replies":[{"embeddable":true,"href":"https:\/\/www.uv.mx\/prensa\/wp-json\/wp\/v2\/comments?post=117703"}],"version-history":[{"count":1,"href":"https:\/\/www.uv.mx\/prensa\/wp-json\/wp\/v2\/posts\/117703\/revisions"}],"predecessor-version":[{"id":117844,"href":"https:\/\/www.uv.mx\/prensa\/wp-json\/wp\/v2\/posts\/117703\/revisions\/117844"}],"wp:featuredmedia":[{"embeddable":true,"href":"https:\/\/www.uv.mx\/prensa\/wp-json\/wp\/v2\/media\/117704"}],"wp:attachment":[{"href":"https:\/\/www.uv.mx\/prensa\/wp-json\/wp\/v2\/media?parent=117703"}],"wp:term":[{"taxonomy":"category","embeddable":true,"href":"https:\/\/www.uv.mx\/prensa\/wp-json\/wp\/v2\/categories?post=117703"},{"taxonomy":"post_tag","embeddable":true,"href":"https:\/\/www.uv.mx\/prensa\/wp-json\/wp\/v2\/tags?post=117703"}],"curies":[{"name":"wp","href":"https:\/\/api.w.org\/{rel}","templated":true}]}}