{"id":117909,"date":"2022-06-20T16:12:52","date_gmt":"2022-06-20T21:12:52","guid":{"rendered":"https:\/\/www.uv.mx\/prensa\/?p=117909"},"modified":"2022-06-21T14:45:27","modified_gmt":"2022-06-21T19:45:27","slug":"alumnas-uv-participaron-en-congreso-nacional-de-ingenieria-sismica","status":"publish","type":"post","link":"https:\/\/www.uv.mx\/prensa\/regiones\/alumnas-uv-participaron-en-congreso-nacional-de-ingenieria-sismica\/","title":{"rendered":"Alumnas UV participaron en Congreso Nacional de Ingenier\u00eda S\u00edsmica"},"content":{"rendered":"<ul class=\"ul1\">\n<li class=\"li1\"><i>Presentaron la ponencia \u201cAn\u00e1lisis de acelerogramas en las ciudades de Iguala, Guerrero y Oaxaca, con \u00e9nfasis en sismos con registros de da\u00f1os en edificaciones\u201d<\/i><\/li>\n<\/ul>\n<p>&nbsp;<\/p>\n<div id=\"attachment_117913\" style=\"width: 732px\" class=\"wp-caption aligncenter\"><img aria-describedby=\"caption-attachment-117913\" decoding=\"async\" loading=\"lazy\" class=\"size-full wp-image-117913\" src=\"https:\/\/www.uv.mx\/prensa\/files\/2022\/06\/170622-CELIA-Estudiantes-Congreso-Nacional-de-Ingenieri\u0301a-Si\u0301smica-1-100k.jpg\" alt=\"Flor Mart\u00ednez Garc\u00eda y Lizet Francisco Fern\u00e1ndez\" width=\"722\" height=\"478\" srcset=\"https:\/\/www.uv.mx\/prensa\/files\/2022\/06\/170622-CELIA-Estudiantes-Congreso-Nacional-de-Ingenieri\u0301a-Si\u0301smica-1-100k.jpg 722w, https:\/\/www.uv.mx\/prensa\/files\/2022\/06\/170622-CELIA-Estudiantes-Congreso-Nacional-de-Ingenieri\u0301a-Si\u0301smica-1-100k-300x199.jpg 300w\" sizes=\"(max-width: 722px) 100vw, 722px\" \/><p id=\"caption-attachment-117913\" class=\"wp-caption-text\">Flor Mart\u00ednez Garc\u00eda y Lizet Francisco Fern\u00e1ndez<\/p><\/div>\n<p>&nbsp;<\/p>\n<p class=\"p1\"><b><i>Alma Celia San Mart\u00edn Cruz<\/i><\/b><\/p>\n<p class=\"p1\"><b><i>20\/06\/2022, Poza Rica, Ver.-<\/i><\/b> Lizet Francisco Fern\u00e1ndez y Flor Mart\u00ednez Garc\u00eda, estudiantes del programa educativo de <a href=\"https:\/\/www.uv.mx\/pozarica\/ingenieriacivil\/\" target=\"_blank\" rel=\"noopener\">Ingenier\u00eda Civil<\/a> de la Universidad Veracruzana (UV), participaron en el 23\u00ba Congreso Nacional de Ingenier\u00eda S\u00edsmica realizado en Juriquilla, Quer\u00e9taro, con el art\u00edculo \u201cAn\u00e1lisis de acelerogramas en las ciudades de Iguala, Guerrero y Oaxaca, con \u00e9nfasis en sismos con registros de da\u00f1os en edificaciones\u201d.<\/p>\n<p class=\"p3\">Lizet Francisco expres\u00f3 que este congreso re\u00fane a estudiantes e investigadores de ingenier\u00eda s\u00edsmica de todo el continente. Su participaci\u00f3n se deriv\u00f3 del trabajo recepcional que ambas presentar\u00e1n en breve para obtener la titulaci\u00f3n, basado en los an\u00e1lisis de acelerogramas y sismos.<\/p>\n<p class=\"p3\">\u201cDecidimos exponer cu\u00e1les son los sismos que han impactado fuertemente en las edificaciones del estado de Oaxaca, del 30 de enero de 1999 y del 8 de septiembre de 2017, donde hubo p\u00e9rdidas materiales y humanas, tanto en \u00e9sta como en otras entidades\u201d, enfatiz\u00f3.<\/p>\n<p class=\"p3\">Cabe mencionar que el texto se elabor\u00f3 de manera conjunta con Paula Viller\u00edas, del Instituto Polit\u00e9cnico Nacional, y Maira Ontiveros, de la Universidad de Salta, Argentina.<\/p>\n<div id=\"attachment_117914\" style=\"width: 732px\" class=\"wp-caption aligncenter\"><img aria-describedby=\"caption-attachment-117914\" decoding=\"async\" loading=\"lazy\" class=\"size-full wp-image-117914\" src=\"https:\/\/www.uv.mx\/prensa\/files\/2022\/06\/170622-CELIA-Estudiantes-Congreso-Nacional-de-Ingenieri\u0301a-Si\u0301smica-2-100k.jpg\" alt=\"Estudiantes de Ingenier\u00eda Civil participaron en el 23\u00ba Congreso Nacional de Ingenier\u00eda S\u00edsmica\" width=\"722\" height=\"478\" srcset=\"https:\/\/www.uv.mx\/prensa\/files\/2022\/06\/170622-CELIA-Estudiantes-Congreso-Nacional-de-Ingenieri\u0301a-Si\u0301smica-2-100k.jpg 722w, https:\/\/www.uv.mx\/prensa\/files\/2022\/06\/170622-CELIA-Estudiantes-Congreso-Nacional-de-Ingenieri\u0301a-Si\u0301smica-2-100k-300x199.jpg 300w\" sizes=\"(max-width: 722px) 100vw, 722px\" \/><p id=\"caption-attachment-117914\" class=\"wp-caption-text\">Estudiantes de Ingenier\u00eda Civil participaron en el 23\u00ba Congreso Nacional de Ingenier\u00eda S\u00edsmica<\/p><\/div>\n<p>&nbsp;<\/p>\n<p class=\"p3\">Flor Mart\u00ednez coment\u00f3 que gracias al trabajo conjunto de las participantes se logr\u00f3 un art\u00edculo muy completo, donde cada quien aport\u00f3 informaci\u00f3n muy importante que se comparti\u00f3 ante estudiantes, acad\u00e9micos e investigadores.<\/p>\n<p class=\"p3\">\u201cEstamos muy agradecidas con la UV porque se nos apoy\u00f3 para asistir al congreso y sobre todo por la oportunidad de aportar informaci\u00f3n para la elaboraci\u00f3n del c\u00f3digo s\u00edsmico en edificaciones del pa\u00eds, el cual se dar\u00e1 a conocer en unos meses\u201d, detall\u00f3.<\/p>\n<p class=\"p3\">Comparti\u00f3 adem\u00e1s que el art\u00edculo es parte del trabajo recepcional \u201cEstudio y an\u00e1lisis comparativo de registros s\u00edsmicos en zonas vulnerables del estado de Oaxaca\u201d, para el cual seleccionaron los sismos por zonas de acuerdo a las afectaciones registradas.<\/p>\n<p class=\"p3\">Las universitarias destacaron el apoyo de la Facultad de Ingenier\u00eda Civil, dirigida por Armando Aguilar Mel\u00e9ndez, mismo que fue fundamental para poder ser parte de este congreso.<\/p>\n","protected":false},"excerpt":{"rendered":"<p>Aportaron informaci\u00f3n para la elaboraci\u00f3n de un c\u00f3digo s\u00edsmico en edificaciones del pa\u00eds, el cual se dar\u00e1 a conocer en unos meses<\/p>\n","protected":false},"author":1775,"featured_media":117947,"comment_status":"closed","ping_status":"closed","sticky":false,"template":"","format":"standard","meta":[],"categories":[54,61,32],"tags":[4339,3427,4950,559,8008,5622,8009,8010,8007,1296,8011],"_links":{"self":[{"href":"https:\/\/www.uv.mx\/prensa\/wp-json\/wp\/v2\/posts\/117909"}],"collection":[{"href":"https:\/\/www.uv.mx\/prensa\/wp-json\/wp\/v2\/posts"}],"about":[{"href":"https:\/\/www.uv.mx\/prensa\/wp-json\/wp\/v2\/types\/post"}],"author":[{"embeddable":true,"href":"https:\/\/www.uv.mx\/prensa\/wp-json\/wp\/v2\/users\/1775"}],"replies":[{"embeddable":true,"href":"https:\/\/www.uv.mx\/prensa\/wp-json\/wp\/v2\/comments?post=117909"}],"version-history":[{"count":1,"href":"https:\/\/www.uv.mx\/prensa\/wp-json\/wp\/v2\/posts\/117909\/revisions"}],"predecessor-version":[{"id":117973,"href":"https:\/\/www.uv.mx\/prensa\/wp-json\/wp\/v2\/posts\/117909\/revisions\/117973"}],"wp:featuredmedia":[{"embeddable":true,"href":"https:\/\/www.uv.mx\/prensa\/wp-json\/wp\/v2\/media\/117947"}],"wp:attachment":[{"href":"https:\/\/www.uv.mx\/prensa\/wp-json\/wp\/v2\/media?parent=117909"}],"wp:term":[{"taxonomy":"category","embeddable":true,"href":"https:\/\/www.uv.mx\/prensa\/wp-json\/wp\/v2\/categories?post=117909"},{"taxonomy":"post_tag","embeddable":true,"href":"https:\/\/www.uv.mx\/prensa\/wp-json\/wp\/v2\/tags?post=117909"}],"curies":[{"name":"wp","href":"https:\/\/api.w.org\/{rel}","templated":true}]}}