{"id":118097,"date":"2022-06-23T19:18:36","date_gmt":"2022-06-24T00:18:36","guid":{"rendered":"https:\/\/www.uv.mx\/prensa\/?p=118097"},"modified":"2022-06-24T11:14:33","modified_gmt":"2022-06-24T16:14:33","slug":"contraloria-uv-orienta-sobre-anticorrupcion-y-responsabilidad-administrativa-en-ies","status":"publish","type":"post","link":"https:\/\/www.uv.mx\/prensa\/banner\/contraloria-uv-orienta-sobre-anticorrupcion-y-responsabilidad-administrativa-en-ies\/","title":{"rendered":"Contralor\u00eda UV orienta sobre anticorrupci\u00f3n y responsabilidad administrativa en IES"},"content":{"rendered":"<ul class=\"ul1\">\n<li class=\"li1\"><i>En foro, expertos juristas ofrecieron charlas sobre alcances y l\u00edmites de la Ley General de Responsabilidades Administrativas<\/i><\/li>\n<li class=\"li1\"><i>Las universidades p\u00fablicas han tenido que realizar un trabajo de armonizaci\u00f3n de sus normas, dijeron<\/i><\/li>\n<\/ul>\n<p>&nbsp;<\/p>\n<div id=\"attachment_118099\" style=\"width: 732px\" class=\"wp-caption aligncenter\"><img aria-describedby=\"caption-attachment-118099\" decoding=\"async\" loading=\"lazy\" class=\"size-full wp-image-118099\" src=\"https:\/\/www.uv.mx\/prensa\/files\/2022\/06\/23062022-Couttolenc-Contralor\u00a1a-UV-orienta-1-100k.jpg\" alt=\"Arturo Miguel Chipuli, Manuel Alejandro Falc\u00f3n y Jacobo Dom\u00ednguez Gudini, en el foro organizado por la Contralor\u00eda General de la UV\" width=\"722\" height=\"423\" srcset=\"https:\/\/www.uv.mx\/prensa\/files\/2022\/06\/23062022-Couttolenc-Contralor\u00a1a-UV-orienta-1-100k.jpg 722w, https:\/\/www.uv.mx\/prensa\/files\/2022\/06\/23062022-Couttolenc-Contralor\u00a1a-UV-orienta-1-100k-300x176.jpg 300w\" sizes=\"(max-width: 722px) 100vw, 722px\" \/><p id=\"caption-attachment-118099\" class=\"wp-caption-text\">Arturo Miguel Chipuli, Manuel Alejandro Falc\u00f3n y Jacobo Dom\u00ednguez Gudini, en el foro organizado por la Contralor\u00eda General de la UV<\/p><\/div>\n<p>&nbsp;<\/p>\n<p class=\"p1\"><b><i>Jos\u00e9 Luis Couttolenc Soto<\/i><\/b><\/p>\n<p class=\"p1\"><b><i>Fotos: Omar Portilla Palacios<\/i><\/b><\/p>\n<p class=\"p1\"><b><i>23\/06\/2022, Xalapa, Ver.-<\/i><\/b><i> <\/i>En el marco del fortalecimiento de las acciones para el conocimiento de los alcances y l\u00edmites de la Ley General de Responsabilidades Administrativas (LGRA) y del Sistema Nacional Anticorrupci\u00f3n, reconocidos juristas participaron en un foro organizado por la Contralor\u00eda General de la Universidad Veracruzana (UV).<\/p>\n<p class=\"p3\">\u201cLas responsabilidades administrativas en las universidades p\u00fablicas y el Sistema Nacional Anticorrupci\u00f3n\u201d, es el nombre del evento virtual que se desarroll\u00f3 el 22 de junio con la participaci\u00f3n de los investigadores Arturo Miguel Chipuli Castillo, Jacobo Dom\u00ednguez Gudini y Alejandro Toledo Utrera, moderados por Manuel Alejandro Falc\u00f3n Rodr\u00edguez, director de Responsabilidades Administrativas y Situaci\u00f3n Patrimonial de la UV.<\/p>\n<p class=\"p1\">Arturo Miguel Chipuli, director del <a href=\"https:\/\/www.uv.mx\/iij\/\" target=\"_blank\" rel=\"noopener\">Instituto de Investigaciones Jur\u00eddicas<\/a> de la UV, expuso que los principios y directrices que se establecen dentro de la LGRA permite establecer par\u00e1metros de la legislaci\u00f3n federal y local que los entes aut\u00f3nomos deben observar, lo que ha llevado a que las universidades p\u00fablicas homologuen sus legislaciones en materia de responsabilidades administrativas \u201cno desde una pauta eminentemente punitiva, sino como mecanismo de prevenci\u00f3n y responsabilidad del cargo que se asume\u201d.<\/p>\n<p class=\"p1\"><b> <\/b>Apunt\u00f3 que estas instituciones de educaci\u00f3n superior (IES), establecen mecanismos como herramientas anticorrupci\u00f3n y de responsabilidades administrativas; en el caso de la UV, cuenta con una contralor\u00eda como \u00f3rgano interno de control (OIC), en tanto otras universidades del pa\u00eds plantean propuestas de mecanismos h\u00edbridos.<\/p>\n<div id=\"attachment_118100\" style=\"width: 732px\" class=\"wp-caption aligncenter\"><img aria-describedby=\"caption-attachment-118100\" decoding=\"async\" loading=\"lazy\" class=\"size-full wp-image-118100\" src=\"https:\/\/www.uv.mx\/prensa\/files\/2022\/06\/23062022-Couttolenc-Contralor\u00a1a-UV-orienta-2-100k.jpg\" alt=\"UV fortalece el conocimiento de los alcances y l\u00edmites de la LGRA y del Sistema Nacional Anticorrupci\u00f3n\" width=\"722\" height=\"414\" srcset=\"https:\/\/www.uv.mx\/prensa\/files\/2022\/06\/23062022-Couttolenc-Contralor\u00a1a-UV-orienta-2-100k.jpg 722w, https:\/\/www.uv.mx\/prensa\/files\/2022\/06\/23062022-Couttolenc-Contralor\u00a1a-UV-orienta-2-100k-300x172.jpg 300w\" sizes=\"(max-width: 722px) 100vw, 722px\" \/><p id=\"caption-attachment-118100\" class=\"wp-caption-text\">UV fortalece el conocimiento de los alcances y l\u00edmites de la LGRA y del Sistema Nacional Anticorrupci\u00f3n<\/p><\/div>\n<p>&nbsp;<\/p>\n<p class=\"p1\">Por su parte Dom\u00ednguez Gudini, profesor de la Divisi\u00f3n de Estudios de Posgrado de la Universidad Nacional Aut\u00f3noma de M\u00e9xico (UNAM), consider\u00f3 que al interior de las universidades coexisten dos tipos de responsabilidad: la administrativa, en t\u00e9rminos del Sistema Nacional Anticorrupci\u00f3n, y la que \u00e9l llama \u201cresponsabilidad universitaria\u201d, que adicionalmente va a establecer otro r\u00e9gimen y que est\u00e1 relacionada con las actividades sustantivas de la instituci\u00f3n educativa.<\/p>\n<p class=\"p1\">Propuso la creaci\u00f3n de un tribunal universitario, similar al que tiene la UNAM, con todas las garant\u00edas del debido proceso, con procedimientos y sanciones debidamente normadas; \u201cpero en la UV se har\u00eda una mejor propuesta respecto a la composici\u00f3n de este tribunal, separando funciones que dar\u00edan garant\u00edas jur\u00eddicas para atender de mejor manera la responsabilidad universitaria\u201d.<\/p>\n<p class=\"p1\">En tanto Alejandro Toledo Utrera, director de Normatividad en la Direcci\u00f3n General de Tecnolog\u00edas de Informaci\u00f3n de la Suprema Corte de Justicia de la Naci\u00f3n (SCJN), se refiri\u00f3 a la competencia de secretar\u00edas, OIC y hom\u00f3logas; se\u00f1al\u00f3 que las entidades federativas tendr\u00e1n a su cargo, en el \u00e1mbito de su competencia, la investigaci\u00f3n, substanciaci\u00f3n y calificaci\u00f3n de las faltas administrativas.<\/p>\n<p class=\"p1\">Precis\u00f3 que trat\u00e1ndose de actos u omisiones calificados como faltas no graves, ser\u00e1n las secretar\u00edas y los OIC los que los atiendan, y en el caso de las faltas consideradas graves corresponder\u00e1 dar soluci\u00f3n al Tribunal de Justicia Administrativa.<\/p>\n","protected":false},"excerpt":{"rendered":"<p>Las instituciones de educaci\u00f3n superior establecen mecanismos como herramientas anticorrupci\u00f3n y en el caso de la UV, cuenta con una contralor\u00eda como \u00f3rgano interno de control.<\/p>\n","protected":false},"author":1775,"featured_media":118101,"comment_status":"closed","ping_status":"closed","sticky":false,"template":"","format":"standard","meta":[],"categories":[61],"tags":[5144,4162,8035,8036,6462,8037],"_links":{"self":[{"href":"https:\/\/www.uv.mx\/prensa\/wp-json\/wp\/v2\/posts\/118097"}],"collection":[{"href":"https:\/\/www.uv.mx\/prensa\/wp-json\/wp\/v2\/posts"}],"about":[{"href":"https:\/\/www.uv.mx\/prensa\/wp-json\/wp\/v2\/types\/post"}],"author":[{"embeddable":true,"href":"https:\/\/www.uv.mx\/prensa\/wp-json\/wp\/v2\/users\/1775"}],"replies":[{"embeddable":true,"href":"https:\/\/www.uv.mx\/prensa\/wp-json\/wp\/v2\/comments?post=118097"}],"version-history":[{"count":1,"href":"https:\/\/www.uv.mx\/prensa\/wp-json\/wp\/v2\/posts\/118097\/revisions"}],"predecessor-version":[{"id":118133,"href":"https:\/\/www.uv.mx\/prensa\/wp-json\/wp\/v2\/posts\/118097\/revisions\/118133"}],"wp:featuredmedia":[{"embeddable":true,"href":"https:\/\/www.uv.mx\/prensa\/wp-json\/wp\/v2\/media\/118101"}],"wp:attachment":[{"href":"https:\/\/www.uv.mx\/prensa\/wp-json\/wp\/v2\/media?parent=118097"}],"wp:term":[{"taxonomy":"category","embeddable":true,"href":"https:\/\/www.uv.mx\/prensa\/wp-json\/wp\/v2\/categories?post=118097"},{"taxonomy":"post_tag","embeddable":true,"href":"https:\/\/www.uv.mx\/prensa\/wp-json\/wp\/v2\/tags?post=118097"}],"curies":[{"name":"wp","href":"https:\/\/api.w.org\/{rel}","templated":true}]}}