{"id":118182,"date":"2022-06-24T15:34:22","date_gmt":"2022-06-24T20:34:22","guid":{"rendered":"https:\/\/www.uv.mx\/prensa\/?p=118182"},"modified":"2022-06-27T12:51:56","modified_gmt":"2022-06-27T17:51:56","slug":"expertos-expondran-impactos-de-la-covid-19-desde-enfoque-multidisciplinario","status":"publish","type":"post","link":"https:\/\/www.uv.mx\/prensa\/eventos\/expertos-expondran-impactos-de-la-covid-19-desde-enfoque-multidisciplinario\/","title":{"rendered":"Expertos expondr\u00e1n impactos de la COVID-19 desde enfoque multidisciplinario\u00a0"},"content":{"rendered":"<p>&nbsp;<\/p>\n<ul>\n<li data-leveltext=\"\uf0b7\" data-font=\"Symbol\" data-listid=\"1\" data-list-defn-props=\"{&quot;335551671&quot;:0,&quot;335552541&quot;:1,&quot;335559684&quot;:-2,&quot;335559685&quot;:720,&quot;335559991&quot;:360,&quot;469769226&quot;:&quot;Symbol&quot;,&quot;469769242&quot;:[8226],&quot;469777803&quot;:&quot;left&quot;,&quot;469777804&quot;:&quot;\uf0b7&quot;,&quot;469777815&quot;:&quot;hybridMultilevel&quot;}\" data-aria-posinset=\"0\" data-aria-level=\"1\"><i><span data-contrast=\"auto\">La Cl\u00ednica Universitaria de Salud Reproductiva y Sexual realizar\u00e1 los d\u00edas 8, 9 y 10 de septiembre el 4\u00ba Congreso Universitario, en modalidad presencial<\/span><\/i><span data-ccp-props=\"{&quot;201341983&quot;:0,&quot;335559739&quot;:0,&quot;335559740&quot;:240}\">\u00a0<\/span><\/li>\n<li data-leveltext=\"\uf0b7\" data-font=\"Symbol\" data-listid=\"1\" data-list-defn-props=\"{&quot;335551671&quot;:0,&quot;335552541&quot;:1,&quot;335559684&quot;:-2,&quot;335559685&quot;:720,&quot;335559991&quot;:360,&quot;469769226&quot;:&quot;Symbol&quot;,&quot;469769242&quot;:[8226],&quot;469777803&quot;:&quot;left&quot;,&quot;469777804&quot;:&quot;\uf0b7&quot;,&quot;469777815&quot;:&quot;hybridMultilevel&quot;}\" data-aria-posinset=\"0\" data-aria-level=\"1\"><i><span data-contrast=\"auto\">Participar\u00e1n ponentes de reconocido prestigio nacional e internacional<\/span><\/i><span data-ccp-props=\"{&quot;201341983&quot;:0,&quot;335559739&quot;:0,&quot;335559740&quot;:240}\">\u00a0<\/span><\/li>\n<\/ul>\n<p><span data-ccp-props=\"{&quot;201341983&quot;:0,&quot;335559739&quot;:0,&quot;335559740&quot;:240}\">\u00a0<\/span><\/p>\n<div id=\"attachment_118175\" style=\"width: 732px\" class=\"wp-caption aligncenter\"><a href=\"https:\/\/www.uv.mx\/prensa\/files\/2022\/06\/22062022-Couttolenc-4-Congreso-salud-1.jpg\"><img aria-describedby=\"caption-attachment-118175\" decoding=\"async\" loading=\"lazy\" class=\"size-full wp-image-118175\" src=\"https:\/\/www.uv.mx\/prensa\/files\/2022\/06\/22062022-Couttolenc-4-Congreso-salud-1.jpg\" alt=\"\" width=\"722\" height=\"468\" srcset=\"https:\/\/www.uv.mx\/prensa\/files\/2022\/06\/22062022-Couttolenc-4-Congreso-salud-1.jpg 722w, https:\/\/www.uv.mx\/prensa\/files\/2022\/06\/22062022-Couttolenc-4-Congreso-salud-1-300x194.jpg 300w\" sizes=\"(max-width: 722px) 100vw, 722px\" \/><\/a><p id=\"caption-attachment-118175\" class=\"wp-caption-text\">Alejandro Escobar, director de la CUSRS, dio a conocer a los ponentes del 4\u00ba Congreso Universitario de Salud<\/p><\/div>\n<p>&nbsp;<\/p>\n<p><b><i><span data-contrast=\"auto\">Jos\u00e9 Luis Couttolenc Soto<\/span><\/i><\/b><span data-ccp-props=\"{&quot;201341983&quot;:0,&quot;335559739&quot;:0,&quot;335559740&quot;:240}\">\u00a0<\/span><\/p>\n<p><b><i><span data-contrast=\"auto\">Fotos: Omar Portilla Palacios<\/span><\/i><\/b><span data-ccp-props=\"{&quot;201341983&quot;:0,&quot;335559739&quot;:0,&quot;335559740&quot;:240}\">\u00a0<\/span><\/p>\n<p><b><i><span data-contrast=\"auto\">24\/06\/2022, Xalapa, Ver.- <\/span><\/i><\/b><span data-contrast=\"auto\">Alejandro Escobar Mesa, director de la<a href=\"https:\/\/www.uv.mx\/cusrs\/\" target=\"_blank\" rel=\"noopener\"> Cl\u00ednica Universitaria de Salud Reproductiva y Sexual<\/a> (CUSRS) de la Universidad Veracruzana (UV), inform\u00f3 que del 8 al 10 de septiembre se llevar\u00e1 a cabo el 4\u00ba Congreso Universitario que este a\u00f1o tendr\u00e1 como tema \u201cLa COVID-19: Un enfoque multidisciplinar\u201d.<\/span><span data-ccp-props=\"{&quot;201341983&quot;:0,&quot;335559739&quot;:0,&quot;335559740&quot;:240}\">\u00a0<\/span><\/p>\n<p><span data-contrast=\"auto\">A trav\u00e9s de ponencias magistrales, a cargo de reconocidos expertos de prestigio nacional e internacional, la UV busca continuar abordando un tema que en la actualidad tiene gran importancia en el mundo por la huella y secuelas que ha dejado la pandemia por SARS-CoV-2.<\/span><span data-ccp-props=\"{&quot;201341983&quot;:0,&quot;335559739&quot;:0,&quot;335559740&quot;:240}\">\u00a0<\/span><\/p>\n<p><span data-contrast=\"auto\">\u201cPor esa raz\u00f3n, desde la Universidad queremos seguir actualizando a acad\u00e9micos, investigadores, estudiantes, m\u00e9dicos, qu\u00edmicos, enfermeras, personal de salud y p\u00fablico interesado en el tema\u201d, dijo el titular de la entidad universitaria.<\/span><span data-ccp-props=\"{&quot;201341983&quot;:0,&quot;335559739&quot;:0,&quot;335559740&quot;:240}\">\u00a0<\/span><\/p>\n<p><span data-contrast=\"auto\">En la sede del congreso (Sal\u00f3n \u201cCoatepec\u201d del Hotel Holiday Inn Express de Xalapa) se contar\u00e1 con especialistas del Instituto Nacional de Ciencias M\u00e9dicas y Nutrici\u00f3n \u201cSalvador Zubir\u00e1n\u201d, Instituto Nacional de Perinatolog\u00eda (<\/span><i><span data-contrast=\"auto\">Inper<\/span><\/i><span data-contrast=\"auto\">), Instituto Nacional de Enfermedades Respiratorias, Sociedad Mexicana de Salud P\u00fablica, investigadores de la UV y la Universidad Nacional Aut\u00f3noma de M\u00e9xico (UNAM) pertenecientes al Sistema Nacional de Investigadores, profesores y expertos en temas de laboratorio, as\u00ed como de la industria privada.<\/span><span data-ccp-props=\"{&quot;201341983&quot;:0,&quot;335559739&quot;:0,&quot;335559740&quot;:240}\">\u00a0<\/span><\/p>\n<p><span data-contrast=\"auto\">El primer d\u00eda de actividades, luego de la ceremonia protocolaria inaugural, Laurie Ann Xim\u00e9nez-Fyvie, profesora e investigadora de microbiolog\u00eda del Laboratorio de Gen\u00e9tica Molecular de la UNAM, hablar\u00e1 sobre la situaci\u00f3n actual de la COVID-19 en M\u00e9xico y el mundo.<\/span><span data-ccp-props=\"{&quot;201341983&quot;:0,&quot;335559739&quot;:0,&quot;335559740&quot;:240}\">\u00a0<\/span><\/p>\n<p><span data-contrast=\"auto\">\u201cSe habla de un incremento en el n\u00famero de casos aunque con menor mortalidad, pero es importante actualizarse en c\u00f3mo se sigue moviendo la pandemia\u201d, dijo Alejandro Escobar.<\/span><span data-ccp-props=\"{&quot;201341983&quot;:0,&quot;335559731&quot;:708,&quot;335559739&quot;:0,&quot;335559740&quot;:240}\">\u00a0<\/span><\/p>\n<p><span data-contrast=\"auto\">El segundo d\u00eda habr\u00e1 una mesa de an\u00e1lisis en la que expertos del <\/span><i><span data-contrast=\"auto\">Inper<\/span><\/i><span data-contrast=\"auto\"> abordar\u00e1n las lecciones aprendidas con el embarazo, el pron\u00f3stico con personas que han tenido COVID, cambios que pueda generar la infecci\u00f3n en placenta y complicaciones de una muerte perinatal.<\/span><span data-ccp-props=\"{&quot;201341983&quot;:0,&quot;335559731&quot;:708,&quot;335559739&quot;:0,&quot;335559740&quot;:240}\">\u00a0<\/span><\/p>\n<p><span data-contrast=\"auto\">Para el tercer d\u00eda una de las conferencias magistrales estar\u00e1 a cargo de Jos\u00e9 Javier Elizalde Gonz\u00e1lez, jefe de los servicios de neumolog\u00eda del Instituto Nacional de Ciencias M\u00e9dicas y Nutrici\u00f3n, quien hablar\u00e1 de las complicaciones pulmonares despu\u00e9s de la infecci\u00f3n.<\/span><span data-ccp-props=\"{&quot;201341983&quot;:0,&quot;335559739&quot;:0,&quot;335559740&quot;:240}\">\u00a0<\/span><\/p>\n<p><span data-contrast=\"auto\">Se abordar\u00e1 tambi\u00e9n el diagn\u00f3stico de la enfermedad en laboratorio y la salud mental, que es un tema que ha dejado huella y ha sido poco atendido, debido a que la mirada ha estado centrada en la enfermedad f\u00edsica, pero est\u00e1 dejando un rezago mental considerable.<\/span><span data-ccp-props=\"{&quot;201341983&quot;:0,&quot;335559739&quot;:0,&quot;335559740&quot;:240}\">\u00a0<\/span><\/p>\n<p><span data-contrast=\"auto\">Cuauht\u00e9moc Ruiz Matus, experto sanitarista mexicano con amplia experiencia de lo que ha ocurrido en Am\u00e9rica, en conferencia magistral expondr\u00e1 lo que nos dej\u00f3 la vacunaci\u00f3n contra la COVID-19.<\/span><span data-ccp-props=\"{&quot;201341983&quot;:0,&quot;335559739&quot;:0,&quot;335559740&quot;:240}\">\u00a0<\/span><\/p>\n<p><span data-contrast=\"auto\">Aunque se ha dicho que la enfermedad por SARS-CoV-2 no es tan importante en ni\u00f1os, Rub\u00e9n Manuel Ladr\u00f3n de Guevara Hern\u00e1ndez, pediatra intensivista experto en manejo de ni\u00f1os con COVID, abordar\u00e1 las complicaciones que ha observado en este grupo de edad.<\/span><span data-ccp-props=\"{&quot;201341983&quot;:0,&quot;335559731&quot;:708,&quot;335559739&quot;:0,&quot;335559740&quot;:240}\">\u00a0<\/span><\/p>\n<p><span data-ccp-props=\"{&quot;201341983&quot;:0,&quot;335559739&quot;:0,&quot;335559740&quot;:240}\">\u00a0<\/span><\/p>\n<div id=\"attachment_118176\" style=\"width: 732px\" class=\"wp-caption aligncenter\"><a href=\"https:\/\/www.uv.mx\/prensa\/files\/2022\/06\/22062022-Couttolenc-4-Congreso-salud-2.jpg\"><img aria-describedby=\"caption-attachment-118176\" decoding=\"async\" loading=\"lazy\" class=\"size-full wp-image-118176\" src=\"https:\/\/www.uv.mx\/prensa\/files\/2022\/06\/22062022-Couttolenc-4-Congreso-salud-2.jpg\" alt=\"\" width=\"722\" height=\"645\" srcset=\"https:\/\/www.uv.mx\/prensa\/files\/2022\/06\/22062022-Couttolenc-4-Congreso-salud-2.jpg 722w, https:\/\/www.uv.mx\/prensa\/files\/2022\/06\/22062022-Couttolenc-4-Congreso-salud-2-300x268.jpg 300w\" sizes=\"(max-width: 722px) 100vw, 722px\" \/><\/a><p id=\"caption-attachment-118176\" class=\"wp-caption-text\">Con el tema central \u201cLa COVID-19: Un enfoque multidisciplinar\u201d, del 8 al 10 de septiembre se realizar\u00e1 el congreso<\/p><\/div>\n","protected":false},"excerpt":{"rendered":"<p>La Cl\u00ednica Universitaria de Salud Reproductiva y Sexual realizar\u00e1 los d\u00edas 8, 9 y 10 de septiembre el 4\u00ba Congreso Universitario, en modalidad presencial\u00a0\u00a0\u00a0<\/p>\n","protected":false},"author":1869,"featured_media":118176,"comment_status":"closed","ping_status":"closed","sticky":false,"template":"","format":"standard","meta":[],"categories":[47],"tags":[1455,7403,4162,6462],"_links":{"self":[{"href":"https:\/\/www.uv.mx\/prensa\/wp-json\/wp\/v2\/posts\/118182"}],"collection":[{"href":"https:\/\/www.uv.mx\/prensa\/wp-json\/wp\/v2\/posts"}],"about":[{"href":"https:\/\/www.uv.mx\/prensa\/wp-json\/wp\/v2\/types\/post"}],"author":[{"embeddable":true,"href":"https:\/\/www.uv.mx\/prensa\/wp-json\/wp\/v2\/users\/1869"}],"replies":[{"embeddable":true,"href":"https:\/\/www.uv.mx\/prensa\/wp-json\/wp\/v2\/comments?post=118182"}],"version-history":[{"count":1,"href":"https:\/\/www.uv.mx\/prensa\/wp-json\/wp\/v2\/posts\/118182\/revisions"}],"predecessor-version":[{"id":118254,"href":"https:\/\/www.uv.mx\/prensa\/wp-json\/wp\/v2\/posts\/118182\/revisions\/118254"}],"wp:featuredmedia":[{"embeddable":true,"href":"https:\/\/www.uv.mx\/prensa\/wp-json\/wp\/v2\/media\/118176"}],"wp:attachment":[{"href":"https:\/\/www.uv.mx\/prensa\/wp-json\/wp\/v2\/media?parent=118182"}],"wp:term":[{"taxonomy":"category","embeddable":true,"href":"https:\/\/www.uv.mx\/prensa\/wp-json\/wp\/v2\/categories?post=118182"},{"taxonomy":"post_tag","embeddable":true,"href":"https:\/\/www.uv.mx\/prensa\/wp-json\/wp\/v2\/tags?post=118182"}],"curies":[{"name":"wp","href":"https:\/\/api.w.org\/{rel}","templated":true}]}}