{"id":118192,"date":"2022-06-26T08:00:45","date_gmt":"2022-06-26T13:00:45","guid":{"rendered":"https:\/\/www.uv.mx\/prensa\/?p=118192"},"modified":"2022-06-27T12:35:01","modified_gmt":"2022-06-27T17:35:01","slug":"al-cambio-climatico-se-debe-responder-de-forma-colectiva-no-individual-cosustenta","status":"publish","type":"post","link":"https:\/\/www.uv.mx\/prensa\/banner\/al-cambio-climatico-se-debe-responder-de-forma-colectiva-no-individual-cosustenta\/","title":{"rendered":"Al cambio clim\u00e1tico se debe responder de forma colectiva, no individual: <i>CoSustenta<\/i>"},"content":{"rendered":"<p>&nbsp;<\/p>\n<ul>\n<li><em>En la ISSUV, la titular de la <\/em>CoSustenta, <em>Laura Bello aport\u00f3 sobre el tema mediante el taller \u201cCiudadan\u00eda y educaci\u00f3n para el cambio clim\u00e1tico\u201d<\/em><\/li>\n<\/ul>\n<p>&nbsp;<\/p>\n<div id=\"attachment_118178\" style=\"width: 732px\" class=\"wp-caption aligncenter\"><a href=\"https:\/\/www.uv.mx\/prensa\/files\/2022\/06\/23062022-KARINA-Taller-Educacion-y-Cambio-Climatico-1.jpg\"><img aria-describedby=\"caption-attachment-118178\" decoding=\"async\" loading=\"lazy\" class=\"size-full wp-image-118178\" src=\"https:\/\/www.uv.mx\/prensa\/files\/2022\/06\/23062022-KARINA-Taller-Educacion-y-Cambio-Climatico-1.jpg\" alt=\"\" width=\"722\" height=\"481\" srcset=\"https:\/\/www.uv.mx\/prensa\/files\/2022\/06\/23062022-KARINA-Taller-Educacion-y-Cambio-Climatico-1.jpg 722w, https:\/\/www.uv.mx\/prensa\/files\/2022\/06\/23062022-KARINA-Taller-Educacion-y-Cambio-Climatico-1-300x200.jpg 300w\" sizes=\"(max-width: 722px) 100vw, 722px\" \/><\/a><p id=\"caption-attachment-118178\" class=\"wp-caption-text\">La titular de la <em>CoSustenta<\/em> y estudiantes de posgrado impartieron el taller \u201cCiudadan\u00eda y educaci\u00f3n para el cambio clim\u00e1tico\u201d<\/p><\/div>\n<p>&nbsp;<\/p>\n<p><strong><em>Karina de la Paz Reyes D\u00edaz<\/em><\/strong><\/p>\n<p><strong><em>Fotos: C\u00e9sar Pisil Ramos<\/em><\/strong><\/p>\n<p><strong><em>26\/06\/2022, Xalapa, Ver.<\/em><\/strong> El cambio clim\u00e1tico es el desaf\u00edo m\u00e1s relevante del siglo XXI y ante \u00e9l, como humanidad, debemos responder de manera colectiva, no individual, se\u00f1al\u00f3 Laura Bello Benavides, titular de la <a href=\"https:\/\/www.uv.mx\/cosustenta\/\" target=\"_blank\" rel=\"noopener\">Coordinaci\u00f3n Universitaria para la Sustentabilidad<\/a> (<em>CoSustenta<\/em>) de la Universidad Veracruzana (UV).<\/p>\n<p>Para la investigadora, es fundamental abordar el tema del cambio clim\u00e1tico en los espacios universitarios, porque las instituciones de educaci\u00f3n superior tienen dos tareas esenciales: generar conocimiento y formar profesionistas que se incorporen a la vida social desde una perspectiva responsable de ecociudadan\u00eda.<\/p>\n<p>Esto es, saber actuar no s\u00f3lo de manera individual, sino colectiva, y ejercer el derecho ciudadano de responder a la emergencia clim\u00e1tica que se vive, precis\u00f3.<\/p>\n<p>Es necesario tener claro que el cambio clim\u00e1tico no es un tema, sino un \u201cproblema muy grande\u201d que demanda la acci\u00f3n, pero no desarticulada, sino colectiva, ciudadana, insisti\u00f3.<\/p>\n<p>El cambio clim\u00e1tico no debe verse como un problema sino como un desaf\u00edo, lo cual implica \u201cno pasmarnos, sino actuar y actuar bien, de manera informada\u201d.<\/p>\n<p>El separar la basura, no utilizar recipientes desechables \u2013en la medida de lo posible\u2013 ni consumir alimentos utraprocesados no deben verse como medidas suficientes.<\/p>\n<p>\u201c\u00bfQu\u00e9 acciones colectivas puedo hacer? Implicarme en asuntos que tienen que ver con mi regi\u00f3n, con mi localidad y generar acciones colectivas\u201d, dijo; pues si bien el cambio clim\u00e1tico es un asunto global, tiene implicaciones locales, de ah\u00ed la importancia de involucrarse y avanzar. En ese tenor, cit\u00f3 colectivos de mujeres ciclistas y los mercados de productos locales.<\/p>\n<p>&nbsp;<\/p>\n<div id=\"attachment_118179\" style=\"width: 732px\" class=\"wp-caption aligncenter\"><a href=\"https:\/\/www.uv.mx\/prensa\/files\/2022\/06\/23062022-KARINA-Taller-Educacion-y-Cambio-Climatico-2.jpg\"><img aria-describedby=\"caption-attachment-118179\" decoding=\"async\" loading=\"lazy\" class=\"size-full wp-image-118179\" src=\"https:\/\/www.uv.mx\/prensa\/files\/2022\/06\/23062022-KARINA-Taller-Educacion-y-Cambio-Climatico-2.jpg\" alt=\"\" width=\"722\" height=\"481\" srcset=\"https:\/\/www.uv.mx\/prensa\/files\/2022\/06\/23062022-KARINA-Taller-Educacion-y-Cambio-Climatico-2.jpg 722w, https:\/\/www.uv.mx\/prensa\/files\/2022\/06\/23062022-KARINA-Taller-Educacion-y-Cambio-Climatico-2-300x200.jpg 300w\" sizes=\"(max-width: 722px) 100vw, 722px\" \/><\/a><p id=\"caption-attachment-118179\" class=\"wp-caption-text\">El cambio clim\u00e1tico no debe verse como un problema sino como un desaf\u00edo, dijo Laura Bello<\/p><\/div>\n<p>&nbsp;<\/p>\n<p>Para Bello Benavides, la acci\u00f3n se aprende actuando y de ah\u00ed la pertinencia del taller \u201cCiudadan\u00eda y educaci\u00f3n para el cambio clim\u00e1tico\u201d, que imparti\u00f3 junto con tres de sus tesistas de posgrado, en el marco de la Escuela Internacional de Verano (ISSUV) de la Direcci\u00f3n de Relaciones Internacionales de la UV.<\/p>\n<p>La tercera edici\u00f3n de la ISSUV se desarroll\u00f3 del 20 al 24 de junio, en conjunto con el Programa de Estudios de Cambio Clim\u00e1tico (PECCUV), el Centro de Ciencias de la Tierra (CCT) y la C\u00e1tedra UNESCO sobre Ciudadan\u00eda, Educaci\u00f3n y Sustentabilidad Ambiental del Desarrollo de la UV, bajo el t\u00edtulo \u201cEl cambio clim\u00e1tico \u00a1est\u00e1 aqu\u00ed!\u201d.<\/p>\n<p>En lo que respecta al taller, tuvo lugar el jueves 23 de junio en la sala de videoconferencias de la Unidad de Servicios Bibliotecarios y de Informaci\u00f3n de esta regi\u00f3n. Adem\u00e1s de Laura Bello, lo impartieron: Daniela Patricia Arreola Flores y Eduardo Barros Guerrero, estudiantes del Doctorado en Investigaci\u00f3n Educativa; y Dora Alicia Alpides, quien cursa la Maestr\u00eda en Investigaci\u00f3n Educativa, ambos posgrados del Instituto de Investigaciones en Educaci\u00f3n.<\/p>\n<p>El taller lo dividieron en cuatro m\u00f3dulos: Eco-ciudadan\u00eda (implicaciones de una ecociudadan\u00eda), Huella de carbono (ejercicio para evaluar la propia huella de carbono), Consumo personal (implicaciones del consumo personal para los bienes naturales) y Producci\u00f3n industrial (implicaciones del consumo en estructura industrial).<\/p>\n<p>La funcionaria universitaria record\u00f3 que el cambio clim\u00e1tico se asocia con cinco factores: generaci\u00f3n de energ\u00eda, producci\u00f3n industrial, tala de bosques, proceso de transportaci\u00f3n y consumo excesivo.<\/p>\n<p>Adem\u00e1s, tiene seis efectos en el medio ambiente: elevaci\u00f3n de temperaturas, temporales m\u00e1s extremos, aumento de sequ\u00edas, nivel de oc\u00e9ano y calentamientos del agua, desaparici\u00f3n de especies y riesgos en la alimentaci\u00f3n y en la salud.<\/p>\n<p>&nbsp;<\/p>\n<div id=\"attachment_118180\" style=\"width: 732px\" class=\"wp-caption aligncenter\"><a href=\"https:\/\/www.uv.mx\/prensa\/files\/2022\/06\/23062022-KARINA-Taller-Educacion-y-Cambio-Climatico-3.jpg\"><img aria-describedby=\"caption-attachment-118180\" decoding=\"async\" loading=\"lazy\" class=\"size-full wp-image-118180\" src=\"https:\/\/www.uv.mx\/prensa\/files\/2022\/06\/23062022-KARINA-Taller-Educacion-y-Cambio-Climatico-3.jpg\" alt=\"\" width=\"722\" height=\"481\" srcset=\"https:\/\/www.uv.mx\/prensa\/files\/2022\/06\/23062022-KARINA-Taller-Educacion-y-Cambio-Climatico-3.jpg 722w, https:\/\/www.uv.mx\/prensa\/files\/2022\/06\/23062022-KARINA-Taller-Educacion-y-Cambio-Climatico-3-300x200.jpg 300w\" sizes=\"(max-width: 722px) 100vw, 722px\" \/><\/a><p id=\"caption-attachment-118180\" class=\"wp-caption-text\">La tercera edici\u00f3n de la ISSUV se desarrolla de manera h\u00edbrida, en modalidad presencial y a distancia<\/p><\/div>\n","protected":false},"excerpt":{"rendered":"<p>El cambio clim\u00e1tico no es un tema, sino un problema que demanda la acci\u00f3n articulada, colectiva y ciudadana<\/p>\n","protected":false},"author":1869,"featured_media":118193,"comment_status":"closed","ping_status":"closed","sticky":false,"template":"","format":"standard","meta":[],"categories":[61],"tags":[],"_links":{"self":[{"href":"https:\/\/www.uv.mx\/prensa\/wp-json\/wp\/v2\/posts\/118192"}],"collection":[{"href":"https:\/\/www.uv.mx\/prensa\/wp-json\/wp\/v2\/posts"}],"about":[{"href":"https:\/\/www.uv.mx\/prensa\/wp-json\/wp\/v2\/types\/post"}],"author":[{"embeddable":true,"href":"https:\/\/www.uv.mx\/prensa\/wp-json\/wp\/v2\/users\/1869"}],"replies":[{"embeddable":true,"href":"https:\/\/www.uv.mx\/prensa\/wp-json\/wp\/v2\/comments?post=118192"}],"version-history":[{"count":1,"href":"https:\/\/www.uv.mx\/prensa\/wp-json\/wp\/v2\/posts\/118192\/revisions"}],"predecessor-version":[{"id":118244,"href":"https:\/\/www.uv.mx\/prensa\/wp-json\/wp\/v2\/posts\/118192\/revisions\/118244"}],"wp:featuredmedia":[{"embeddable":true,"href":"https:\/\/www.uv.mx\/prensa\/wp-json\/wp\/v2\/media\/118193"}],"wp:attachment":[{"href":"https:\/\/www.uv.mx\/prensa\/wp-json\/wp\/v2\/media?parent=118192"}],"wp:term":[{"taxonomy":"category","embeddable":true,"href":"https:\/\/www.uv.mx\/prensa\/wp-json\/wp\/v2\/categories?post=118192"},{"taxonomy":"post_tag","embeddable":true,"href":"https:\/\/www.uv.mx\/prensa\/wp-json\/wp\/v2\/tags?post=118192"}],"curies":[{"name":"wp","href":"https:\/\/api.w.org\/{rel}","templated":true}]}}