{"id":118265,"date":"2022-06-27T16:46:12","date_gmt":"2022-06-27T21:46:12","guid":{"rendered":"https:\/\/www.uv.mx\/prensa\/?p=118265"},"modified":"2022-06-29T09:45:49","modified_gmt":"2022-06-29T14:45:49","slug":"necesarias-nuevas-categorias-de-analisis-literario-leticia-mora","status":"publish","type":"post","link":"https:\/\/www.uv.mx\/prensa\/eventos\/necesarias-nuevas-categorias-de-analisis-literario-leticia-mora\/","title":{"rendered":"Necesarias nuevas categor\u00edas de an\u00e1lisis literario: Leticia Mora"},"content":{"rendered":"<p>&nbsp;<\/p>\n<ul>\n<li><em>La catedr\u00e1tica coment\u00f3 que, aunque muchas voces refieren que tenemos una crisis de buena literatura, lo que est\u00e1 caduco es la forma en que leemos los textos<\/em><\/li>\n<\/ul>\n<p>&nbsp;<\/p>\n<div id=\"attachment_118261\" style=\"width: 732px\" class=\"wp-caption aligncenter\"><a href=\"https:\/\/www.uv.mx\/prensa\/files\/2022\/06\/240622-CARLOS-Leticia-Mora.jpg\"><img aria-describedby=\"caption-attachment-118261\" decoding=\"async\" loading=\"lazy\" class=\"size-full wp-image-118261\" src=\"https:\/\/www.uv.mx\/prensa\/files\/2022\/06\/240622-CARLOS-Leticia-Mora.jpg\" alt=\"\" width=\"722\" height=\"481\" srcset=\"https:\/\/www.uv.mx\/prensa\/files\/2022\/06\/240622-CARLOS-Leticia-Mora.jpg 722w, https:\/\/www.uv.mx\/prensa\/files\/2022\/06\/240622-CARLOS-Leticia-Mora-300x200.jpg 300w\" sizes=\"(max-width: 722px) 100vw, 722px\" \/><\/a><p id=\"caption-attachment-118261\" class=\"wp-caption-text\">Leticia Mora Perdomo particip\u00f3 con una ponencia en el en el decimocuarto Curso de Creaci\u00f3n Literaria para J\u00f3venes 2022<\/p><\/div>\n<p>&nbsp;<\/p>\n<p><strong><em>Carlos Hugo Hermida Rosales<\/em><\/strong><\/p>\n<p><strong><em>Foto: C\u00e9sar Pisil Ramos<\/em><\/strong><\/p>\n<p><strong><em>27\/06\/2022, Xalapa, Ver.-<\/em><\/strong> \u201cAunque muchas voces refieren que actualmente tenemos una crisis de buena literatura nunca antes se hab\u00eda escrito tanto como en nuestra \u00e9poca, y lo que est\u00e1 caduco es la forma en que leemos los textos\u201d, asegur\u00f3 Leticia Mora Perdomo en el decimocuarto Curso de Creaci\u00f3n Literaria para J\u00f3venes 2022, realizado por la <a href=\"https:\/\/www.uv.mx\/\" target=\"_blank\" rel=\"noopener\">Universidad Veracruzana<\/a> (UV) y la Fundaci\u00f3n para la Letras Mexicanas (f,l,m.).<\/p>\n<p>Al disertar sobre \u201cLos giros (subjetivo, visual y \u00e9tico) en la narrativa contempor\u00e1nea\u201d, la acad\u00e9mica del Instituto de Investigaciones Ling\u00fc\u00edstico-Literarias (IIL-L) de la UV, puntualiz\u00f3 que lo que se necesitan son nuevas categor\u00edas de an\u00e1lisis literario que permitan clasificar las obras que se producen constantemente.<\/p>\n<p>Destac\u00f3 que si bien a\u00fan se puede hablar de literatura hispanoamericana ya no existen po\u00e9ticas aglutinantes en torno a ella, como en su momento lo fue el realismo m\u00e1gico.<\/p>\n<p>Al dialogar sobre la trayectoria del escritor colombiano Pablo Montoya, la investigadora y presidenta en turno de la Junta de Gobierno de la UV, hizo \u00e9nfasis en dos de sus novelas: <em>La sed del ojo<\/em> y <em>Tr\u00edptico de la infamia<\/em>.<\/p>\n<p>La primera, aborda un hecho hist\u00f3rico ocurrido en octubre de 1860, cuando m\u00e1s de cuatro mil fotograf\u00edas consideradas obscenas fueron confiscadas en una redada y luego quemadas por la polic\u00eda de Par\u00eds.<\/p>\n<p>A trav\u00e9s del texto, el autor imagina el revuelo que estas im\u00e1genes causaron en la sociedad francesa del siglo XIX.<\/p>\n<p>Por su parte, <em>Tr\u00edptico de la infamia <\/em>recupera las voces de los pintores Jaques Le Moyne, Francois Dubois y Th\u00e9odore de Bry, quienes hicieron un registro pict\u00f3rico del encuentro de los expedicionarios franceses con los nativos americanos.<\/p>\n<p>Leticia Mora relat\u00f3 que Jaques Le Moyne qued\u00f3 deslumbrado al descubrir a los nativos, e hizo las primeras representaciones de ind\u00edgenas americanos que se conocieron en el mundo.<\/p>\n<p>\u201cEn la \u00e9poca colonial el arte condens\u00f3 saberes y subjetividades, y pocas obras como <em>Tr\u00edptico de la infamia <\/em>narran historias de hallazgo, rapi\u00f1a y verdad\u201d, mencion\u00f3.<\/p>\n","protected":false},"excerpt":{"rendered":"<p>\u201cNunca antes se hab\u00eda escrito tanto como en nuestra \u00e9poca, lo que est\u00e1 caduco es la forma en que leemos los textos\u201d, afirm\u00f3 la acad\u00e9mica e investigadora de la UV<\/p>\n","protected":false},"author":1869,"featured_media":118267,"comment_status":"closed","ping_status":"closed","sticky":false,"template":"","format":"standard","meta":[],"categories":[47],"tags":[4161,6263,1678],"_links":{"self":[{"href":"https:\/\/www.uv.mx\/prensa\/wp-json\/wp\/v2\/posts\/118265"}],"collection":[{"href":"https:\/\/www.uv.mx\/prensa\/wp-json\/wp\/v2\/posts"}],"about":[{"href":"https:\/\/www.uv.mx\/prensa\/wp-json\/wp\/v2\/types\/post"}],"author":[{"embeddable":true,"href":"https:\/\/www.uv.mx\/prensa\/wp-json\/wp\/v2\/users\/1869"}],"replies":[{"embeddable":true,"href":"https:\/\/www.uv.mx\/prensa\/wp-json\/wp\/v2\/comments?post=118265"}],"version-history":[{"count":1,"href":"https:\/\/www.uv.mx\/prensa\/wp-json\/wp\/v2\/posts\/118265\/revisions"}],"predecessor-version":[{"id":118348,"href":"https:\/\/www.uv.mx\/prensa\/wp-json\/wp\/v2\/posts\/118265\/revisions\/118348"}],"wp:featuredmedia":[{"embeddable":true,"href":"https:\/\/www.uv.mx\/prensa\/wp-json\/wp\/v2\/media\/118267"}],"wp:attachment":[{"href":"https:\/\/www.uv.mx\/prensa\/wp-json\/wp\/v2\/media?parent=118265"}],"wp:term":[{"taxonomy":"category","embeddable":true,"href":"https:\/\/www.uv.mx\/prensa\/wp-json\/wp\/v2\/categories?post=118265"},{"taxonomy":"post_tag","embeddable":true,"href":"https:\/\/www.uv.mx\/prensa\/wp-json\/wp\/v2\/tags?post=118265"}],"curies":[{"name":"wp","href":"https:\/\/api.w.org\/{rel}","templated":true}]}}