{"id":118336,"date":"2022-06-28T20:19:33","date_gmt":"2022-06-29T01:19:33","guid":{"rendered":"https:\/\/www.uv.mx\/prensa\/?p=118336"},"modified":"2022-06-29T09:25:26","modified_gmt":"2022-06-29T14:25:26","slug":"uv-publicara-lista-de-corrimiento-el-6-de-agosto","status":"publish","type":"post","link":"https:\/\/www.uv.mx\/prensa\/banner\/uv-publicara-lista-de-corrimiento-el-6-de-agosto\/","title":{"rendered":"UV publicar\u00e1 lista de corrimiento el 6 de agosto"},"content":{"rendered":"<ul class=\"ul1\">\n<li class=\"li1\"><i>El viernes 12 se dar\u00e1n a conocer las vacantes disponibles<\/i><\/li>\n<li class=\"li2\"><span class=\"s3\"><i>Mayor informaci\u00f3n del proceso en <\/i><a href=\"https:\/\/www.uv.mx\/escolar\/licenciatura2022\/convocatorias\/index.html\"><span class=\"s4\">https:\/\/www.uv.mx\/escolar\/licenciatura2022\/convocatorias\/index.html<\/span><\/a><\/span><\/li>\n<\/ul>\n<p>&nbsp;<\/p>\n<div id=\"attachment_118337\" style=\"width: 732px\" class=\"wp-caption aligncenter\"><img aria-describedby=\"caption-attachment-118337\" decoding=\"async\" loading=\"lazy\" class=\"size-full wp-image-118337\" src=\"https:\/\/www.uv.mx\/prensa\/files\/2022\/06\/280622-PAOLA-Aspirantes-100k.jpg\" alt=\"UV informa a los aspirantes sobre el proceso de solicitud de lugares disponibles por corrimiento y vacantes\" width=\"722\" height=\"481\" srcset=\"https:\/\/www.uv.mx\/prensa\/files\/2022\/06\/280622-PAOLA-Aspirantes-100k.jpg 722w, https:\/\/www.uv.mx\/prensa\/files\/2022\/06\/280622-PAOLA-Aspirantes-100k-300x200.jpg 300w\" sizes=\"(max-width: 722px) 100vw, 722px\" \/><p id=\"caption-attachment-118337\" class=\"wp-caption-text\">UV informa a los aspirantes sobre el proceso de solicitud de lugares disponibles por corrimiento y vacantes<\/p><\/div>\n<p>&nbsp;<\/p>\n<p class=\"p1\"><b><i>Paola Cort\u00e9s P\u00e9rez<\/i><\/b><\/p>\n<p class=\"p1\"><b><i>Foto: C\u00e9sar Pisil Ramos<\/i><\/b><\/p>\n<p class=\"p1\"><b><i>28\/06\/2022, Xalapa, Ver.-<\/i><\/b> La <a href=\"https:\/\/www.uv.mx\/\" target=\"_blank\" rel=\"noopener\">Universidad Veracruzana<\/a> (UV) informa a las y los j\u00f3venes que no tuvieron derecho a inscripci\u00f3n en la primera lista publicada el lunes 27 de junio, que a\u00fan pueden solicitar un lugar por corrimiento y\/o vacantes.<\/p>\n<p class=\"p3\">El s\u00e1bado 6 de agosto, en el portal de esta <a href=\"https:\/\/www.uv.mx\/\"><span class=\"s1\">casa de estudios<\/span><\/a>, se publicar\u00e1 la lista de lugares disponibles por corrimiento y el viernes 12 la correspondiente a las vacantes.<\/p>\n<p class=\"p3\">Para mayores detalles sobre las condiciones del corrimiento y las vacantes en la convocatoria de ingreso, los interesados pueden consultar en <a href=\"https:\/\/www.uv.mx\/escolar\/licenciatura2022\/convocatorias\/index.html\"><span class=\"s1\">https:\/\/www.uv.mx\/escolar\/licenciatura2022\/convocatorias\/index.html<\/span><\/a><\/p>\n<p class=\"p3\">Por otro lado, se recomienda revisar las diversas opciones de educaci\u00f3n superior que ofrece de la Secretar\u00eda de Educaci\u00f3n de Veracruz (SEV), a trav\u00e9s de la plataforma del Programa Estatal de Oferta Educativa (PEOE) en <a href=\"https:\/\/semsys.sev.gob.mx\/PEOE\/PE.html\"><span class=\"s1\">https:\/\/semsys.sev.gob.mx\/PEOE\/PE.html<\/span><\/a><\/p>\n<p class=\"p3\">Para cualquier duda, contactar a la l\u00ednea del Centro de Atenci\u00f3n Personalizada 2289 800540, o consultar las redes sociales de la Subsecretar\u00eda de Educaci\u00f3n Media Superior y Superior @SEMSySVer.<\/p>\n","protected":false},"excerpt":{"rendered":"<p>El s\u00e1bado 6 de agosto, en el portal de esta casa de estudios, se publicar\u00e1 la lista de lugares disponibles por corrimiento y el viernes 12 la correspondiente a las vacantes.<\/p>\n","protected":false},"author":1775,"featured_media":118338,"comment_status":"closed","ping_status":"closed","sticky":false,"template":"","format":"standard","meta":[],"categories":[61],"tags":[6263,8091,8089,4164,8093,8092,3548,8095,3549,8094,8090],"_links":{"self":[{"href":"https:\/\/www.uv.mx\/prensa\/wp-json\/wp\/v2\/posts\/118336"}],"collection":[{"href":"https:\/\/www.uv.mx\/prensa\/wp-json\/wp\/v2\/posts"}],"about":[{"href":"https:\/\/www.uv.mx\/prensa\/wp-json\/wp\/v2\/types\/post"}],"author":[{"embeddable":true,"href":"https:\/\/www.uv.mx\/prensa\/wp-json\/wp\/v2\/users\/1775"}],"replies":[{"embeddable":true,"href":"https:\/\/www.uv.mx\/prensa\/wp-json\/wp\/v2\/comments?post=118336"}],"version-history":[{"count":1,"href":"https:\/\/www.uv.mx\/prensa\/wp-json\/wp\/v2\/posts\/118336\/revisions"}],"predecessor-version":[{"id":118340,"href":"https:\/\/www.uv.mx\/prensa\/wp-json\/wp\/v2\/posts\/118336\/revisions\/118340"}],"wp:featuredmedia":[{"embeddable":true,"href":"https:\/\/www.uv.mx\/prensa\/wp-json\/wp\/v2\/media\/118338"}],"wp:attachment":[{"href":"https:\/\/www.uv.mx\/prensa\/wp-json\/wp\/v2\/media?parent=118336"}],"wp:term":[{"taxonomy":"category","embeddable":true,"href":"https:\/\/www.uv.mx\/prensa\/wp-json\/wp\/v2\/categories?post=118336"},{"taxonomy":"post_tag","embeddable":true,"href":"https:\/\/www.uv.mx\/prensa\/wp-json\/wp\/v2\/tags?post=118336"}],"curies":[{"name":"wp","href":"https:\/\/api.w.org\/{rel}","templated":true}]}}