{"id":118449,"date":"2022-07-01T15:24:56","date_gmt":"2022-07-01T20:24:56","guid":{"rendered":"https:\/\/www.uv.mx\/prensa\/?p=118449"},"modified":"2022-07-04T12:43:08","modified_gmt":"2022-07-04T17:43:08","slug":"enfrentar-el-cambio-climatico-requiere-acuerdos-y-acciones-globales","status":"publish","type":"post","link":"https:\/\/www.uv.mx\/prensa\/general\/enfrentar-el-cambio-climatico-requiere-acuerdos-y-acciones-globales\/","title":{"rendered":"Enfrentar el cambio clim\u00e1tico requiere acuerdos y acciones globales"},"content":{"rendered":"<ul class=\"ul1\">\n<li class=\"li1\"><i>Maraluce Mar\u00eda Cust\u00f3dio, profesora de la<\/i> <i>Escola Superior Dom Helder C\u00e2mara, de Brasil, particip\u00f3 en la Escuela Internacional de Verano de la Universidad Veracruzana (ISSUV)<\/i><\/li>\n<li class=\"li1\"><i>Habl\u00f3 sobre cambio clim\u00e1tico, desarrollo sostenible y servicios ambientales en las selvas y bosques<\/i><\/li>\n<\/ul>\n<p>&nbsp;<\/p>\n<div id=\"attachment_118450\" style=\"width: 732px\" class=\"wp-caption aligncenter\"><img aria-describedby=\"caption-attachment-118450\" decoding=\"async\" loading=\"lazy\" class=\"size-full wp-image-118450\" src=\"https:\/\/www.uv.mx\/prensa\/files\/2022\/07\/010722-CLAUDIA-Legislacion-cambio-climatico-1-100k.jpg\" alt=\"Maraluce Mar\u00eda Cust\u00f3dio, profesora de la Escola Superior Dom Helder C\u00e2mara, de Brasil\" width=\"722\" height=\"482\" srcset=\"https:\/\/www.uv.mx\/prensa\/files\/2022\/07\/010722-CLAUDIA-Legislacion-cambio-climatico-1-100k.jpg 722w, https:\/\/www.uv.mx\/prensa\/files\/2022\/07\/010722-CLAUDIA-Legislacion-cambio-climatico-1-100k-300x200.jpg 300w\" sizes=\"(max-width: 722px) 100vw, 722px\" \/><p id=\"caption-attachment-118450\" class=\"wp-caption-text\">Maraluce Mar\u00eda Cust\u00f3dio, profesora de la Escola Superior Dom Helder C\u00e2mara, de Brasil<\/p><\/div>\n<p>&nbsp;<\/p>\n<p class=\"p1\"><b><i>Claudia Peralta V\u00e1zquez<\/i><\/b><\/p>\n<p class=\"p1\"><b><i>Fotos: Luis Fernando Fern\u00e1ndez Carrillo<\/i><\/b><\/p>\n<p class=\"p1\"><b><i>01\/07\/2022, Xalapa, Ver.- <\/i><\/b>Maraluce Mar\u00eda Cust\u00f3dio, profesora de la Escola Superior Dom Helder C\u00e2mara, de Brasil, subray\u00f3 que el Antropoceno \u2013era geol\u00f3gica actual\u2013 representa la transformaci\u00f3n ocasionada al planeta por la especie humana, ante lo cual se sugiere parar y pensar en cu\u00e1l ser\u00e1 nuestro papel frente al cambio clim\u00e1tico.<\/p>\n<p class=\"p1\">M\u00e1ster en Derecho Ambiental por la Universidad Internacional de Andaluc\u00eda, y Doctora en Geograf\u00eda por la Universidad Federal de Minas Gerais, Maraluce Cust\u00f3dio habl\u00f3 sobre cambio clim\u00e1tico, desarrollo sostenible y servicios ambientales en selvas y bosques, dentro de la <a href=\"https:\/\/www.uv.mx\/economia\/general\/escuela-internacional-de-verano-issuv\/\" target=\"_blank\" rel=\"noopener\">Escuela Internacional de Verano<\/a> de la Universidad Veracruzana (ISSUV).<\/p>\n<p class=\"p1\">Expuso que la continuidad de la humanidad depende del medio ambiente y no al contrario, como se piensa. Esa ideolog\u00eda, deriv\u00f3 en el Antropoceno, iniciada en el siglo XVIII con el aumento en la concentraci\u00f3n del gas carb\u00f3nico, tras la invenci\u00f3n de la m\u00e1quina de vapor, y caracterizada por la p\u00e9rdida de especies e inestabilidad ambiental.<\/p>\n<p class=\"p3\">\u201cNo tenemos m\u00e1s estabilidad, estamos forzando los l\u00edmites planetarios, debemos pensar que es un problema de todos y para ello se necesita gobernanza global, los pa\u00edses deben hablar y acordar, de lo contrario vamos a sufrir.\u201d<\/p>\n<p class=\"p3\">Maraluce Cust\u00f3dio, tambi\u00e9n alumna de posdoctorado de la UV, se\u00f1al\u00f3 que cient\u00edficos y expertos empezaron una discusi\u00f3n al respecto luego de que la Administraci\u00f3n Nacional de Aeron\u00e1utica y el Espacio (NASA) report\u00f3 en 1979 el hallazgo de huecos en la capa de ozono, debido a la concentraci\u00f3n de gas carb\u00f3nico.<\/p>\n<p class=\"p3\">Con base en esas complicaciones naci\u00f3 el tratado internacional conocido como Protocolo de Montreal de 1987, con vigor universal desde 2009, que estableci\u00f3 la reducci\u00f3n de carbono y posibilit\u00f3 una mejora clim\u00e1tica.<\/p>\n<p class=\"p3\">\u201cA partir del uso de energ\u00edas renovables y modificaciones tecnol\u00f3gicas que hemos hecho se redujo un poco, pero no significa que estamos seguros, sino que debemos reducir, y de eso habla el Acuerdo de Par\u00eds.\u201d<\/p>\n<p class=\"p3\">La experta en derecho ambiental advirti\u00f3 que hoy en d\u00eda estamos ante una ventana de oportunidad e indica que es momento de actuar, de lo contrario, en poco tiempo las cosas ser\u00e1n mucho peores.<\/p>\n<p class=\"p3\">En este sentido, hablar de Antropoceno es pensar tambi\u00e9n en el cambio de actitud humana y gubernamental, de adaptaci\u00f3n y resiliencia.<\/p>\n<div id=\"attachment_118451\" style=\"width: 732px\" class=\"wp-caption aligncenter\"><img aria-describedby=\"caption-attachment-118451\" decoding=\"async\" loading=\"lazy\" class=\"size-full wp-image-118451\" src=\"https:\/\/www.uv.mx\/prensa\/files\/2022\/07\/010722-CLAUDIA-Legislacion-cambio-climatico-2-100k.jpg\" alt=\"En la USBI, la especialista se dirigi\u00f3 a la comunidad universitaria que tambi\u00e9n sigui\u00f3 la ponencia por videoconferencia\" width=\"722\" height=\"482\" srcset=\"https:\/\/www.uv.mx\/prensa\/files\/2022\/07\/010722-CLAUDIA-Legislacion-cambio-climatico-2-100k.jpg 722w, https:\/\/www.uv.mx\/prensa\/files\/2022\/07\/010722-CLAUDIA-Legislacion-cambio-climatico-2-100k-300x200.jpg 300w\" sizes=\"(max-width: 722px) 100vw, 722px\" \/><p id=\"caption-attachment-118451\" class=\"wp-caption-text\">En la USBI, la especialista se dirigi\u00f3 a la comunidad universitaria que tambi\u00e9n sigui\u00f3 la ponencia por videoconferencia<\/p><\/div>\n<p>&nbsp;<\/p>\n<p class=\"p3\">\u201cEn la sociedad necesitamos m\u00e1s conciencia sobre el riesgo, gesti\u00f3n e implementaci\u00f3n de pol\u00edticas p\u00fablicas, debemos pensar que somos vulnerables y para eso se requiere resiliencia y trabajar en conjunto, de lo local a lo global.\u201d<\/p>\n<p class=\"p3\">En su ponencia transmitida tambi\u00e9n por videoconferencia, mencion\u00f3 algunas de las Conferencias Mundiales de la Organizaci\u00f3n de las Naciones Unidas (ONU) sobre Reducci\u00f3n del Riesgo de Desastres, como la de Yokohama, en 1994; Kobe-Hyogo, 2005; y Sendai, 2015.<\/p>\n<p class=\"p1\"><span class=\"Apple-converted-space\">\u00a0 <\/span>\u201cAl inicio pens\u00e1bamos en desastres naturales, despu\u00e9s entendimos que somos un problema y podemos causar desastres tanto tecnol\u00f3gicos como otros.\u201d<\/p>\n<p class=\"p3\">Tambi\u00e9n se centr\u00f3 en el objetivo de la 26\u00aa Conferencia de las Naciones Unidas sobre Cambio Clim\u00e1tico de 2021 (COP 26), celebrada entre el 31 de octubre y el 12 de noviembre en Glasgow, Escocia.<\/p>\n<p class=\"p3\">\u00c9ste consist\u00eda en lograr compromisos de acci\u00f3n para mantener el calentamiento global por debajo de dos grados cent\u00edgrados y alcanzar 1.5 para evitar una cat\u00e1strofe clim\u00e1tica.<\/p>\n<p class=\"p3\">\u201cLa meta es continuar reduciendo emisiones hasta que se llegue al cero neto para 2050\u201d y coment\u00f3 que el pr\u00f3ximo desarrollo de la COP 27, ser\u00e1 en Sharm El-Sheikh, Egipto.<\/p>\n<p class=\"p3\">Finalmente, dej\u00f3 en claro que la intensificaci\u00f3n de emisiones es un problema grave y siempre se acredita que el medio ambiente no cambiar\u00e1, \u201ceso viene de un pensamiento paradigm\u00e1tico y filosof\u00eda antropog\u00e9nica.<\/p>\n<p class=\"p3\">\u201dCuando hablamos de cambio clim\u00e1tico debemos pensar que tenemos principios de derecho ambiental, derecho humano al medio ambiente sano, es decir, precauci\u00f3n, prevenci\u00f3n e informaci\u00f3n para protegerlo, participaci\u00f3n comunitaria y consideraci\u00f3n de la variable ambiental en las decisiones individuales y p\u00fablicas.\u201d<\/p>\n<p class=\"p3\">Cabe recordar que la ISSUV se realiz\u00f3 del 20 al 24 de este mes, en la Unidad de Servicios Bibliotecarios y de Informaci\u00f3n (USBI), regi\u00f3n Xalapa, bajo el t\u00edtulo \u201cEl cambio clim\u00e1tico \u00a1est\u00e1 aqu\u00ed!\u201d.<\/p>\n","protected":false},"excerpt":{"rendered":"<p>Maraluce Mar\u00eda Cust\u00f3dio, acad\u00e9mica de Brasil, destac\u00f3 en la ISSUV que se est\u00e1n forzando los l\u00edmites del planeta. Llam\u00f3 a hacer un alto y reflexionar sobre el papel de la humanidad ante esta realidad.<\/p>\n","protected":false},"author":1775,"featured_media":118450,"comment_status":"closed","ping_status":"closed","sticky":false,"template":"","format":"standard","meta":[],"categories":[1],"tags":[8131,2344,1269,4163,8133,2269,4452,8130,7905,8132,8135,5170,6249,8129,3758,8137,1023,8136,8134],"_links":{"self":[{"href":"https:\/\/www.uv.mx\/prensa\/wp-json\/wp\/v2\/posts\/118449"}],"collection":[{"href":"https:\/\/www.uv.mx\/prensa\/wp-json\/wp\/v2\/posts"}],"about":[{"href":"https:\/\/www.uv.mx\/prensa\/wp-json\/wp\/v2\/types\/post"}],"author":[{"embeddable":true,"href":"https:\/\/www.uv.mx\/prensa\/wp-json\/wp\/v2\/users\/1775"}],"replies":[{"embeddable":true,"href":"https:\/\/www.uv.mx\/prensa\/wp-json\/wp\/v2\/comments?post=118449"}],"version-history":[{"count":1,"href":"https:\/\/www.uv.mx\/prensa\/wp-json\/wp\/v2\/posts\/118449\/revisions"}],"predecessor-version":[{"id":118577,"href":"https:\/\/www.uv.mx\/prensa\/wp-json\/wp\/v2\/posts\/118449\/revisions\/118577"}],"wp:featuredmedia":[{"embeddable":true,"href":"https:\/\/www.uv.mx\/prensa\/wp-json\/wp\/v2\/media\/118450"}],"wp:attachment":[{"href":"https:\/\/www.uv.mx\/prensa\/wp-json\/wp\/v2\/media?parent=118449"}],"wp:term":[{"taxonomy":"category","embeddable":true,"href":"https:\/\/www.uv.mx\/prensa\/wp-json\/wp\/v2\/categories?post=118449"},{"taxonomy":"post_tag","embeddable":true,"href":"https:\/\/www.uv.mx\/prensa\/wp-json\/wp\/v2\/tags?post=118449"}],"curies":[{"name":"wp","href":"https:\/\/api.w.org\/{rel}","templated":true}]}}