{"id":118522,"date":"2022-07-02T12:30:35","date_gmt":"2022-07-02T17:30:35","guid":{"rendered":"https:\/\/www.uv.mx\/prensa\/?p=118522"},"modified":"2022-07-04T12:24:04","modified_gmt":"2022-07-04T17:24:04","slug":"max-recibio-a-mas-de-cuatro-mil-visitantes-durante-junio","status":"publish","type":"post","link":"https:\/\/www.uv.mx\/prensa\/general\/max-recibio-a-mas-de-cuatro-mil-visitantes-durante-junio\/","title":{"rendered":"MAX recibi\u00f3 a m\u00e1s de cuatro mil visitantes durante junio"},"content":{"rendered":"<ul class=\"ul1\">\n<li class=\"li1\"><i>Ni\u00f1os, j\u00f3venes, adultos mayores y personas con discapacidad visitaron el recinto<\/i><\/li>\n<\/ul>\n<p>&nbsp;<\/p>\n<div id=\"attachment_118525\" style=\"width: 732px\" class=\"wp-caption aligncenter\"><img aria-describedby=\"caption-attachment-118525\" decoding=\"async\" loading=\"lazy\" class=\"size-full wp-image-118525\" src=\"https:\/\/www.uv.mx\/prensa\/files\/2022\/07\/020722-COLABORACION-MAX-junio-100k.jpg\" alt=\"Los visitantes se maravillan con las piezas arqueol\u00f3gicas\" width=\"722\" height=\"241\" srcset=\"https:\/\/www.uv.mx\/prensa\/files\/2022\/07\/020722-COLABORACION-MAX-junio-100k.jpg 722w, https:\/\/www.uv.mx\/prensa\/files\/2022\/07\/020722-COLABORACION-MAX-junio-100k-300x100.jpg 300w\" sizes=\"(max-width: 722px) 100vw, 722px\" \/><p id=\"caption-attachment-118525\" class=\"wp-caption-text\">Los visitantes se maravillan con las piezas arqueol\u00f3gicas<\/p><\/div>\n<p>&nbsp;<\/p>\n<p class=\"p1\"><b><i>02\/07\/2022, Xalapa, Ver.- <\/i><\/b>Contin\u00faa en el <a href=\"https:\/\/www.uv.mx\/max\/\" target=\"_blank\" rel=\"noopener\">Museo de Antropolog\u00eda de Xalapa<\/a> (MAX) la presencia de ni\u00f1os, j\u00f3venes, adultos mayores y personas con discapacidad, quienes se maravillan con sus monumentales piezas arqueol\u00f3gicas, conocen la riqueza de las culturas originarias de Veracruz en sus grandes salas y disfrutan las p\u00e9rgolas, jardines y dos exposiciones temporales.<\/p>\n<p class=\"p2\">Durante junio, el MAX recibi\u00f3 a cuatro mil 420 visitantes procedentes de Xalapa y otras localidades del estado como Coatepec, Banderilla, Teocelo, Actopan, Veracruz y Tlacotalpan, as\u00ed como de la Ciudad de M\u00e9xico y pa\u00edses como Colombia, Estados Unidos y Puerto Rico.<\/p>\n<p class=\"p2\">El MAX los espera en estas vacaciones de verano, de martes a domingo de 9:00 a 17:00 horas. El domingo el acceso es gratuito.<\/p>\n","protected":false},"excerpt":{"rendered":"<p>Personas de Xalapa, Coatepec, Banderilla, Teocelo, Actopan, Veracruz y Tlacotalpan, as\u00ed como de la Ciudad de M\u00e9xico y pa\u00edses como Colombia, Estados Unidos y Puerto Rico, acudieron al recinto<\/p>\n","protected":false},"author":1775,"featured_media":118525,"comment_status":"closed","ping_status":"closed","sticky":false,"template":"","format":"standard","meta":[],"categories":[1],"tags":[1793,1950,102,1012,1561,4594],"_links":{"self":[{"href":"https:\/\/www.uv.mx\/prensa\/wp-json\/wp\/v2\/posts\/118522"}],"collection":[{"href":"https:\/\/www.uv.mx\/prensa\/wp-json\/wp\/v2\/posts"}],"about":[{"href":"https:\/\/www.uv.mx\/prensa\/wp-json\/wp\/v2\/types\/post"}],"author":[{"embeddable":true,"href":"https:\/\/www.uv.mx\/prensa\/wp-json\/wp\/v2\/users\/1775"}],"replies":[{"embeddable":true,"href":"https:\/\/www.uv.mx\/prensa\/wp-json\/wp\/v2\/comments?post=118522"}],"version-history":[{"count":1,"href":"https:\/\/www.uv.mx\/prensa\/wp-json\/wp\/v2\/posts\/118522\/revisions"}],"predecessor-version":[{"id":118570,"href":"https:\/\/www.uv.mx\/prensa\/wp-json\/wp\/v2\/posts\/118522\/revisions\/118570"}],"wp:featuredmedia":[{"embeddable":true,"href":"https:\/\/www.uv.mx\/prensa\/wp-json\/wp\/v2\/media\/118525"}],"wp:attachment":[{"href":"https:\/\/www.uv.mx\/prensa\/wp-json\/wp\/v2\/media?parent=118522"}],"wp:term":[{"taxonomy":"category","embeddable":true,"href":"https:\/\/www.uv.mx\/prensa\/wp-json\/wp\/v2\/categories?post=118522"},{"taxonomy":"post_tag","embeddable":true,"href":"https:\/\/www.uv.mx\/prensa\/wp-json\/wp\/v2\/tags?post=118522"}],"curies":[{"name":"wp","href":"https:\/\/api.w.org\/{rel}","templated":true}]}}