{"id":118607,"date":"2022-07-05T11:22:45","date_gmt":"2022-07-05T16:22:45","guid":{"rendered":"https:\/\/www.uv.mx\/prensa\/?p=118607"},"modified":"2022-07-05T13:56:01","modified_gmt":"2022-07-05T18:56:01","slug":"academicos-importantes-en-las-relaciones-mexico-china-embajador-zhu-qingqiao","status":"publish","type":"post","link":"https:\/\/www.uv.mx\/prensa\/eventos\/academicos-importantes-en-las-relaciones-mexico-china-embajador-zhu-qingqiao\/","title":{"rendered":"Acad\u00e9micos, importantes en las relaciones M\u00e9xico-China: embajador Zhu Qingqiao"},"content":{"rendered":"<ul class=\"ul1\">\n<li class=\"li1\"><span class=\"s2\"><i>La Secretar\u00eda de Relaciones Exteriores y la Embajada de China en M\u00e9xico organizaron el \u201cDi\u00e1logo en el marco del 50 aniversario del establecimiento de relaciones diplom\u00e1ticas entre M\u00e9xico y la Rep\u00fablica Popular China\u201d<\/i><\/span><\/li>\n<li class=\"li1\"><span class=\"s2\"><i>Especialistas de los \u00e1mbitos diplom\u00e1tico, acad\u00e9mico y empresarial discutieron el futuro de la relaci\u00f3n entre ambas naciones<\/i><\/span><\/li>\n<li class=\"li1\"><span class=\"s2\"><i>El <\/i>Colmex<i>, la UNAM y la UV fueron invitados al acto<\/i><\/span><\/li>\n<\/ul>\n<p>&nbsp;<\/p>\n<div id=\"attachment_118609\" style=\"width: 732px\" class=\"wp-caption aligncenter\"><img aria-describedby=\"caption-attachment-118609\" decoding=\"async\" loading=\"lazy\" class=\"size-full wp-image-118609\" src=\"https:\/\/www.uv.mx\/prensa\/files\/2022\/07\/040722-COLABORACION-Evento-SRE-Embajada-1-100k.jpg\" alt=\"Los participantes realizaron un recorrido por la historia, el presente y la prospectiva de una relaci\u00f3n entre ambos pa\u00edses\" width=\"722\" height=\"542\" srcset=\"https:\/\/www.uv.mx\/prensa\/files\/2022\/07\/040722-COLABORACION-Evento-SRE-Embajada-1-100k.jpg 722w, https:\/\/www.uv.mx\/prensa\/files\/2022\/07\/040722-COLABORACION-Evento-SRE-Embajada-1-100k-300x225.jpg 300w\" sizes=\"(max-width: 722px) 100vw, 722px\" \/><p id=\"caption-attachment-118609\" class=\"wp-caption-text\">Los participantes realizaron un recorrido por la historia, el presente y la prospectiva de una relaci\u00f3n entre ambos pa\u00edses<\/p><\/div>\n<p>&nbsp;<\/p>\n<p class=\"p1\"><b><i>05\/07\/2022, Xalapa, Ver.- <\/i><\/b>La Secretar\u00eda de Relaciones Exteriores (SRE) y la Embajada de la Rep\u00fablica Popular China celebraron el \u201cDi\u00e1logo en el marco del 50 aniversario del establecimiento de relaciones diplom\u00e1ticas entre M\u00e9xico y la Rep\u00fablica Popular China\u201d, el 27 de junio en el Instituto \u201cMat\u00edas Romero\u201d, y la <a href=\"https:\/\/www.uv.mx\/\" target=\"_blank\" rel=\"noopener\">Universidad Veracruzana<\/a> (UV) fue una de las tres instituciones de educaci\u00f3n superior convocadas para este acontecimiento.<\/p>\n<p class=\"p2\">Ah\u00ed, el embajador de la Rep\u00fablica Popular China en M\u00e9xico, Zhu Qingqiao, se\u00f1al\u00f3: \u201cEl desarrollo de las relaciones binacionales es inseparable del apoyo del sector acad\u00e9mico de ambos pa\u00edses y especialmente de los aqu\u00ed presentes; espero seguir contando con la colaboraci\u00f3n de los expertos\u201d.<\/p>\n<p class=\"p2\">El evento cont\u00f3 con la presencia de Carmen Moreno Toscano, subsecretaria de Relaciones Exteriores, embajadores mexicanos en China en las \u00e9pocas de los inicios de las relaciones diplom\u00e1ticas, acad\u00e9micos de la Universidad Nacional Aut\u00f3noma de M\u00e9xico (UNAM), de El Colegio de M\u00e9xico (<i>Colmex<\/i>) y de la UV, a trav\u00e9s del Centro de Estudios China-Veracruz (<i>Cechiver<\/i>).<\/p>\n<div id=\"attachment_118610\" style=\"width: 732px\" class=\"wp-caption aligncenter\"><img aria-describedby=\"caption-attachment-118610\" decoding=\"async\" loading=\"lazy\" class=\"size-full wp-image-118610\" src=\"https:\/\/www.uv.mx\/prensa\/files\/2022\/07\/040722-COLABORACION-Evento-SRE-Embajada-2-100k.jpg\" alt=\"En representaci\u00f3n de la UV, acudi\u00f3 el coordinador del Cechiver, An\u00edbal Zottele Allende\" width=\"722\" height=\"580\" srcset=\"https:\/\/www.uv.mx\/prensa\/files\/2022\/07\/040722-COLABORACION-Evento-SRE-Embajada-2-100k.jpg 722w, https:\/\/www.uv.mx\/prensa\/files\/2022\/07\/040722-COLABORACION-Evento-SRE-Embajada-2-100k-300x241.jpg 300w, https:\/\/www.uv.mx\/prensa\/files\/2022\/07\/040722-COLABORACION-Evento-SRE-Embajada-2-100k-100x80.jpg 100w\" sizes=\"(max-width: 722px) 100vw, 722px\" \/><p id=\"caption-attachment-118610\" class=\"wp-caption-text\">En representaci\u00f3n de la UV, acudi\u00f3 el coordinador del <em>Cechiver<\/em>, An\u00edbal Zottele Allende<\/p><\/div>\n<p>&nbsp;<\/p>\n<p class=\"p2\">Entre los oradores destac\u00f3 la intervenci\u00f3n de Jes\u00fas Seade Kuri, embajador de M\u00e9xico en la Rep\u00fablica Popular China, quien en su discurso estableci\u00f3 el marco de la configuraci\u00f3n de la actual pol\u00edtica exterior del pa\u00eds, particularmente de la relaci\u00f3n con esta naci\u00f3n.<\/p>\n<p class=\"p2\">Adem\u00e1s participaron como panelistas: Flora Botton Beja y Marisela Connelly, del <i>Colmex<\/i>; el primer embajador de M\u00e9xico en China, Eugenio Anguiano Roch, del Centro de Estudios M\u00e9xico-China de la Facultad de Econom\u00eda de la UNAM; el embajador Jorge Alberto Lozoya Legorreta; Sergio Ley L\u00f3pez, presidente de la Secci\u00f3n de Asia y Ocean\u00eda del Consejo Mexicano de Comercio Exterior, Inversi\u00f3n y Tecnolog\u00eda (COMCE); y Julio A. Mill\u00e1n, presidente y CEO de Coraza Corporaci\u00f3n Azteca.<\/p>\n<p class=\"p2\">Las y los especialistas recorrieron la historia, el presente y la prospectiva de una relaci\u00f3n que encierra experiencias notables y un porvenir de v\u00ednculos necesarios para ambos pa\u00edses.<\/p>\n","protected":false},"excerpt":{"rendered":"<p>La Universidad Veracruzana fue una de las tres instituciones de educaci\u00f3n superior que participaron en di\u00e1logo convocado por la SRE y la Embajada de la Rep\u00fablica Popular China.<\/p>\n","protected":false},"author":1775,"featured_media":118609,"comment_status":"closed","ping_status":"closed","sticky":false,"template":"","format":"standard","meta":[],"categories":[47],"tags":[4214,6882,276,8164,648,8165,8162,8163],"_links":{"self":[{"href":"https:\/\/www.uv.mx\/prensa\/wp-json\/wp\/v2\/posts\/118607"}],"collection":[{"href":"https:\/\/www.uv.mx\/prensa\/wp-json\/wp\/v2\/posts"}],"about":[{"href":"https:\/\/www.uv.mx\/prensa\/wp-json\/wp\/v2\/types\/post"}],"author":[{"embeddable":true,"href":"https:\/\/www.uv.mx\/prensa\/wp-json\/wp\/v2\/users\/1775"}],"replies":[{"embeddable":true,"href":"https:\/\/www.uv.mx\/prensa\/wp-json\/wp\/v2\/comments?post=118607"}],"version-history":[{"count":1,"href":"https:\/\/www.uv.mx\/prensa\/wp-json\/wp\/v2\/posts\/118607\/revisions"}],"predecessor-version":[{"id":118638,"href":"https:\/\/www.uv.mx\/prensa\/wp-json\/wp\/v2\/posts\/118607\/revisions\/118638"}],"wp:featuredmedia":[{"embeddable":true,"href":"https:\/\/www.uv.mx\/prensa\/wp-json\/wp\/v2\/media\/118609"}],"wp:attachment":[{"href":"https:\/\/www.uv.mx\/prensa\/wp-json\/wp\/v2\/media?parent=118607"}],"wp:term":[{"taxonomy":"category","embeddable":true,"href":"https:\/\/www.uv.mx\/prensa\/wp-json\/wp\/v2\/categories?post=118607"},{"taxonomy":"post_tag","embeddable":true,"href":"https:\/\/www.uv.mx\/prensa\/wp-json\/wp\/v2\/tags?post=118607"}],"curies":[{"name":"wp","href":"https:\/\/api.w.org\/{rel}","templated":true}]}}