{"id":11878,"date":"2016-06-03T14:56:54","date_gmt":"2016-06-03T19:56:54","guid":{"rendered":"https:\/\/www.uv.mx\/prensa\/?p=11878"},"modified":"2016-06-07T11:47:21","modified_gmt":"2016-06-07T16:47:21","slug":"alumnos-de-ingenieria-ambiental-asesoraron-a-empresas-locales","status":"publish","type":"post","link":"https:\/\/www.uv.mx\/prensa\/general\/alumnos-de-ingenieria-ambiental-asesoraron-a-empresas-locales\/","title":{"rendered":"Alumnos de Ingenier\u00eda Ambiental asesoraron a empresas locales"},"content":{"rendered":"<ul>\n<li><em>Realizaron un diagn\u00f3stico financiero y establecieron v\u00ednculos que fortalecen su formaci\u00f3n<\/em><\/li>\n<li><em>Cuatro negocios recibieron los resultados de su intervenci\u00f3n, en evento celebrado en la Facultad de Ciencias Qu\u00edmicas<\/em><\/li>\n<\/ul>\n<p>&nbsp;<\/p>\n<div id=\"attachment_11880\" style=\"width: 732px\" class=\"wp-caption aligncenter\"><a href=\"https:\/\/www.uv.mx\/prensa\/files\/2016\/06\/Proyectos-vinculacion-1-olk.jpg\"><img aria-describedby=\"caption-attachment-11880\" decoding=\"async\" loading=\"lazy\" class=\"size-full wp-image-11880\" src=\"https:\/\/www.uv.mx\/prensa\/files\/2016\/06\/Proyectos-vinculacion-1-olk.jpg\" alt=\"Los empresarios recibieron sus respectivos diagn\u00f3sticos elaborados por universitarios \" width=\"722\" height=\"482\" srcset=\"https:\/\/www.uv.mx\/prensa\/files\/2016\/06\/Proyectos-vinculacion-1-olk.jpg 722w, https:\/\/www.uv.mx\/prensa\/files\/2016\/06\/Proyectos-vinculacion-1-olk-300x200.jpg 300w\" sizes=\"(max-width: 722px) 100vw, 722px\" \/><\/a><p id=\"caption-attachment-11880\" class=\"wp-caption-text\">Los empresarios recibieron sus respectivos diagn\u00f3sticos elaborados por universitarios<\/p><\/div>\n<p>&nbsp;<\/p>\n<p><strong><em>David Sandoval Rodr\u00edguez<\/em><\/strong><\/p>\n<p>&nbsp;<\/p>\n<p><strong><em>Xalapa, Ver. 03\/06\/2016.-<\/em><\/strong><em>\u00a0<\/em>Estudiantes del cuarto semestre de Ingenier\u00eda Ambiental entregaron a empresarios xalape\u00f1os los resultados de su trabajo de intervenci\u00f3n como parte de la Experiencia Educativa (EE) Econom\u00eda Ambiental, en evento realizado el jueves 2 de junio en la Facultad de Ciencias Qu\u00edmicas de la Universidad Veracruzana (UV).<\/p>\n<p>La vinculaci\u00f3n busca atender las necesidades de las empresas planteando soluciones a sus problemas a trav\u00e9s de asesor\u00eda y la realizaci\u00f3n de un diagn\u00f3stico situacional y financiero que son entregados a los respectivos propietarios o gerentes de las empresas.<\/p>\n<p>As\u00ed lo detall\u00f3 al inicio del evento Francisco Espinosa Mej\u00eda, acad\u00e9mico que imparte la EE e integrante del Cuerpo Acad\u00e9mico (CA) Paradigmas de las Ciencias Administrativas.<\/p>\n<p>\u201cNos sentimos satisfechos de ver que nuestros estudiantes se dirigen directamente a los empresarios al poner en pr\u00e1ctica los conocimientos que adquieren en las aulas, adem\u00e1s de que se van entrelazando para salir al mercado a competir\u201d, recalc\u00f3 el docente.<\/p>\n<div id=\"attachment_11881\" style=\"width: 732px\" class=\"wp-caption aligncenter\"><a href=\"https:\/\/www.uv.mx\/prensa\/files\/2016\/06\/Proyectos-vinculacion-2-plpl.jpg\"><img aria-describedby=\"caption-attachment-11881\" decoding=\"async\" loading=\"lazy\" class=\"size-full wp-image-11881\" src=\"https:\/\/www.uv.mx\/prensa\/files\/2016\/06\/Proyectos-vinculacion-2-plpl.jpg\" alt=\"Jos\u00e9 Alberto Gonz\u00e1lez, estudiante del cuarto semestre, agradeci\u00f3 la confianza otorgada\" width=\"722\" height=\"482\" srcset=\"https:\/\/www.uv.mx\/prensa\/files\/2016\/06\/Proyectos-vinculacion-2-plpl.jpg 722w, https:\/\/www.uv.mx\/prensa\/files\/2016\/06\/Proyectos-vinculacion-2-plpl-300x200.jpg 300w\" sizes=\"(max-width: 722px) 100vw, 722px\" \/><\/a><p id=\"caption-attachment-11881\" class=\"wp-caption-text\">Jos\u00e9 Alberto Gonz\u00e1lez, estudiante del cuarto semestre, agradeci\u00f3 la confianza otorgada<\/p><\/div>\n<p>Asimismo reconoci\u00f3 la disposici\u00f3n y confianza de los propietarios de las empresas De-Cora, la joyer\u00eda Casa Naranja, Golden Nails y Papeler\u00eda y Regalos H, quienes permitieron a los j\u00f3venes conocer a fondo sus negocios para realizar un diagn\u00f3stico exitoso.<\/p>\n<p>Los universitarios tienen la capacidad de resolver problemas dentro de la empresa y fue posible asistirlos sin ning\u00fan costo, agreg\u00f3 Espinosa Mej\u00eda, quien record\u00f3 que la informaci\u00f3n proporcionada fue de car\u00e1cter confidencial.<\/p>\n<p>Juan Hern\u00e1ndez Santes, propietario de Papeler\u00eda y Regalos H, agradeci\u00f3 a los universitarios por el documento que le entregaron y les record\u00f3 la importancia de aprender de los fracasos, porque es lo que permite adquirir experiencia, \u201cno se den por vencidos al primer tropiezo\u201d, les dijo.<\/p>\n<p>La propietaria de De-Cora, microempresa dedicada a la decoraci\u00f3n y regalos, Silvia Meneses Aguirre, agradeci\u00f3 a los j\u00f3venes por la asesor\u00eda brindada, en particular en el tema de los inventarios, pues hab\u00eda intentado llevarlos actualizados y gracias al trabajo de vinculaci\u00f3n pudo establecer un sistema m\u00e1s pr\u00e1ctico.<\/p>\n<p>\u201cEsta experiencia me ayud\u00f3 mucho, muchas gracias a los j\u00f3venes que me apoyaron y a la Universidad por esta vinculaci\u00f3n, para m\u00ed esto fue un aprendizaje muy interesante\u201d, agreg\u00f3.<\/p>\n<p>A nombre de los equipos participantes, el alumno Jos\u00e9 Alberto Gonz\u00e1lez Hern\u00e1ndez agradeci\u00f3 a los empresarios por abrirles sus puertas, y al profesor por motivarlos para establecer una vinculaci\u00f3n.<\/p>\n<p>\u201cHa sido una grata experiencia, ya que permite orientarnos y es una gran opci\u00f3n para nosotros como ingenieros; adem\u00e1s de aplicar nuestros conocimientos, es una gran oportunidad y a todos nos da experiencia.\u201d<\/p>\n<p>Porfirio Guzm\u00e1n Barradas, integrante del Departamento de Desarrollo Emprendedor e Innovador de la Direcci\u00f3n General de Vinculaci\u00f3n de la UV, destac\u00f3 la voluntad de los empresarios para abrir sus puertas a los j\u00f3venes de la licenciatura.<\/p>\n<p>\u201cEs un signo de confianza que les otorga a ustedes valor para seguir adelante, para enfrentar las situaciones reales de una empresa y el valor que suman con un aprendizaje real, verdadero\u201d, dijo a los alumnos de la Universidad.<\/p>\n<p>Tal hecho repercute asimismo en la formaci\u00f3n profesional de los universitarios, quienes conocen de viva voz las problem\u00e1ticas reales del sector empresarial y c\u00f3mo deben atenderlas para generar soluciones acordes con cada una de ellas, puntualiz\u00f3 el funcionario.<\/p>\n<div id=\"attachment_11977\" style=\"width: 732px\" class=\"wp-caption aligncenter\"><a href=\"https:\/\/www.uv.mx\/prensa\/files\/2016\/06\/fco.jpg\"><img aria-describedby=\"caption-attachment-11977\" decoding=\"async\" loading=\"lazy\" class=\"size-full wp-image-11977\" src=\"https:\/\/www.uv.mx\/prensa\/files\/2016\/06\/fco.jpg\" alt=\"El acad\u00e9mico Francisco Espinosa Mej\u00eda\" width=\"722\" height=\"482\" srcset=\"https:\/\/www.uv.mx\/prensa\/files\/2016\/06\/fco.jpg 722w, https:\/\/www.uv.mx\/prensa\/files\/2016\/06\/fco-300x200.jpg 300w\" sizes=\"(max-width: 722px) 100vw, 722px\" \/><\/a><p id=\"caption-attachment-11977\" class=\"wp-caption-text\">El acad\u00e9mico Francisco Espinosa Mej\u00eda<\/p><\/div>\n","protected":false},"excerpt":{"rendered":"<p><strong><em>David Sandoval.-<\/em><\/strong>Estudiantes del cuarto semestre de Ingenier\u00eda Ambiental entregaron a empresarios xalape\u00f1os los resultados de su trabajo de intervenci\u00f3n como parte de la Experiencia Educativa (EE) Econom\u00eda Ambiental, en evento realizado el jueves 2 de junio en la Facultad de Ciencias Qu\u00edmicas de la Universidad Veracruzana (UV).<\/p>\n","protected":false},"author":1810,"featured_media":11879,"comment_status":"closed","ping_status":"closed","sticky":false,"template":"","format":"standard","meta":[],"categories":[1],"tags":[2],"_links":{"self":[{"href":"https:\/\/www.uv.mx\/prensa\/wp-json\/wp\/v2\/posts\/11878"}],"collection":[{"href":"https:\/\/www.uv.mx\/prensa\/wp-json\/wp\/v2\/posts"}],"about":[{"href":"https:\/\/www.uv.mx\/prensa\/wp-json\/wp\/v2\/types\/post"}],"author":[{"embeddable":true,"href":"https:\/\/www.uv.mx\/prensa\/wp-json\/wp\/v2\/users\/1810"}],"replies":[{"embeddable":true,"href":"https:\/\/www.uv.mx\/prensa\/wp-json\/wp\/v2\/comments?post=11878"}],"version-history":[{"count":0,"href":"https:\/\/www.uv.mx\/prensa\/wp-json\/wp\/v2\/posts\/11878\/revisions"}],"wp:featuredmedia":[{"embeddable":true,"href":"https:\/\/www.uv.mx\/prensa\/wp-json\/wp\/v2\/media\/11879"}],"wp:attachment":[{"href":"https:\/\/www.uv.mx\/prensa\/wp-json\/wp\/v2\/media?parent=11878"}],"wp:term":[{"taxonomy":"category","embeddable":true,"href":"https:\/\/www.uv.mx\/prensa\/wp-json\/wp\/v2\/categories?post=11878"},{"taxonomy":"post_tag","embeddable":true,"href":"https:\/\/www.uv.mx\/prensa\/wp-json\/wp\/v2\/tags?post=11878"}],"curies":[{"name":"wp","href":"https:\/\/api.w.org\/{rel}","templated":true}]}}