{"id":11893,"date":"2016-06-05T07:00:57","date_gmt":"2016-06-05T12:00:57","guid":{"rendered":"https:\/\/www.uv.mx\/prensa\/?p=11893"},"modified":"2016-06-07T12:20:48","modified_gmt":"2016-06-07T17:20:48","slug":"uv-desarrolla-tecnologia-para-la-empresa-mexicana-nuvoil","status":"publish","type":"post","link":"https:\/\/www.uv.mx\/prensa\/general\/uv-desarrolla-tecnologia-para-la-empresa-mexicana-nuvoil\/","title":{"rendered":"UV desarrolla tecnolog\u00eda para la empresa mexicana Nuvoil"},"content":{"rendered":"<ul>\n<li><em>A trav\u00e9s de un equipo multidisciplinario optimizar\u00e1n el proceso de extracci\u00f3n, monitoreo y almacenamiento de aceite de un sistema artificial de bombeo hidr\u00e1ulico tipo jet<\/em><\/li>\n<li><em>La investigaci\u00f3n y ejecuci\u00f3n del proyecto inici\u00f3 el 1 de junio y se llevar\u00e1 a cabo durante los siguientes tres a\u00f1os.<\/em><\/li>\n<\/ul>\n<p>&nbsp;<\/p>\n<div id=\"attachment_11900\" style=\"width: 732px\" class=\"wp-caption aligncenter\"><a href=\"https:\/\/www.uv.mx\/prensa\/files\/2016\/06\/UV-nuvoil-1-ok.jpg\"><img aria-describedby=\"caption-attachment-11900\" decoding=\"async\" loading=\"lazy\" class=\"size-full wp-image-11900\" src=\"https:\/\/www.uv.mx\/prensa\/files\/2016\/06\/UV-nuvoil-1-ok.jpg\" alt=\"Personal de Nuvoil y de la UV, presentes en la firma del convenio \" width=\"722\" height=\"487\" srcset=\"https:\/\/www.uv.mx\/prensa\/files\/2016\/06\/UV-nuvoil-1-ok.jpg 722w, https:\/\/www.uv.mx\/prensa\/files\/2016\/06\/UV-nuvoil-1-ok-300x202.jpg 300w\" sizes=\"(max-width: 722px) 100vw, 722px\" \/><\/a><p id=\"caption-attachment-11900\" class=\"wp-caption-text\">Personal de Nuvoil y de la UV, presentes en la firma del convenio<\/p><\/div>\n<p>&nbsp;<\/p>\n<p><strong><em>Boca del R\u00edo,Ver. 05\/06\/2016.-<\/em><\/strong>\u00a0La Universidad Veracruzana (UV), a trav\u00e9s del Instituto de Ingenier\u00eda, llev\u00f3 a cabo una alianza estrat\u00e9gica con la empresa mexicana Nuvoil, con la intenci\u00f3n de analizar, evaluar y proponer soluciones tecnol\u00f3gicas que le permitan optimizar sus sistemas de producci\u00f3n de aceite y gas provenientes del subsuelo.<\/p>\n<p>El 30 de mayo se llev\u00f3 a cabo la firma de convenio de colaboraci\u00f3n entre la instituci\u00f3n y la empresa mexicana, para lo cual contaron con el aval de la Fundaci\u00f3n de la UV. Por parte de Nuvoil firm\u00f3 su director, Mariano Hern\u00e1ndez Palmeros; por la Universidad, Facundo Pacheco Rojas, director ejecutivo de la Fundaci\u00f3n UV, y el vicerrector Alfonso P\u00e9rez Morales.<\/p>\n<p>Derivado de esta alianza, se conformar\u00e1 un equipo multidisciplinario que se enfocar\u00e1 a analizar, dise\u00f1ar, validar e implementar una serie de sistemas orientados al monitoreo de variables f\u00edsicas de inter\u00e9s para la explotaci\u00f3n \u00f3ptima de pozos petroleros maduros que han sido asignados a Nuvoil, ubicados en la parte norte de Veracruz y el sur de Tamaulipas.<\/p>\n<p>El proyecto multidisciplinario contempla la participaci\u00f3n de investigadores de reconocida trayectoria provenientes de la UV, el Instituto Nacional de Astrof\u00edsica \u00d3ptica y Electr\u00f3nica (INAOE), el Centro de Investigaci\u00f3n y de Estudios Avanzados (<em>Cinvestav<\/em>) del IPN, unidad Puebla, la Universidad Nacional Aut\u00f3noma de M\u00e9xico (UNAM) y la Benem\u00e9rita Universidad Aut\u00f3noma de Puebla (BUAP).<\/p>\n<p>La investigaci\u00f3n y ejecuci\u00f3n del mismo inici\u00f3 el 1 de junio y se llevar\u00e1 a cabo durante los siguientes tres a\u00f1os.<\/p>\n<p>El desarrollo de tecnolog\u00eda de una bomba tipo jet, el monitoreo de un pozo a trav\u00e9s de una instrumentaci\u00f3n electr\u00f3nica y el sistema para verificar el almacenamiento del aceite en tanques, son los resultados esperados del proyecto de investigaci\u00f3n.<\/p>\n<p>\u201cActualmente se trabaja con tecnolog\u00eda del extranjero, por lo que cabe destacar que esta nueva tecnolog\u00eda ser\u00e1 100 por ciento veracruzana y se patentar\u00e1 para su comercializaci\u00f3n y explotaci\u00f3n\u201d, inform\u00f3 Pedro Javier Garc\u00eda Ram\u00edrez, del Instituto de Ingenier\u00eda UV y responsable t\u00e9cnico del proyecto.<\/p>\n<p>\u201cLa optimizaci\u00f3n del proceso de extracci\u00f3n, monitoreo y almacenamiento de aceite de un sistema de bombeo hidr\u00e1ulico tipo jet\u201d incluye tres pasos: el primero, es el desarrollo de un sistema de monitoreo de variables f\u00edsicas en el fondo y en la superficie de un pozo petrolero durante el proceso de extracci\u00f3n basado en un sistema de levantamiento artificial de bombeo hidr\u00e1ulico tipo jet.<\/p>\n<p>El segundo, es el desarrollo de una herramienta de an\u00e1lisis para la optimizaci\u00f3n de las t\u00e9cnicas de producci\u00f3n de petr\u00f3leo crudo, mediante el monitoreo de temperatura y presi\u00f3n; el tercero, consiste en analizar, validar e implementar un prototipo basado en estrategias mec\u00e1nicas, que permita un proceso m\u00e1s eficiente de cuantificaci\u00f3n de fases de una mezcla de hidrocarburos, para favorecer con mayor precisi\u00f3n la caracterizaci\u00f3n de las variables de explotaci\u00f3n de un pozo petrolero.<\/p>\n<p>&nbsp;<\/p>\n<div id=\"attachment_11901\" style=\"width: 732px\" class=\"wp-caption aligncenter\"><a href=\"https:\/\/www.uv.mx\/prensa\/files\/2016\/06\/UV-nuvoil-2-ok.jpg\"><img aria-describedby=\"caption-attachment-11901\" decoding=\"async\" loading=\"lazy\" class=\"size-full wp-image-11901\" src=\"https:\/\/www.uv.mx\/prensa\/files\/2016\/06\/UV-nuvoil-2-ok.jpg\" alt=\"Autoridades de la UV y Nuvoil celebraron el inicio de proyectos de investigaci\u00f3n en conjunto\" width=\"722\" height=\"500\" srcset=\"https:\/\/www.uv.mx\/prensa\/files\/2016\/06\/UV-nuvoil-2-ok.jpg 722w, https:\/\/www.uv.mx\/prensa\/files\/2016\/06\/UV-nuvoil-2-ok-300x208.jpg 300w\" sizes=\"(max-width: 722px) 100vw, 722px\" \/><\/a><p id=\"caption-attachment-11901\" class=\"wp-caption-text\">Autoridades de la UV y Nuvoil celebraron el inicio de proyectos de investigaci\u00f3n en conjunto<\/p><\/div>\n<p><strong>Alianza estrat\u00e9gica para una nueva reforma energ\u00e9tica<\/strong><\/p>\n<p>La marca Nuvoil representa a un grupo de empresas mexicanas especializadas en diversos segmentos del sector energ\u00e9tico, que durante 18 a\u00f1os ha destacado en la industria petrolera como l\u00edder mexicano en sistemas de compresi\u00f3n de gas natural y sistemas de levantamiento artificial, para el sector de gas y aceite.<\/p>\n<p>Se ha especializado en ofrecer innovadoras soluciones y estrategias integrales de ingenier\u00eda especialmente dise\u00f1adas, que incluyan tecnolog\u00eda de punta y un conjunto de beneficios que respaldan su servicio.<\/p>\n<p>Nuvoil tiene presencia en Veracruz, Poza Rica-Altamira, Ciudad del Carmen, Reynosa y Villahermosa.<\/p>\n<p>Pedro Javier Garc\u00eda inform\u00f3 que las reformas emprendidas por el gobierno federal en materia de energ\u00eda provocar\u00e1n que la industria petrolera ayude a incrementar en uno por ciento el crecimiento econ\u00f3mico para 2018, y aproximadamente el dos por ciento para 2025.<\/p>\n<p>\u201cEn un an\u00e1lisis del impacto que esto tendr\u00e1 en nuestra entidad, se puede visualizar que Veracruz ocupar\u00e1 un lugar privilegiado en cuanto a la llegada de inversi\u00f3n de capital tanto nacional como extranjero, debido a la gran cantidad de campos petroleros ubicados tanto en tierra como en aguas someras o profundas.\u201d<\/p>\n<p>Al respecto, Mar\u00eda Estela Montes Carmona, directora del Instituto de Ingenier\u00eda de la UV, afirm\u00f3 que este proyecto \u201cpermitir\u00e1 que el estado repunte a nivel nacional e internacional, sin duda posicionar\u00e1 a Veracruz como punta de lanza en el rubro energ\u00e9tico\u201d.<\/p>\n<div id=\"attachment_11902\" style=\"width: 732px\" class=\"wp-caption aligncenter\"><a href=\"https:\/\/www.uv.mx\/prensa\/files\/2016\/06\/UV-nuvoil-3-ok.jpg\"><img aria-describedby=\"caption-attachment-11902\" decoding=\"async\" loading=\"lazy\" class=\"size-full wp-image-11902\" src=\"https:\/\/www.uv.mx\/prensa\/files\/2016\/06\/UV-nuvoil-3-ok.jpg\" alt=\"Mariano Hern\u00e1ndez Palmeros, Alfonso P\u00e9rez Morales y Facundo Pacheco Rojas\" width=\"722\" height=\"453\" srcset=\"https:\/\/www.uv.mx\/prensa\/files\/2016\/06\/UV-nuvoil-3-ok.jpg 722w, https:\/\/www.uv.mx\/prensa\/files\/2016\/06\/UV-nuvoil-3-ok-300x188.jpg 300w\" sizes=\"(max-width: 722px) 100vw, 722px\" \/><\/a><p id=\"caption-attachment-11902\" class=\"wp-caption-text\">Mariano Hern\u00e1ndez Palmeros, Alfonso P\u00e9rez Morales y Facundo Pacheco Rojas<\/p><\/div>\n<p>Durante la firma del convenio el vicerrector de la UV, Alfonso P\u00e9rez Morales, celebr\u00f3 la suma de talentos en beneficio del progreso: \u201cEn la Universidad Veracruzana sabemos perfectamente que el conocimiento no debe quedarse en las aulas, sino que debe permear a las industrias, se debe transformar en algo que permita ayudar y ser parte del sector productivo que tanto necesita nuestro pa\u00eds\u201d.<\/p>\n<p>Reconoci\u00f3 y aplaudi\u00f3 el compromiso de Nuvoil por incentivar y apoyar \u201cen la sustentabilidad, en el desarrollo tecnol\u00f3gico y estar en la m\u00edstica de favorecer la investigaci\u00f3n\u201d, que al final de cuentas es lo que produce crecimiento econ\u00f3mico.<\/p>\n<p>Por su parte, Mariano Hern\u00e1ndez, director de Nuvoil, indic\u00f3 que \u201cesta colaboraci\u00f3n es reflejo del cumplimiento de nuestra misi\u00f3n, visi\u00f3n y valores, confirmando nuestra convicci\u00f3n de apostar por la innovaci\u00f3n y el desarrollo de proyectos enfocados en la investigaci\u00f3n tecnol\u00f3gica\u201d.<\/p>\n<p>Asimismo agreg\u00f3: \u201cDebemos seguir fomentando convenios de esta naturaleza, porque la investigaci\u00f3n y la participaci\u00f3n de la Universidad y de los institutos de investigaci\u00f3n es lo que hace y engrandece al pa\u00eds\u201d.<\/p>\n<p>Explic\u00f3 que este proyecto tambi\u00e9n lleva impl\u00edcita la formaci\u00f3n y entrenamiento de recursos humanos, as\u00ed como la puesta en marcha de un laboratorio de investigaci\u00f3n y desarrollo de pruebas el\u00e9ctricas que preste su servicio a Nuvoil.<\/p>\n<p>Para finalizar, subray\u00f3 que es una oportunidad de poder crecer como empresa mexicana que apoya a mexicanos, \u201ces un orgullo para nosotros que nuestro desarrollo de personal t\u00e9cnico sea 100 por ciento mexicano\u201d.<\/p>\n","protected":false},"excerpt":{"rendered":"<p>La Universidad Veracruzana (UV), a trav\u00e9s del Instituto de Ingenier\u00eda, llev\u00f3 a cabo una alianza estrat\u00e9gica con la empresa mexicana Nuvoil, con la intenci\u00f3n de analizar, evaluar y proponer soluciones tecnol\u00f3gicas que le permitan optimizar sus sistemas de producci\u00f3n de aceite y gas provenientes del subsuelo.<\/p>\n","protected":false},"author":1810,"featured_media":11979,"comment_status":"closed","ping_status":"closed","sticky":false,"template":"","format":"standard","meta":[],"categories":[1],"tags":[2],"_links":{"self":[{"href":"https:\/\/www.uv.mx\/prensa\/wp-json\/wp\/v2\/posts\/11893"}],"collection":[{"href":"https:\/\/www.uv.mx\/prensa\/wp-json\/wp\/v2\/posts"}],"about":[{"href":"https:\/\/www.uv.mx\/prensa\/wp-json\/wp\/v2\/types\/post"}],"author":[{"embeddable":true,"href":"https:\/\/www.uv.mx\/prensa\/wp-json\/wp\/v2\/users\/1810"}],"replies":[{"embeddable":true,"href":"https:\/\/www.uv.mx\/prensa\/wp-json\/wp\/v2\/comments?post=11893"}],"version-history":[{"count":0,"href":"https:\/\/www.uv.mx\/prensa\/wp-json\/wp\/v2\/posts\/11893\/revisions"}],"wp:featuredmedia":[{"embeddable":true,"href":"https:\/\/www.uv.mx\/prensa\/wp-json\/wp\/v2\/media\/11979"}],"wp:attachment":[{"href":"https:\/\/www.uv.mx\/prensa\/wp-json\/wp\/v2\/media?parent=11893"}],"wp:term":[{"taxonomy":"category","embeddable":true,"href":"https:\/\/www.uv.mx\/prensa\/wp-json\/wp\/v2\/categories?post=11893"},{"taxonomy":"post_tag","embeddable":true,"href":"https:\/\/www.uv.mx\/prensa\/wp-json\/wp\/v2\/tags?post=11893"}],"curies":[{"name":"wp","href":"https:\/\/api.w.org\/{rel}","templated":true}]}}