{"id":118955,"date":"2022-08-03T16:25:29","date_gmt":"2022-08-03T21:25:29","guid":{"rendered":"https:\/\/www.uv.mx\/prensa\/?p=118955"},"modified":"2022-08-04T10:30:42","modified_gmt":"2022-08-04T15:30:42","slug":"alumnos-del-cimi-obtuvieron-primer-lugar-en-festivales-de-musica-canadienses","status":"publish","type":"post","link":"https:\/\/www.uv.mx\/prensa\/general\/alumnos-del-cimi-obtuvieron-primer-lugar-en-festivales-de-musica-canadienses\/","title":{"rendered":"Alumnos del CIMI obtuvieron primer lugar en festivales de m\u00fasica canadienses"},"content":{"rendered":"<ul class=\"ul1\">\n<li class=\"li1\"><i>El Toronto Kiwanis Festival Virtual Woodwinds y el Ontario Music Festival Provincials Small Woodwind Ensemble, se llevaron a cabo de marzo a junio<\/i><\/li>\n<li class=\"li1\"><i>Los chicos participaron con el Ensamble de Flautas Internacional P\u00e1jaros de Plata, que tambi\u00e9n est\u00e1 integrado por estudiantes del Conservatorio de M\u00fasica \u201cSim\u00f3n Bol\u00edvar\u201d de Venezuela y el programa Flute Spring de Canad\u00e1<\/i><\/li>\n<\/ul>\n<p>&nbsp;<\/p>\n<div id=\"attachment_118966\" style=\"width: 732px\" class=\"wp-caption aligncenter\"><img aria-describedby=\"caption-attachment-118966\" decoding=\"async\" loading=\"lazy\" class=\"size-full wp-image-118966\" src=\"https:\/\/www.uv.mx\/prensa\/files\/2022\/08\/020822-CARLOS-Nin\u0303os-CIMI-1-100k.jpg\" alt=\"Christopher Oliva, Travis Almendra y Josu\u00e9 Rubio\" width=\"722\" height=\"310\" srcset=\"https:\/\/www.uv.mx\/prensa\/files\/2022\/08\/020822-CARLOS-Nin\u0303os-CIMI-1-100k.jpg 722w, https:\/\/www.uv.mx\/prensa\/files\/2022\/08\/020822-CARLOS-Nin\u0303os-CIMI-1-100k-300x129.jpg 300w, https:\/\/www.uv.mx\/prensa\/files\/2022\/08\/020822-CARLOS-Nin\u0303os-CIMI-1-100k-350x150.jpg 350w\" sizes=\"(max-width: 722px) 100vw, 722px\" \/><p id=\"caption-attachment-118966\" class=\"wp-caption-text\">Christopher Oliva, Travis Almendra y Josu\u00e9 Rubio<\/p><\/div>\n<p>&nbsp;<\/p>\n<p class=\"p1\"><b><i>Texto y fotos: Carlos Hugo Hermida Rosales<\/i><\/b><\/p>\n<p class=\"p1\"><b><i>03\/08\/2022. Xalapa, Ver.-<\/i><\/b> Estudiantes de Flauta Transversa del <a href=\"https:\/\/www.uv.mx\/cimi\/\" target=\"_blank\" rel=\"noopener\">Centro de Iniciaci\u00f3n Musical Infantil<\/a> (CIMI) de la Universidad Veracruzana (UV) que forman parte del Ensamble de Flautas Internacional P\u00e1jaros de Plata, obtuvieron el primer lugar en el Toronto Kiwanis Festival Virtual Woodwinds y el Ontario Music Festival Provincials Small Woodwind Ensemble, que se llevaron a cabo de manera <i>on-line<\/i> durante marzo y abril y mayo y junio, respectivamente, organizados por la Ontario Music Festivals Association.<\/p>\n<p class=\"p3\">Josu\u00e9 Rubio Ceballos, Travis Almendra Landa, Christopher Oliva Rodr\u00edguez y Mariana Santiago Ram\u00edrez, son los alumnos que integran la agrupaci\u00f3n en la que tambi\u00e9n participan chicos del Conversatorio de M\u00fasica \u201cSim\u00f3n Bol\u00edvar\u201d de Venezuela y el programa Flute Spring.<\/p>\n<p class=\"p3\">Samadhi M\u00e9ndez Su\u00e1rez, acad\u00e9mica del CIMI, comparti\u00f3 que la colaboraci\u00f3n con estas entidades surgi\u00f3 en 2021, en el que docentes de todas las partes involucradas decidieron crear un ensamble virtual con el objetivo de internacionalizar a los ni\u00f1os que lo conforman.<\/p>\n<p class=\"p3\">La primera producci\u00f3n musical que realizaron fue <i>La Llorona<\/i>, que lleva arreglos del pianista Gonzalo Ortiz Delgado; su siguiente trabajo fue un villancico venezolano que tiene por nombre <i>Ni\u00f1o lindo<\/i>, que fue arreglado por la maestra Mar\u00eda Alejandra Jim\u00e9nez.<\/p>\n<p class=\"p3\">Con el video de <i>La Llorona<\/i> ganaron el primer lugar en el Toronto Kiwanis Festival Virtual Woodwinds y obtuvieron su pase para representar a Toronto en el Ontario Music Festival Provincials Small Woodwind Ensemble, certamen en el que se alzaron con el triunfo con la producci\u00f3n <i>Ni\u00f1o lindo<\/i>.<\/p>\n<p class=\"p3\">La catedr\u00e1tica coment\u00f3 que estos logros fueron posibles gracias a un gran trabajo en equipo, en el que tambi\u00e9n colaboraron los docentes Alhel\u00ed Pimienta, Gabriela Peralta, Alfredo Escobar y Kevin Zabdiel.<\/p>\n<p class=\"p3\">Josu\u00e9 Rubio mencion\u00f3 que la experiencia de participar en los concursos fue muy buena, se divirti\u00f3 en los ensayos, y saber que hab\u00edan ganado represent\u00f3 una grata sorpresa.<\/p>\n<p class=\"p3\">\u201cCuando toco la flauta transversa me pierdo de este mundo y viajo a otro sitio en el que muchas emociones pasan a trav\u00e9s de mi mente, por lo que cada concierto es especial y brinda una ilusi\u00f3n distinta\u201d, manifest\u00f3 el chico.<\/p>\n<p class=\"p3\">Travis Almendra expres\u00f3 que le dio alegr\u00eda haber ganado los cert\u00e1menes, as\u00ed como participar en ellos con ni\u00f1os de diversos pa\u00edses.<\/p>\n<p class=\"p3\">\u201cMi familia me ha apoyado bastante para que toque la flauta y siempre ha estado a mi lado en los momentos dif\u00edciles\u201d, enfatiz\u00f3.<\/p>\n<p class=\"p3\">Christopher Oliva agradeci\u00f3 a los maestros del CIMI por la capacitaci\u00f3n recibida, y por saber guiarlo con paciencia en los ensayos.<\/p>\n<p class=\"p3\">\u201cMe agrada mucho el sonido que emite la flauta transversa y me siento muy a gusto por aprender cada vez m\u00e1s de este instrumento\u201d, coment\u00f3.<\/p>\n<p class=\"p3\">Mariana Santiago expres\u00f3 estar encantada de formar parte del Ensamble de Flautas Internacional P\u00e1jaros de Plata, y emocionada por representar a la UV, Veracruz y M\u00e9xico.<\/p>\n<p class=\"p3\">\u201cTodos somos muy buenos con nuestros instrumentos, y me puso muy feliz ganar los festivales\u201d, enfatiz\u00f3.<\/p>\n<p class=\"p3\">Jenny Lizette Ram\u00edrez Guillermo, coordinadora del CIMI, declar\u00f3 que para esta entidad acad\u00e9mica es un orgullo que sus alumnos rompan barreras de comunicaci\u00f3n e interact\u00faen con chicos de otros pa\u00edses en concursos internacionales.<\/p>\n<p class=\"p3\">\u201cSu participaci\u00f3n en estos eventos les abre nuevos panoramas y<span class=\"Apple-converted-space\">\u00a0 <\/span>visiones del mundo, pero sobre todo les muestra que la m\u00fasica es una profesi\u00f3n\u201d, asegur\u00f3.<\/p>\n<p class=\"p3\">Claudia Anell Villar Dur\u00e1n, de la Direcci\u00f3n General del \u00c1rea Acad\u00e9mica de Artes, afirm\u00f3 que el logro de los estudiantes del CIMI es s\u00f3lo el inicio de su futuro, en el que la labor en equipo, la organizaci\u00f3n y la disciplina les dar\u00e1n una amplia gama de posibilidades.<\/p>\n<p class=\"p3\">Mencion\u00f3 que la UV trabaja arduamente para mantener el alto nivel educativo de su rama art\u00edstica, una de las primeras que le dio prestigio nacional e internacional a esta casa de estudios.<\/p>\n","protected":false},"excerpt":{"rendered":"<p>El proyecto surgi\u00f3 en 2021 cuando los docentes de todas las partes involucradas crearon un ensamble virtual con el objetivo de internacionalizar a los ni\u00f1os que lo conforman<\/p>\n","protected":false},"author":1775,"featured_media":119009,"comment_status":"closed","ping_status":"closed","sticky":false,"template":"","format":"standard","meta":[],"categories":[1,61],"tags":[523,4161,4060,203,8236,5799,8238,8239,2599,8240,8237],"_links":{"self":[{"href":"https:\/\/www.uv.mx\/prensa\/wp-json\/wp\/v2\/posts\/118955"}],"collection":[{"href":"https:\/\/www.uv.mx\/prensa\/wp-json\/wp\/v2\/posts"}],"about":[{"href":"https:\/\/www.uv.mx\/prensa\/wp-json\/wp\/v2\/types\/post"}],"author":[{"embeddable":true,"href":"https:\/\/www.uv.mx\/prensa\/wp-json\/wp\/v2\/users\/1775"}],"replies":[{"embeddable":true,"href":"https:\/\/www.uv.mx\/prensa\/wp-json\/wp\/v2\/comments?post=118955"}],"version-history":[{"count":1,"href":"https:\/\/www.uv.mx\/prensa\/wp-json\/wp\/v2\/posts\/118955\/revisions"}],"predecessor-version":[{"id":119012,"href":"https:\/\/www.uv.mx\/prensa\/wp-json\/wp\/v2\/posts\/118955\/revisions\/119012"}],"wp:featuredmedia":[{"embeddable":true,"href":"https:\/\/www.uv.mx\/prensa\/wp-json\/wp\/v2\/media\/119009"}],"wp:attachment":[{"href":"https:\/\/www.uv.mx\/prensa\/wp-json\/wp\/v2\/media?parent=118955"}],"wp:term":[{"taxonomy":"category","embeddable":true,"href":"https:\/\/www.uv.mx\/prensa\/wp-json\/wp\/v2\/categories?post=118955"},{"taxonomy":"post_tag","embeddable":true,"href":"https:\/\/www.uv.mx\/prensa\/wp-json\/wp\/v2\/tags?post=118955"}],"curies":[{"name":"wp","href":"https:\/\/api.w.org\/{rel}","templated":true}]}}