{"id":118964,"date":"2022-08-03T12:00:24","date_gmt":"2022-08-03T17:00:24","guid":{"rendered":"https:\/\/www.uv.mx\/prensa\/?p=118964"},"modified":"2022-08-03T13:46:02","modified_gmt":"2022-08-03T18:46:02","slug":"daduv-abrio-inscripciones-para-curso-de-natacion-en-el-cau-eulalio-rios","status":"publish","type":"post","link":"https:\/\/www.uv.mx\/prensa\/deportes\/daduv-abrio-inscripciones-para-curso-de-natacion-en-el-cau-eulalio-rios\/","title":{"rendered":"DADUV abri\u00f3 inscripciones para curso de nataci\u00f3n en el CAU \u201cEulalio R\u00edos\u201d"},"content":{"rendered":"<p>&nbsp;<\/p>\n<ul>\n<li><em>Las actividades inician el 8 de agosto y concluyen el 2 de septiembre<\/em><\/li>\n<li><em>La programaci\u00f3n para el periodo agosto-diciembre ya est\u00e1 disponible<\/em><\/li>\n<li><em>Este mes se reactivan todas las actividades orientadas a la promoci\u00f3n de estilos de vida saludable<\/em><\/li>\n<\/ul>\n<p>&nbsp;<\/p>\n<div id=\"attachment_118958\" style=\"width: 732px\" class=\"wp-caption aligncenter\"><img aria-describedby=\"caption-attachment-118958\" decoding=\"async\" loading=\"lazy\" class=\"size-full wp-image-118958\" src=\"https:\/\/www.uv.mx\/prensa\/files\/2022\/08\/020822-CURSO-NATACION-1.jpg\" alt=\"\" width=\"722\" height=\"457\" srcset=\"https:\/\/www.uv.mx\/prensa\/files\/2022\/08\/020822-CURSO-NATACION-1.jpg 722w, https:\/\/www.uv.mx\/prensa\/files\/2022\/08\/020822-CURSO-NATACION-1-300x190.jpg 300w\" sizes=\"(max-width: 722px) 100vw, 722px\" \/><p id=\"caption-attachment-118958\" class=\"wp-caption-text\">Maribel Barradas Landa anunci\u00f3 el inicio del curso de nataci\u00f3n para el periodo agosto-septiembre<\/p><\/div>\n<p>&nbsp;<\/p>\n<p><strong><em>Claudia Peralta V\u00e1zquez<\/em><\/strong><\/p>\n<p><strong><em>Fotos: Omar Portilla Palacios<\/em><\/strong><\/p>\n<p><strong><em>03\/08\/2022, Xalapa, Ver.- <\/em><\/strong>La <a href=\"https:\/\/www.uv.mx\/daduv\/\" target=\"_blank\" rel=\"noopener\">Direcci\u00f3n de Actividades Deportivas<\/a> de la Universidad Veracruzana (DADUV) abri\u00f3 inscripciones para el curso de nataci\u00f3n que se imparte en el Centro Acu\u00e1tico Universitario (CAU) \u201cEulalio R\u00edos\u201d, que inicia el 8 de agosto y concluye el 2 de septiembre.<\/p>\n<p>Rosa Maribel Barradas Landa, titular de la DADUV, inform\u00f3 que del 1 al 5 de agosto los interesados pueden realizar el proceso de inscripci\u00f3n en l\u00ednea, de 9:00 a 19:30 horas, en el sitio <em>web<\/em> <a href=\"https:\/\/www.uv.mx\/daduv\/general\/inscripciones-alberca\/\">https:\/\/www.uv.mx\/daduv\/general\/inscripciones-alberca\/<\/a>, donde se detallan las disposiciones de ingreso al centro acu\u00e1tico.<\/p>\n<p>Coment\u00f3 que desde noviembre de 2021 se retom\u00f3 la pr\u00e1ctica de este deporte de manera presencial, tras la remodelaci\u00f3n, rehabilitaci\u00f3n y mantenimiento del \u00e1rea, para comodidad de los nadadores.<\/p>\n<p>Debido a la pandemia, los cursos se mantuvieron con un aforo limitado de 12 usuarios por horario establecido, acorde al protocolo sanitario dispuesto.<\/p>\n<p>Afortunadamente esta situaci\u00f3n ha cambiado y ahora se reciben hasta 50 deportistas en cada uno de los 11 horarios, que van de las 9:00 hasta las 20:00 horas, por el incremento de la demanda.<\/p>\n<p>Barradas Landa recomend\u00f3 la pr\u00e1ctica de este deporte acu\u00e1tico y recreativo para cada uno de los grupos de edad: ni\u00f1os, j\u00f3venes, adultos y personas de la tercera edad, por los m\u00faltiples beneficios que aporta para el desarrollo f\u00edsico y mental, as\u00ed como terapia para cierto tipo de padecimientos.<\/p>\n<p>Se\u00f1al\u00f3 que son muchas las historias de personas que adoptaron dicho estilo de vida desde hace muchos a\u00f1os con resultados favorables para su salud.<\/p>\n<p>&nbsp;<\/p>\n<div id=\"attachment_118959\" style=\"width: 732px\" class=\"wp-caption aligncenter\"><img aria-describedby=\"caption-attachment-118959\" decoding=\"async\" loading=\"lazy\" class=\"size-full wp-image-118959\" src=\"https:\/\/www.uv.mx\/prensa\/files\/2022\/08\/020822-CURSO-NATACION-2.jpg\" alt=\"\" width=\"722\" height=\"477\" srcset=\"https:\/\/www.uv.mx\/prensa\/files\/2022\/08\/020822-CURSO-NATACION-2.jpg 722w, https:\/\/www.uv.mx\/prensa\/files\/2022\/08\/020822-CURSO-NATACION-2-300x198.jpg 300w\" sizes=\"(max-width: 722px) 100vw, 722px\" \/><p id=\"caption-attachment-118959\" class=\"wp-caption-text\">La pr\u00e1ctica de este deporte acu\u00e1tico y recreativo es recomendable para todos los grupos de edad<\/p><\/div>\n<p>&nbsp;<\/p>\n<p>\u201cSon personas que han cambiado su estilo de vida, ten\u00edan alguna condici\u00f3n de salud derivada de una enfermedad y la nataci\u00f3n les ha ayudado, incluso han limitado el consumo de f\u00e1rmacos por sugerencia m\u00e9dica.\u201d<\/p>\n<p>Asimismo, en julio se retomaron de manera presencial los cursos del \u00c1rea de Formaci\u00f3n de Elecci\u00f3n Libre (AFEL) para la comunidad estudiantil y \u201cpoco a poco se ha incrementado la atenci\u00f3n tambi\u00e9n para la poblaci\u00f3n infantil\u201d.<\/p>\n<p>Actualmente se encuentra disponible la programaci\u00f3n de los cursos de nataci\u00f3n para el periodo agosto-diciembre, tanto para la ense\u00f1anza, equipo de <em>Halcones<\/em> UV, AFEL y trabajadores, as\u00ed como para p\u00fablico en general, a cargo de tres instructores.<\/p>\n<p>En este \u00faltimo tema, mencion\u00f3 que se prev\u00e9 la contrataci\u00f3n de m\u00e1s instructores con el fin de brindar cobertura a la demanda de usuarios.<\/p>\n<p>Entre las modalidades del curso destaca nataci\u00f3n libre (sin instructor), dirigida a usuarios de 16 a\u00f1os en adelante que ya sepan nadar. En este caso, el acceso es de lunes a viernes en el horario seleccionado.<\/p>\n<p>Se ofertan, adem\u00e1s, tres clases a la semana con instructor (lunes, mi\u00e9rcoles y viernes); o dos (martes y jueves), donde no es necesario que la persona sepa nadar.<\/p>\n<p>De acuerdo con el horario que se especifique, los usuarios deber\u00e1n tener ocho o 15 a\u00f1os cumplidos en adelante.<\/p>\n<p>Tambi\u00e9n, como medida para evitar la propagaci\u00f3n del SARS-CoV-2, la DADUV solicita a las y los deportistas la entrega de un certificado m\u00e9dico emitido por una instituci\u00f3n p\u00fablica particular donde se garantice el \u00f3ptimo estado de salud.<\/p>\n<p>Con relaci\u00f3n a la cuota de recuperaci\u00f3n, \u00e9sta depende de cada modalidad y tipo de usuario: estudiantes, trabajadores, derechohabientes, egresados UV y p\u00fablico en general.<\/p>\n<p>Maribel Barradas dijo que, adem\u00e1s de este deporte, a partir de agosto se retoman presencialmente los cursos de futbol, yoga y ejercicio f\u00edsico para la salud, entre otros, en beneficio de los trabajadores UV, pues algunas de las disciplinas se impart\u00edan de manera virtual.<\/p>\n<p>&nbsp;<\/p>\n<div id=\"attachment_118960\" style=\"width: 732px\" class=\"wp-caption aligncenter\"><img aria-describedby=\"caption-attachment-118960\" decoding=\"async\" loading=\"lazy\" class=\"size-full wp-image-118960\" src=\"https:\/\/www.uv.mx\/prensa\/files\/2022\/08\/020822-CURSO-NATACION-3.jpg\" alt=\"\" width=\"722\" height=\"468\" srcset=\"https:\/\/www.uv.mx\/prensa\/files\/2022\/08\/020822-CURSO-NATACION-3.jpg 722w, https:\/\/www.uv.mx\/prensa\/files\/2022\/08\/020822-CURSO-NATACION-3-300x194.jpg 300w\" sizes=\"(max-width: 722px) 100vw, 722px\" \/><p id=\"caption-attachment-118960\" class=\"wp-caption-text\">Un equipo de instructores est\u00e1 a cargo de los cursos en el Centro Acu\u00e1tico Universitario \u201cEulalio R\u00edos\u201d<\/p><\/div>\n","protected":false},"excerpt":{"rendered":"<p>El proceso concluye el viernes 5 de agosto y las clases inician el lunes 8. Adem\u00e1s, este mes se reactivan todas las actividades orientadas a la promoci\u00f3n de estilos de vida saludable<\/p>\n","protected":false},"author":1869,"featured_media":118962,"comment_status":"closed","ping_status":"closed","sticky":false,"template":"","format":"standard","meta":[],"categories":[12,61],"tags":[],"_links":{"self":[{"href":"https:\/\/www.uv.mx\/prensa\/wp-json\/wp\/v2\/posts\/118964"}],"collection":[{"href":"https:\/\/www.uv.mx\/prensa\/wp-json\/wp\/v2\/posts"}],"about":[{"href":"https:\/\/www.uv.mx\/prensa\/wp-json\/wp\/v2\/types\/post"}],"author":[{"embeddable":true,"href":"https:\/\/www.uv.mx\/prensa\/wp-json\/wp\/v2\/users\/1869"}],"replies":[{"embeddable":true,"href":"https:\/\/www.uv.mx\/prensa\/wp-json\/wp\/v2\/comments?post=118964"}],"version-history":[{"count":1,"href":"https:\/\/www.uv.mx\/prensa\/wp-json\/wp\/v2\/posts\/118964\/revisions"}],"predecessor-version":[{"id":119000,"href":"https:\/\/www.uv.mx\/prensa\/wp-json\/wp\/v2\/posts\/118964\/revisions\/119000"}],"wp:featuredmedia":[{"embeddable":true,"href":"https:\/\/www.uv.mx\/prensa\/wp-json\/wp\/v2\/media\/118962"}],"wp:attachment":[{"href":"https:\/\/www.uv.mx\/prensa\/wp-json\/wp\/v2\/media?parent=118964"}],"wp:term":[{"taxonomy":"category","embeddable":true,"href":"https:\/\/www.uv.mx\/prensa\/wp-json\/wp\/v2\/categories?post=118964"},{"taxonomy":"post_tag","embeddable":true,"href":"https:\/\/www.uv.mx\/prensa\/wp-json\/wp\/v2\/tags?post=118964"}],"curies":[{"name":"wp","href":"https:\/\/api.w.org\/{rel}","templated":true}]}}