{"id":118968,"date":"2022-08-03T17:25:53","date_gmt":"2022-08-03T22:25:53","guid":{"rendered":"https:\/\/www.uv.mx\/prensa\/?p=118968"},"modified":"2022-08-09T16:50:46","modified_gmt":"2022-08-09T21:50:46","slug":"estudiante-colombiano-realiza-estancia-academica-en-microna","status":"publish","type":"post","link":"https:\/\/www.uv.mx\/prensa\/regiones\/estudiante-colombiano-realiza-estancia-academica-en-microna\/","title":{"rendered":"Estudiante de <i>Microna<\/i> realiza estancia en B\u00e9lgica"},"content":{"rendered":"<p>&nbsp;<\/p>\n<ul>\n<li data-leveltext=\"\uf0b7\" data-font=\"Symbol\" data-listid=\"4\" data-list-defn-props=\"{&quot;335552541&quot;:1,&quot;335559684&quot;:-2,&quot;335559685&quot;:720,&quot;335559991&quot;:360,&quot;469769226&quot;:&quot;Symbol&quot;,&quot;469769242&quot;:[8226],&quot;469777803&quot;:&quot;left&quot;,&quot;469777804&quot;:&quot;\uf0b7&quot;,&quot;469777815&quot;:&quot;hybridMultilevel&quot;}\" data-aria-posinset=\"1\" data-aria-level=\"1\"><i><span data-contrast=\"auto\">Luis \u00c1ngel Velosa Moncada es egresado <\/span><\/i><i><span data-contrast=\"auto\">de la Universidad Industrial de Santander y tiene maestr\u00eda en la misma \u00e1rea por la Universidad de Guanajuato<\/span><\/i><span data-ccp-props=\"{&quot;134233117&quot;:false,&quot;134233118&quot;:false,&quot;134233279&quot;:true,&quot;201341983&quot;:0,&quot;335559738&quot;:0,&quot;335559739&quot;:0,&quot;335559740&quot;:240}\">\u00a0<\/span><\/li>\n<li data-leveltext=\"\uf0b7\" data-font=\"Symbol\" data-listid=\"4\" data-list-defn-props=\"{&quot;335552541&quot;:1,&quot;335559684&quot;:-2,&quot;335559685&quot;:720,&quot;335559991&quot;:360,&quot;469769226&quot;:&quot;Symbol&quot;,&quot;469769242&quot;:[8226],&quot;469777803&quot;:&quot;left&quot;,&quot;469777804&quot;:&quot;\uf0b7&quot;,&quot;469777815&quot;:&quot;hybridMultilevel&quot;}\" data-aria-posinset=\"2\" data-aria-level=\"1\"><i><span data-contrast=\"auto\">Destac\u00f3 que los investigadores del Centro de Investigaci\u00f3n en Micro y Nanotecnolog\u00eda (<\/span><\/i><span data-contrast=\"auto\">Microna<\/span><i><span data-contrast=\"auto\">)son reconocidos internacionalmente<\/span><\/i><span data-ccp-props=\"{&quot;134233117&quot;:false,&quot;134233118&quot;:false,&quot;134233279&quot;:true,&quot;201341983&quot;:0,&quot;335559738&quot;:0,&quot;335559739&quot;:0,&quot;335559740&quot;:240}\">\u00a0<\/span><\/li>\n<\/ul>\n<p><span data-ccp-props=\"{&quot;134233117&quot;:false,&quot;134233118&quot;:false,&quot;134233279&quot;:true,&quot;201341983&quot;:0,&quot;335559738&quot;:0,&quot;335559739&quot;:0,&quot;335559740&quot;:240}\">\u00a0<\/span><\/p>\n<div id=\"attachment_118970\" style=\"width: 732px\" class=\"wp-caption aligncenter\"><img aria-describedby=\"caption-attachment-118970\" decoding=\"async\" loading=\"lazy\" class=\"size-full wp-image-118970\" src=\"https:\/\/www.uv.mx\/prensa\/files\/2022\/08\/020822-VERACRUZ-Estudiante-colombiano-realiza-estancia-en-Microna_1.jpg\" alt=\"\" width=\"722\" height=\"481\" srcset=\"https:\/\/www.uv.mx\/prensa\/files\/2022\/08\/020822-VERACRUZ-Estudiante-colombiano-realiza-estancia-en-Microna_1.jpg 722w, https:\/\/www.uv.mx\/prensa\/files\/2022\/08\/020822-VERACRUZ-Estudiante-colombiano-realiza-estancia-en-Microna_1-300x200.jpg 300w\" sizes=\"(max-width: 722px) 100vw, 722px\" \/><p id=\"caption-attachment-118970\" class=\"wp-caption-text\">Luis \u00c1ngel Velosa Moncada, estudiante colombiano<\/p><\/div>\n<p>&nbsp;<\/p>\n<p><b><i><span data-contrast=\"auto\">Texto y fotos: Aracely Hern\u00e1ndez Rodr\u00edguez<\/span><\/i><\/b><span data-ccp-props=\"{&quot;134233279&quot;:true,&quot;201341983&quot;:0,&quot;335559739&quot;:0,&quot;335559740&quot;:240}\">\u00a0<\/span><\/p>\n<p><b><i><span data-contrast=\"auto\">03\/08\/2022, <\/span><\/i><\/b><b><i><span data-contrast=\"auto\">Boca del R\u00edo, Veracruz.-<\/span><\/i><\/b><span data-contrast=\"auto\"> Luis \u00c1ngel Velosa Moncada, egresado <\/span><span data-contrast=\"auto\">de la Universidad Industrial de Santander, en Colombia, con maestr\u00eda en la misma \u00e1rea por la Universidad de Guanajuato, y estudiante del s\u00e9ptimo semestre del Doctorado en Materiales y Nanociencia en el Centro de Investigaci\u00f3n en Micro y Nanotecnolog\u00eda (<em>Microna<\/em>) de la Universidad Veracruzana (UV), realiza una estancia acad\u00e9mica en la Universidad Cat\u00f3lica de Lovaina (UCLouvain), B\u00e9lgica, para complementar y fortalecer su formaci\u00f3n de posgrado.<\/span><\/p>\n<p><span data-contrast=\"auto\">Comparti\u00f3 que cuando estudi\u00f3 su maestr\u00eda en Guanajuato tuvo la oportunidad de conocer los laboratorios de <\/span><i><span data-contrast=\"auto\">Microna.<\/span><\/i><span data-contrast=\"auto\"> \u201cHice una estancia de investigaci\u00f3n, por lo que ya sab\u00eda que me ser\u00eda de gran ayuda para profundizar mis conocimientos, as\u00ed como complementar t\u00e9cnicas y procesos que manejamos en mi universidad de origen y con aquellos que se trabajan en otros pa\u00edses\u201d.<\/span><span data-ccp-props=\"{&quot;134233279&quot;:true,&quot;201341983&quot;:0,&quot;335559731&quot;:708,&quot;335559739&quot;:0,&quot;335559740&quot;:240}\">\u00a0<\/span><\/p>\n<p><span data-contrast=\"auto\">Se\u00f1al\u00f3 que adem\u00e1s de las <\/span><span data-contrast=\"auto\">instalaciones y el equipo especializado y de alta tecnolog\u00eda, <\/span><i><span data-contrast=\"auto\">Microna<\/span><\/i><span data-contrast=\"auto\"> cuenta con una base de investigadores que son referencia en el contexto cient\u00edfico y tecnol\u00f3gico internacional.<\/span><span data-ccp-props=\"{&quot;134233279&quot;:true,&quot;201341983&quot;:0,&quot;335559731&quot;:708,&quot;335559739&quot;:0,&quot;335559740&quot;:240}\">\u00a0<\/span><\/p>\n<p><span data-contrast=\"auto\">\u201cEs muy importante conocer lo que est\u00e1n realizando los investigadores que son referencia a nivel mundial, porque nos permite generar el conocimiento y la experiencia suficiente para ser un poco m\u00e1s ambiciosos con los proyectos de investigaci\u00f3n que estamos desarrollando actualmente y que se planean realizar en el futuro cercano.\u201d<\/span><span data-ccp-props=\"{&quot;134233279&quot;:true,&quot;201341983&quot;:0,&quot;335559731&quot;:708,&quot;335559739&quot;:0,&quot;335559740&quot;:240}\">\u00a0<\/span><\/p>\n<p><span data-contrast=\"auto\">Velosa Moncada dijo que tiene contemplada una estancia de siete meses en la UCLouvain, la cual inici\u00f3 en julio y concluye en enero de 2023. Expres\u00f3 que durante este periodo est\u00e1 trabajando para complementar su investigaci\u00f3n, cuyo principal objetivo es el estudio de las t\u00e9cnicas de fabricaci\u00f3n de micro y nanodispositivos.<\/span><span data-ccp-props=\"{&quot;134233279&quot;:true,&quot;201341983&quot;:0,&quot;335559731&quot;:708,&quot;335559739&quot;:0,&quot;335559740&quot;:240}\">\u00a0<\/span><\/p>\n<p><span data-contrast=\"auto\">Destac\u00f3 que las estancias en el \u00e1mbito cient\u00edfico son vitales para el desarrollo exitoso de los proyectos de investigaci\u00f3n y \u201crealizar trabajos con investigadores de otras universidades es crucial para fortalecer los lazos de colaboraci\u00f3n, porque al final se ve reflejado en el aumento de la producci\u00f3n cient\u00edfica, que mejora los est\u00e1ndares de calidad de las instituciones\u201d.<\/span><span data-ccp-props=\"{&quot;134233279&quot;:true,&quot;201341983&quot;:0,&quot;335559731&quot;:708,&quot;335559739&quot;:0,&quot;335559740&quot;:240}\">\u00a0<\/span><\/p>\n<p><span data-contrast=\"auto\">Sobre su experiencia de la pandemia en M\u00e9xico, donde radica desde hace seis a\u00f1os, mencion\u00f3 que pese a la situaci\u00f3n sus estudios del doctorado no se vieron afectados pues se encontraba en la etapa de dise\u00f1o y pudo avanzar a trav\u00e9s de simulaciones. \u201cAunque la Universidad tuvo que cerrar sus espacios por la pandemia, puedo dar fe y asegurar que el Centro nunca par\u00f3, siempre se trat\u00f3 de seguir trabajando en medio de las restricciones y protocolos de seguridad\u201d.<\/span><span data-ccp-props=\"{&quot;134233279&quot;:true,&quot;201341983&quot;:0,&quot;335559731&quot;:708,&quot;335559739&quot;:0,&quot;335559740&quot;:240}\">\u00a0<\/span><\/p>\n<p><span data-contrast=\"auto\">Puntualiz\u00f3 que \u201cla investigaci\u00f3n siempre busca la manera de avanzar y se cuenta con el apoyo y la motivaci\u00f3n de todos los investigadores para seguir trabajando, la evidencia es que no hubo deserciones en el doctorado\u201d.<\/span><span data-ccp-props=\"{&quot;134233117&quot;:false,&quot;134233118&quot;:false,&quot;134233279&quot;:true,&quot;201341983&quot;:0,&quot;335559738&quot;:0,&quot;335559739&quot;:0,&quot;335559740&quot;:240}\">\u00a0<\/span><\/p>\n<p><span data-contrast=\"auto\">En este sentido, aprovech\u00f3 para agradecer a la UV, a los investigadores de <\/span><span data-contrast=\"auto\">UCLouvain y<\/span> <i><span data-contrast=\"auto\">Microna<\/span><\/i><span data-contrast=\"auto\">, y a los acad\u00e9micos de la Facultad de Ingenier\u00eda de la Construcci\u00f3n y el H\u00e1bitat por el apoyo otorgado y las oportunidades recibidas.<\/span><span data-ccp-props=\"{&quot;134233117&quot;:false,&quot;134233118&quot;:false,&quot;134233279&quot;:true,&quot;201341983&quot;:0,&quot;335559738&quot;:0,&quot;335559739&quot;:0,&quot;335559740&quot;:240}\">\u00a0<\/span><\/p>\n<p><span data-contrast=\"auto\">\u201cMi agradecimiento a Jean Pierre Raskin, investigador anfitri\u00f3n y mi <\/span><span data-contrast=\"auto\">codirector de tesis por<\/span> <span data-contrast=\"auto\">la <\/span><span data-contrast=\"auto\">UCLouvain<\/span><span data-contrast=\"auto\">; Jaime Mart\u00ednez Castillo, director de <\/span><i><span data-contrast=\"auto\">Microna<\/span><\/i><span data-contrast=\"auto\">; Agust\u00edn Leobardo Herrera May, asesor de mi tesis; y a los acad\u00e9micos Adriana B\u00e1ez Rodr\u00edguez y Francisco L\u00f3pez Huerta, integrantes de mi comit\u00e9 sinodal. Todos ellos me orientan y comparten consejos desde distintos puntos de vista, con miras a mejorar mi proyecto de investigaci\u00f3n, cada uno desde su respectiva \u00e1rea.\u201d<\/span><span data-ccp-props=\"{&quot;134233117&quot;:false,&quot;134233118&quot;:false,&quot;134233279&quot;:true,&quot;201341983&quot;:0,&quot;335559738&quot;:0,&quot;335559739&quot;:0,&quot;335559740&quot;:240}\">\u00a0<\/span><\/p>\n<p><span data-contrast=\"auto\">Para concluir, inst\u00f3 a otros estudiantes a realizar estancias de investigaci\u00f3n: \u201cLa UV es una de las mejores universidades del pa\u00eds y cuenta con instalaciones, personal docente y administrativo de alta calidad para estudiar un buen programa, pero sobre todo te prepara para las exigencias del campo laboral\u201d.<\/span><span data-ccp-props=\"{&quot;134233117&quot;:false,&quot;134233118&quot;:false,&quot;134233279&quot;:true,&quot;201341983&quot;:0,&quot;335559731&quot;:708,&quot;335559738&quot;:0,&quot;335559739&quot;:0,&quot;335559740&quot;:240}\">\u00a0<\/span><\/p>\n<p><span data-ccp-props=\"{&quot;134233117&quot;:false,&quot;134233118&quot;:false,&quot;134233279&quot;:true,&quot;201341983&quot;:0,&quot;335559738&quot;:0,&quot;335559739&quot;:0,&quot;335559740&quot;:240}\">\u00a0<\/span><\/p>\n<div id=\"attachment_118971\" style=\"width: 732px\" class=\"wp-caption aligncenter\"><img aria-describedby=\"caption-attachment-118971\" decoding=\"async\" loading=\"lazy\" class=\"size-full wp-image-118971\" src=\"https:\/\/www.uv.mx\/prensa\/files\/2022\/08\/020822-VERACRUZ-Estudiante-colombiano-realiza-estancia-en-Microna_2.jpg\" alt=\"\" width=\"722\" height=\"437\" srcset=\"https:\/\/www.uv.mx\/prensa\/files\/2022\/08\/020822-VERACRUZ-Estudiante-colombiano-realiza-estancia-en-Microna_2.jpg 722w, https:\/\/www.uv.mx\/prensa\/files\/2022\/08\/020822-VERACRUZ-Estudiante-colombiano-realiza-estancia-en-Microna_2-300x182.jpg 300w\" sizes=\"(max-width: 722px) 100vw, 722px\" \/><p id=\"caption-attachment-118971\" class=\"wp-caption-text\">Agust\u00edn Leobardo Herrera May, Luis \u00c1ngel Velosa y Jaime Mart\u00ednez Castillo<\/p><\/div>\n","protected":false},"excerpt":{"rendered":"<p>Durante siete meses, hasta enero de 2023, estar\u00e1 investigando las t\u00e9cnicas de fabricaci\u00f3n de micro y nanodispositivos\u00a0<\/p>\n","protected":false},"author":1869,"featured_media":118970,"comment_status":"closed","ping_status":"closed","sticky":false,"template":"","format":"standard","meta":[],"categories":[32,55],"tags":[],"_links":{"self":[{"href":"https:\/\/www.uv.mx\/prensa\/wp-json\/wp\/v2\/posts\/118968"}],"collection":[{"href":"https:\/\/www.uv.mx\/prensa\/wp-json\/wp\/v2\/posts"}],"about":[{"href":"https:\/\/www.uv.mx\/prensa\/wp-json\/wp\/v2\/types\/post"}],"author":[{"embeddable":true,"href":"https:\/\/www.uv.mx\/prensa\/wp-json\/wp\/v2\/users\/1869"}],"replies":[{"embeddable":true,"href":"https:\/\/www.uv.mx\/prensa\/wp-json\/wp\/v2\/comments?post=118968"}],"version-history":[{"count":1,"href":"https:\/\/www.uv.mx\/prensa\/wp-json\/wp\/v2\/posts\/118968\/revisions"}],"predecessor-version":[{"id":119246,"href":"https:\/\/www.uv.mx\/prensa\/wp-json\/wp\/v2\/posts\/118968\/revisions\/119246"}],"wp:featuredmedia":[{"embeddable":true,"href":"https:\/\/www.uv.mx\/prensa\/wp-json\/wp\/v2\/media\/118970"}],"wp:attachment":[{"href":"https:\/\/www.uv.mx\/prensa\/wp-json\/wp\/v2\/media?parent=118968"}],"wp:term":[{"taxonomy":"category","embeddable":true,"href":"https:\/\/www.uv.mx\/prensa\/wp-json\/wp\/v2\/categories?post=118968"},{"taxonomy":"post_tag","embeddable":true,"href":"https:\/\/www.uv.mx\/prensa\/wp-json\/wp\/v2\/tags?post=118968"}],"curies":[{"name":"wp","href":"https:\/\/api.w.org\/{rel}","templated":true}]}}