{"id":118982,"date":"2022-08-03T12:06:26","date_gmt":"2022-08-03T17:06:26","guid":{"rendered":"https:\/\/www.uv.mx\/prensa\/?p=118982"},"modified":"2022-08-03T15:18:52","modified_gmt":"2022-08-03T20:18:52","slug":"necesario-vindicar-la-dramaturgia-de-xavier-villaurrutia-pedro-angel-palou","status":"publish","type":"post","link":"https:\/\/www.uv.mx\/prensa\/cultura\/necesario-vindicar-la-dramaturgia-de-xavier-villaurrutia-pedro-angel-palou\/","title":{"rendered":"Necesario vindicar la dramaturgia de Xavier Villaurrutia: Pedro \u00c1ngel Palou"},"content":{"rendered":"<ul class=\"ul1\">\n<li class=\"li1\"><i>El escritor particip\u00f3 en el Seminario Introducci\u00f3n a la Literatura Moderna y Contempor\u00e1nea de M\u00e9xico<\/i><\/li>\n<li class=\"li1\"><em>La charla puede consultarse en el<\/em> Facebook <em>de la Facultad de Letras Espa\u00f1olas de la UV: https:\/\/www.facebook.com\/FacultaddeLetrasUV<\/em><\/li>\n<\/ul>\n<p>&nbsp;<\/p>\n<div id=\"attachment_118983\" style=\"width: 732px\" class=\"wp-caption aligncenter\"><img aria-describedby=\"caption-attachment-118983\" decoding=\"async\" loading=\"lazy\" class=\"size-full wp-image-118983\" src=\"https:\/\/www.uv.mx\/prensa\/files\/2022\/08\/02082022-KARINA-Javier-Villaurrutia-1-100k.jpg\" alt=\"Pedro \u00c1ngel Palou precis\u00f3 que, de acuerdo con las obras completas, la mitad de la producci\u00f3n en prosa de Villaurrutia, es teatro\" width=\"722\" height=\"542\" srcset=\"https:\/\/www.uv.mx\/prensa\/files\/2022\/08\/02082022-KARINA-Javier-Villaurrutia-1-100k.jpg 722w, https:\/\/www.uv.mx\/prensa\/files\/2022\/08\/02082022-KARINA-Javier-Villaurrutia-1-100k-300x225.jpg 300w\" sizes=\"(max-width: 722px) 100vw, 722px\" \/><p id=\"caption-attachment-118983\" class=\"wp-caption-text\">Pedro \u00c1ngel Palou precis\u00f3 que, de acuerdo con las obras completas, la mitad de la producci\u00f3n en prosa de Villaurrutia, es teatro<\/p><\/div>\n<p>&nbsp;<\/p>\n<p class=\"p1\"><b><i>Texto y foto: Karina de la Paz Reyes D\u00edaz<\/i><\/b><\/p>\n<p class=\"p1\"><b><i>03\/08\/2022, Xalapa, Ver. &#8211; <\/i><\/b>El escritor Pedro \u00c1ngel Palou se pronunci\u00f3 por hacer una \u201cvindicaci\u00f3n\u201d de la dramaturgia que cre\u00f3 el destacado poeta y miembro del grupo Contempor\u00e1neos, Xavier Villaurrutia (1903-1950), y a la que, en ocasiones, no se le ha dado suficiente atenci\u00f3n.<\/p>\n<p class=\"p3\">El autor de <i>En la alcoba de un mundo. El amor y la oscura muerte de Xavier Villaurrutia<\/i>, refiri\u00f3, como antecedente a tal planteamiento, que el poeta Octavio Paz \u201cdenost\u00f3\u201d a aqu\u00e9l como un dramaturgo s\u00f3lo de ideas y no de obras.<\/p>\n<p class=\"p3\">Palou habl\u00f3 de Villaurrutia en el M\u00f3dulo V \u201cNuevo examen a Contempor\u00e1neos\u201d dentro del Seminario Introducci\u00f3n a la Literatura Moderna y Contempor\u00e1nea de M\u00e9xico, que forma parte de un programa de difusi\u00f3n literaria de la Fundaci\u00f3n para las Letras Mexicanas, a trav\u00e9s de la Casa Estudio Cien A\u00f1os de Soledad, en colaboraci\u00f3n con las universidades Veracruzana (UV) y Aut\u00f3noma de Nuevo Le\u00f3n.<\/p>\n<p class=\"p3\">La charla se desarroll\u00f3 el 30 de julio en modalidad virtual y si bien se centr\u00f3 en la obra po\u00e9tica, en el inicio y en varios momentos m\u00e1s, cit\u00f3 a la dram\u00e1tica, porque le interesa como una especie de \u201cpuesta en escena\u201d en s\u00ed.<\/p>\n<p class=\"p3\">Mencion\u00f3 que Octavio Paz se cuestion\u00f3 con admiraci\u00f3n por qu\u00e9 Villaurrutia escribi\u00f3 tanto teatro \u2013de acuerdo con las obras completas, la mitad de la producci\u00f3n en prosa, es teatro\u2013.<\/p>\n<p class=\"p3\">Dijo tambi\u00e9n que el autor de <i>Piedra de sol<\/i> calific\u00f3 las obras dram\u00e1ticas de bien construidas, inteligentes y algunas con pasajes admirables, pero apunt\u00f3 que \u201ccarecen de un elemento esencial: la teatralidad\u201d.<\/p>\n<p class=\"p3\">En cambio, el propio Pedro \u00c1ngel Palou consider\u00f3 que temas como el insomnio, la soledad, la noche y los demonios de la intimidad \u201cse encuentran lo mismo en el poeta l\u00edrico que en el dramaturgo\u201d. Incluso, consider\u00f3 que \u201ces la misma est\u00e9tica la que gu\u00eda la meticulosa escritura villaurrutiana\u201d.<\/p>\n<p class=\"p3\">Para el tambi\u00e9n profesor de literatura y jefe del Departamento de Lenguas Romances de la Universidad Tufts, en Estados Unidos, \u201cno le podemos restar, en ese sentido, un palmo de ambici\u00f3n al teatro y a los esfuerzos que Villaurrutia hizo para que el edificio teatral mexicano no fuera s\u00f3lo un pante\u00f3n castizo\u201d.<\/p>\n<p class=\"p3\">Pedro \u00c1ngel Palou ley\u00f3 obra po\u00e9tica de Villaurrutia, comparti\u00f3 reflexiones al respecto; tambi\u00e9n dio algunos detalles biogr\u00e1ficos, tanto del poeta como de la relaci\u00f3n que mantuvo con su c\u00edrculo de amistad \u2013Jorge Cuesta, Salvador Novo, Jos\u00e9 Gorostiza, por citar algunos\u2013, y, por ende, de la \u00e9poca de los llamados Contempor\u00e1neos, la primera mitad del siglo XX.<\/p>\n<p class=\"p3\">\u201cHay una paradoja en c\u00f3mo leemos a Contempor\u00e1neos, en general. Una paradoja terrible, porque los leemos como aparentemente poetas de \u2018\u00e9lite\u2019, s\u00f3lo preocupados con la \u2018poes\u00eda pura\u2019, s\u00f3lo preocupados con cierto car\u00e1cter esteticista, y no hay nada m\u00e1s lejano.\u201d<\/p>\n<p class=\"p3\">De acuerdo con Pedro \u00c1ngel Palou, los Contempor\u00e1neos eran \u201cpopulares\u201d en el mejor sentido de la palabra y nuevamente recurri\u00f3 a la obra dram\u00e1tica de Villaurrutia, quien escribi\u00f3 incluso para el teatro de carpa.<\/p>\n<p class=\"p3\">Adem\u00e1s, consider\u00f3 que a las obras completas de los Contempor\u00e1neos se les deben nuevas e importantes reediciones por parte del Fondo de Cultura Econ\u00f3mica.<\/p>\n<p class=\"p3\">El Seminario Introducci\u00f3n a la Literatura Moderna y Contempor\u00e1nea de M\u00e9xico es gratuito y tiene un enfoque de divulgaci\u00f3n, as\u00ed que \u00e9sta y el resto de las charlas pueden consultarse en el <i>Facebook<\/i> de la <a href=\"https:\/\/www.uv.mx\/letrasesp\/\" target=\"_blank\" rel=\"noopener\">Facultad de Letras Espa\u00f1olas<\/a> de la UV: https:\/\/www.facebook.com\/FacultaddeLetrasUV<\/p>\n","protected":false},"excerpt":{"rendered":"<p>Palou consider\u00f3 que la est\u00e9tica \u201cgu\u00eda la meticulosa escritura villaurrutiana\u201d y en sus temas se encuentran lo mismo en el poeta l\u00edrico que en el dramaturgo\u201d<\/p>\n","protected":false},"author":1775,"featured_media":118983,"comment_status":"closed","ping_status":"closed","sticky":false,"template":"","format":"standard","meta":[],"categories":[11],"tags":[8246,8248,580,1547,4015,8245,8247],"_links":{"self":[{"href":"https:\/\/www.uv.mx\/prensa\/wp-json\/wp\/v2\/posts\/118982"}],"collection":[{"href":"https:\/\/www.uv.mx\/prensa\/wp-json\/wp\/v2\/posts"}],"about":[{"href":"https:\/\/www.uv.mx\/prensa\/wp-json\/wp\/v2\/types\/post"}],"author":[{"embeddable":true,"href":"https:\/\/www.uv.mx\/prensa\/wp-json\/wp\/v2\/users\/1775"}],"replies":[{"embeddable":true,"href":"https:\/\/www.uv.mx\/prensa\/wp-json\/wp\/v2\/comments?post=118982"}],"version-history":[{"count":1,"href":"https:\/\/www.uv.mx\/prensa\/wp-json\/wp\/v2\/posts\/118982\/revisions"}],"predecessor-version":[{"id":119004,"href":"https:\/\/www.uv.mx\/prensa\/wp-json\/wp\/v2\/posts\/118982\/revisions\/119004"}],"wp:featuredmedia":[{"embeddable":true,"href":"https:\/\/www.uv.mx\/prensa\/wp-json\/wp\/v2\/media\/118983"}],"wp:attachment":[{"href":"https:\/\/www.uv.mx\/prensa\/wp-json\/wp\/v2\/media?parent=118982"}],"wp:term":[{"taxonomy":"category","embeddable":true,"href":"https:\/\/www.uv.mx\/prensa\/wp-json\/wp\/v2\/categories?post=118982"},{"taxonomy":"post_tag","embeddable":true,"href":"https:\/\/www.uv.mx\/prensa\/wp-json\/wp\/v2\/tags?post=118982"}],"curies":[{"name":"wp","href":"https:\/\/api.w.org\/{rel}","templated":true}]}}