{"id":119117,"date":"2022-08-07T12:00:08","date_gmt":"2022-08-07T17:00:08","guid":{"rendered":"https:\/\/www.uv.mx\/prensa\/?p=119117"},"modified":"2022-08-08T14:01:42","modified_gmt":"2022-08-08T19:01:42","slug":"galeria-rac-anuncia-actividades-previas-al-cierre-de-muestra-fotografica","status":"publish","type":"post","link":"https:\/\/www.uv.mx\/prensa\/cultura\/galeria-rac-anuncia-actividades-previas-al-cierre-de-muestra-fotografica\/","title":{"rendered":"Galer\u00eda RAC anuncia actividades previas al cierre de muestra fotogr\u00e1fica"},"content":{"rendered":"<ul class=\"ul1\">\n<li class=\"li1\"><i>La exposici\u00f3n <\/i>Autorretrato con consciencia: Mujeres, g\u00e9nero y feminismos<i>, ser\u00e1 clausurada el domingo 14 de agosto<\/i><\/li>\n<li class=\"li1\"><i>Invitan al conversatorio<\/i> <i>\u201cCuradur\u00eda, imagen y feminismos: La historia del arte desde las perspectivas de g\u00e9nero\u201d, el jueves 11 a las 17:30 horas, en el recinto cultural<\/i><\/li>\n<\/ul>\n<p>&nbsp;<\/p>\n<div id=\"attachment_119118\" style=\"width: 732px\" class=\"wp-caption aligncenter\"><img aria-describedby=\"caption-attachment-119118\" decoding=\"async\" loading=\"lazy\" class=\"size-full wp-image-119118\" src=\"https:\/\/www.uv.mx\/prensa\/files\/2022\/08\/050822-CLAUDIA-EXPOSICION-RAC-MUJERES-1-100k.jpg\" alt=\"La Galer\u00eda \u201cRam\u00f3n Alva de la Canal\u201d anuncia conversatorio con motivo de clausura de muestra fotogr\u00e1fica\" width=\"722\" height=\"605\" srcset=\"https:\/\/www.uv.mx\/prensa\/files\/2022\/08\/050822-CLAUDIA-EXPOSICION-RAC-MUJERES-1-100k.jpg 722w, https:\/\/www.uv.mx\/prensa\/files\/2022\/08\/050822-CLAUDIA-EXPOSICION-RAC-MUJERES-1-100k-300x251.jpg 300w\" sizes=\"(max-width: 722px) 100vw, 722px\" \/><p id=\"caption-attachment-119118\" class=\"wp-caption-text\">La Galer\u00eda \u201cRam\u00f3n Alva de la Canal\u201d anuncia conversatorio con motivo de clausura de muestra fotogr\u00e1fica<\/p><\/div>\n<p>&nbsp;<\/p>\n<p class=\"p1\"><b><i>07\/08\/2022, Xalapa, Ver.- <\/i><\/b>Con motivo de la clausura de la exposici\u00f3n <i>Autorretrato con consciencia: Mujeres, g\u00e9nero y feminismos<\/i>, el pr\u00f3ximo domingo 14 de agosto, la <a href=\"https:\/\/www.uv.mx\/galeriarac\/\" target=\"_blank\" rel=\"noopener\">Galer\u00eda Universitaria \u201cRam\u00f3n Alva de la Canal\u201d<\/a> (RAC) ha preparado un programa de actividades previas, consistentes en un conversatorio y una visita guiada a cargo de la curadora de la muestra, Karen Cordero Reiman.<\/p>\n<p class=\"p1\">Desde su inauguraci\u00f3n, el pasado 11 de mayo, la exposici\u00f3n ha convocado a m\u00e1s de dos mil 300 visitantes, gracias a la colaboraci\u00f3n del Centro de la Imagen y la Universidad Veracruzana (UV).<\/p>\n<p class=\"p2\">La muestra integra m\u00e1s de un centenar de im\u00e1genes realizadas por destacadas fot\u00f3grafas mexicanas y latinoamericanas como: Yolanda Andrade, Claudia Andujar, Sara Facio, Laura Gonz\u00e1lez Flores, Lourdes Grobet, Graciela Iturbide, Lourdes Almeida, Eugenia Vargas, Oweena Fogarthy, Mariana Yampolsky, entre otras.<\/p>\n<p class=\"p2\">De esta manera, la exposici\u00f3n recupera, desde una perspectiva de g\u00e9nero, la participaci\u00f3n de las fot\u00f3grafas que se integraron al c\u00e9lebre Consejo Mexicano de Fotograf\u00eda durante las \u00faltimas d\u00e9cadas del siglo pasado.<\/p>\n<p class=\"p2\">Por lo anterior, se ha organizado un programa de actividades paralelas, entre visitas guiadas, conciertos y eventos acad\u00e9micos con facultades y centros de esta casa de estudios. Dichas acciones han contribuido a la diversificaci\u00f3n de la oferta cultural de la RAC y al acercamiento de nuevos p\u00fablicos.<\/p>\n<p class=\"p2\">Para el cierre de esta jornada, el jueves 11 de agosto a las 17:30 horas, en el recinto cultural ubicado sobre la calle de Xalape\u00f1os Ilustres n\u00famero 86, se realizar\u00e1 el conversatorio \u201cCuradur\u00eda, imagen y feminismos: La historia del arte desde las perspectivas de g\u00e9nero\u201d, organizado en colaboraci\u00f3n con el Centro de Estudios de G\u00e9nero de la UV (CEGUV).<\/p>\n<p class=\"p2\">En \u00e9l participar\u00e1n la curadora e historiadora Karen Cordero Reiman; Gladys Villegas Morales, catedr\u00e1tica de la Facultad de Artes Pl\u00e1sticas e integrante del CEGUV y del n\u00facleo b\u00e1sico de la Maestr\u00eda en Estudios de G\u00e9nero.<\/p>\n<p class=\"p2\">Tambi\u00e9n, Elissa Rashkin, investigadora del Centro de Estudios de la Cultura y la Comunicaci\u00f3n, y Mar\u00eda del Roc\u00edo Ochoa Garc\u00eda, coordinadora del CEGUV.<\/p>\n<p class=\"p2\">En dicha actividad, las participantes abordar\u00e1n las tem\u00e1ticas de la exposici\u00f3n y dialogar\u00e1n en torno a aquellas l\u00edneas de investigaci\u00f3n y producci\u00f3n art\u00edstica que, desde la mirada de los feminismos y los estudios de g\u00e9nero, han centrado su objetivo en los territorios disciplinarios de la historia del arte, la creaci\u00f3n art\u00edstica y la pr\u00e1ctica curatorial.<span class=\"Apple-converted-space\">\u00a0 \u00a0<\/span><\/p>\n<p class=\"p2\">Al t\u00e9rmino de la actividad con cupo limitado habr\u00e1 una visita guiada a la exposici\u00f3n, en la que Karen Cordero compartir\u00e1 con el p\u00fablico algunos aspectos hist\u00f3ricos y est\u00e9ticos que dieron origen y desarrollo a la investigaci\u00f3n curatorial, adem\u00e1s de analizar la producci\u00f3n y el papel de las fot\u00f3grafas activas en el Consejo Mexicano de Fotograf\u00eda.<\/p>\n<p class=\"p2\">Para mayores informes, comunicarse al correo electr\u00f3nico: <a href=\"mailto:santperez@uv.mx\"><span class=\"s2\">santperez@uv.mx<\/span><\/a>, y a los n\u00famero telef\u00f3nicos 2286888909 y 2288177579.<\/p>\n<p class=\"p1\">A trav\u00e9s de <i>Facebook<\/i>: @galeriarac, o visita al sitio <i>web<\/i>: <a href=\"https:\/\/www.uv.mx\/galeriarac\/\"><span class=\"s2\">https:\/\/www.uv.mx\/galeriarac\/<\/span><\/a><\/p>\n","protected":false},"excerpt":{"rendered":"<p>El 11 de agosto realizar\u00e1 el conversatorio \u201cCuradur\u00eda, imagen y feminismos: La historia del arte desde las perspectivas de g\u00e9nero\u201d y una visita guiada a la exposici\u00f3n Autorretrato con consciencia<\/p>\n","protected":false},"author":1775,"featured_media":119118,"comment_status":"closed","ping_status":"closed","sticky":false,"template":"","format":"standard","meta":[],"categories":[11],"tags":[8272,8274,3489,813,7172,8278,1941,2078,8276,7422,8275,8277,7459,7458,8279,1273,1272,7460,8273],"_links":{"self":[{"href":"https:\/\/www.uv.mx\/prensa\/wp-json\/wp\/v2\/posts\/119117"}],"collection":[{"href":"https:\/\/www.uv.mx\/prensa\/wp-json\/wp\/v2\/posts"}],"about":[{"href":"https:\/\/www.uv.mx\/prensa\/wp-json\/wp\/v2\/types\/post"}],"author":[{"embeddable":true,"href":"https:\/\/www.uv.mx\/prensa\/wp-json\/wp\/v2\/users\/1775"}],"replies":[{"embeddable":true,"href":"https:\/\/www.uv.mx\/prensa\/wp-json\/wp\/v2\/comments?post=119117"}],"version-history":[{"count":1,"href":"https:\/\/www.uv.mx\/prensa\/wp-json\/wp\/v2\/posts\/119117\/revisions"}],"predecessor-version":[{"id":119167,"href":"https:\/\/www.uv.mx\/prensa\/wp-json\/wp\/v2\/posts\/119117\/revisions\/119167"}],"wp:featuredmedia":[{"embeddable":true,"href":"https:\/\/www.uv.mx\/prensa\/wp-json\/wp\/v2\/media\/119118"}],"wp:attachment":[{"href":"https:\/\/www.uv.mx\/prensa\/wp-json\/wp\/v2\/media?parent=119117"}],"wp:term":[{"taxonomy":"category","embeddable":true,"href":"https:\/\/www.uv.mx\/prensa\/wp-json\/wp\/v2\/categories?post=119117"},{"taxonomy":"post_tag","embeddable":true,"href":"https:\/\/www.uv.mx\/prensa\/wp-json\/wp\/v2\/tags?post=119117"}],"curies":[{"name":"wp","href":"https:\/\/api.w.org\/{rel}","templated":true}]}}