{"id":119197,"date":"2022-08-09T15:10:58","date_gmt":"2022-08-09T20:10:58","guid":{"rendered":"https:\/\/www.uv.mx\/prensa\/?p=119197"},"modified":"2022-08-09T16:08:08","modified_gmt":"2022-08-09T21:08:08","slug":"arquitectura-uv-abrio-sus-puertas-a-estudiantes-de-nuevo-ingreso","status":"publish","type":"post","link":"https:\/\/www.uv.mx\/prensa\/general\/arquitectura-uv-abrio-sus-puertas-a-estudiantes-de-nuevo-ingreso\/","title":{"rendered":"Arquitectura UV abri\u00f3 sus puertas a estudiantes de nuevo ingreso"},"content":{"rendered":"<ul class=\"ul1\">\n<li class=\"li1\"><span class=\"s2\"><i>\u201cAl interior de esta entidad se trabaja de manera continua por el fomento a la paz, la cultura, la equidad de g\u00e9nero, la inclusi\u00f3n y la interculturalidad\u201d, afirm\u00f3 su directora Noemi Uehara<\/i><\/span><\/li>\n<\/ul>\n<p>&nbsp;<\/p>\n<div id=\"attachment_119207\" style=\"width: 732px\" class=\"wp-caption aligncenter\"><img aria-describedby=\"caption-attachment-119207\" decoding=\"async\" loading=\"lazy\" class=\"size-full wp-image-119207\" src=\"https:\/\/www.uv.mx\/prensa\/files\/2022\/08\/080822-CARLOS-Bienvenida-FAUV-1-100k.jpg\" alt=\"En el evento estuvieron presentes autoridades y docentes de la FAUV\" width=\"722\" height=\"542\" srcset=\"https:\/\/www.uv.mx\/prensa\/files\/2022\/08\/080822-CARLOS-Bienvenida-FAUV-1-100k.jpg 722w, https:\/\/www.uv.mx\/prensa\/files\/2022\/08\/080822-CARLOS-Bienvenida-FAUV-1-100k-300x225.jpg 300w\" sizes=\"(max-width: 722px) 100vw, 722px\" \/><p id=\"caption-attachment-119207\" class=\"wp-caption-text\">En el evento estuvieron presentes autoridades y docentes de la FAUV<\/p><\/div>\n<p>&nbsp;<\/p>\n<p class=\"p1\"><b><i>Texto y fotos: Carlos Hugo Hermida Rosales<\/i><\/b><\/p>\n<p class=\"p1\"><b><i>09\/08\/2022, Xalapa, Ver.-<\/i><\/b> La <a href=\"https:\/\/www.uv.mx\/arquitectura\/\" target=\"_blank\" rel=\"noopener\">Facultad de Arquitectura<\/a> de la Universidad Veracruzana (FAUV) abri\u00f3 sus puertas a estudiantes de nuevo ingreso, para darles a conocer la historia de la instituci\u00f3n, de la entidad acad\u00e9mica de la que ya forman parte, as\u00ed como generalidades del programa educativo.<\/p>\n<p class=\"p3\"><span class=\"s1\">El evento fue encabezado por <\/span>Noemi Uehara Guerrero, directora de la Facultad, con la presencia de la comunidad docente y del personal que les acompa\u00f1ar\u00e1 durante su formaci\u00f3n profesional.<\/p>\n<p class=\"p3\"><span class=\"s1\">La funcionaria universitaria <\/span><span class=\"s2\">habl\u00f3 del gran prestigio de la UV, instituci\u00f3n educativa que tiene presencia en 27 municipios del estado agrupados en cinco regiones.<\/span><\/p>\n<p class=\"p4\"><span class=\"s3\">Adem\u00e1s cuenta con 77 facultades, distintos institutos y centros de investigaci\u00f3n, un hospital veterinario, un museo de Antropolog\u00eda y una matr\u00edcula de m\u00e1s de 66 mil estudiantes. <\/span><\/p>\n<p class=\"p3\"><span class=\"s2\">Noemi Uehara mencion\u00f3 que los hilos conductores del programa de trabajo de la Rector\u00eda universitaria son los derechos humanos y la sustentabilidad, y afirm\u00f3 que al interior de la FAUV laboran de manera continua por el fomento a la paz, la cultura, la equidad de g\u00e9nero, la inclusi\u00f3n y la interculturalidad.<\/span><\/p>\n<div id=\"attachment_119208\" style=\"width: 732px\" class=\"wp-caption aligncenter\"><img aria-describedby=\"caption-attachment-119208\" decoding=\"async\" loading=\"lazy\" class=\"size-full wp-image-119208\" src=\"https:\/\/www.uv.mx\/prensa\/files\/2022\/08\/080822-CARLOS-Bienvenida-FAUV-2-100k.jpg\" alt=\"Alma Astorga, Jos\u00e9 Hern\u00e1ndez y Jes\u00fas Jim\u00e9nez\" width=\"722\" height=\"542\" srcset=\"https:\/\/www.uv.mx\/prensa\/files\/2022\/08\/080822-CARLOS-Bienvenida-FAUV-2-100k.jpg 722w, https:\/\/www.uv.mx\/prensa\/files\/2022\/08\/080822-CARLOS-Bienvenida-FAUV-2-100k-300x225.jpg 300w\" sizes=\"(max-width: 722px) 100vw, 722px\" \/><p id=\"caption-attachment-119208\" class=\"wp-caption-text\">Alma Astorga, Jos\u00e9 Hern\u00e1ndez y Jes\u00fas Jim\u00e9nez<\/p><\/div>\n<p>&nbsp;<\/p>\n<p class=\"p5\">Comparti\u00f3 que esta entidad acad\u00e9mica se fund\u00f3 en 1956 y actualmente en ella se forman mil 250 estudiantes en sus programas educativos de licenciatura, maestr\u00eda y doctorado, que son impartidos por una plantilla de 76 profesores que realizan labores de docencia, investigaci\u00f3n y tutor\u00eda.<\/p>\n<p class=\"p5\">Integrantes de la generaci\u00f3n 2022 manifestaron estar muy emocionados por comenzar a cursar la Licenciatura en Arquitectura.<\/p>\n<p class=\"p5\">Alma Maayane Astorga Meneses asegur\u00f3 que esta disciplina le ha interesado desde a\u00f1os atr\u00e1s, y que se encuentra feliz por la nueva etapa en su vida.<\/p>\n<p class=\"p5\">\u201cEspero poder realizarme profesionalmente, conocer m\u00e1s y aprender mucho de mis maestros\u201d, coment\u00f3.<\/p>\n<div id=\"attachment_119209\" style=\"width: 732px\" class=\"wp-caption aligncenter\"><img aria-describedby=\"caption-attachment-119209\" decoding=\"async\" loading=\"lazy\" class=\"size-full wp-image-119209\" src=\"https:\/\/www.uv.mx\/prensa\/files\/2022\/08\/080822-CARLOS-Bienvenida-FAUV-3-100k.jpg\" alt=\"Noemi Uehara Guerrero, directora de la FAUV\" width=\"722\" height=\"542\" srcset=\"https:\/\/www.uv.mx\/prensa\/files\/2022\/08\/080822-CARLOS-Bienvenida-FAUV-3-100k.jpg 722w, https:\/\/www.uv.mx\/prensa\/files\/2022\/08\/080822-CARLOS-Bienvenida-FAUV-3-100k-300x225.jpg 300w\" sizes=\"(max-width: 722px) 100vw, 722px\" \/><p id=\"caption-attachment-119209\" class=\"wp-caption-text\">Noemi Uehara Guerrero, directora de la FAUV<\/p><\/div>\n<p>&nbsp;<\/p>\n<p class=\"p5\">Jos\u00e9 Feliciano Hern\u00e1ndez Hern\u00e1ndez mencion\u00f3 que la FAUV lo preparar\u00e1 a fin de afrontar su vida adulta y desarrollar su potencial, pues est\u00e1 interesado en generar construcciones viables y amigables con el medio ambiente.<\/p>\n<p class=\"p5\">Jes\u00fas Asaf Jim\u00e9nez D\u00edaz declar\u00f3 que est\u00e1 muy agradecido con su familia por apoyarlo a cursar la Universidad y convertirse en arquitecto.<\/p>\n<p class=\"p5\">\u201cDesde peque\u00f1o me visualic\u00e9 aqu\u00ed y esper\u00e9 este momento, ahora s\u00f3lo me queda trabajar y brindar mi m\u00e1ximo esfuerzo\u201d, enfatiz\u00f3.<\/p>\n","protected":false},"excerpt":{"rendered":"<p>Participaron en evento en el que estuvieron presentes autoridades, docentes y personal que les acompa\u00f1ar\u00e1 durante su formaci\u00f3n profesional<\/p>\n","protected":false},"author":1775,"featured_media":119210,"comment_status":"closed","ping_status":"closed","sticky":false,"template":"","format":"standard","meta":[],"categories":[1,61],"tags":[4161,670,419,3677,6815,3679],"_links":{"self":[{"href":"https:\/\/www.uv.mx\/prensa\/wp-json\/wp\/v2\/posts\/119197"}],"collection":[{"href":"https:\/\/www.uv.mx\/prensa\/wp-json\/wp\/v2\/posts"}],"about":[{"href":"https:\/\/www.uv.mx\/prensa\/wp-json\/wp\/v2\/types\/post"}],"author":[{"embeddable":true,"href":"https:\/\/www.uv.mx\/prensa\/wp-json\/wp\/v2\/users\/1775"}],"replies":[{"embeddable":true,"href":"https:\/\/www.uv.mx\/prensa\/wp-json\/wp\/v2\/comments?post=119197"}],"version-history":[{"count":1,"href":"https:\/\/www.uv.mx\/prensa\/wp-json\/wp\/v2\/posts\/119197\/revisions"}],"predecessor-version":[{"id":119222,"href":"https:\/\/www.uv.mx\/prensa\/wp-json\/wp\/v2\/posts\/119197\/revisions\/119222"}],"wp:featuredmedia":[{"embeddable":true,"href":"https:\/\/www.uv.mx\/prensa\/wp-json\/wp\/v2\/media\/119210"}],"wp:attachment":[{"href":"https:\/\/www.uv.mx\/prensa\/wp-json\/wp\/v2\/media?parent=119197"}],"wp:term":[{"taxonomy":"category","embeddable":true,"href":"https:\/\/www.uv.mx\/prensa\/wp-json\/wp\/v2\/categories?post=119197"},{"taxonomy":"post_tag","embeddable":true,"href":"https:\/\/www.uv.mx\/prensa\/wp-json\/wp\/v2\/tags?post=119197"}],"curies":[{"name":"wp","href":"https:\/\/api.w.org\/{rel}","templated":true}]}}