{"id":119305,"date":"2022-08-11T14:40:18","date_gmt":"2022-08-11T19:40:18","guid":{"rendered":"https:\/\/www.uv.mx\/prensa\/?p=119305"},"modified":"2022-08-15T09:48:03","modified_gmt":"2022-08-15T14:48:03","slug":"mexico-referente-en-al-en-materia-de-legislacion-electoral","status":"publish","type":"post","link":"https:\/\/www.uv.mx\/prensa\/eventos\/mexico-referente-en-al-en-materia-de-legislacion-electoral\/","title":{"rendered":"M\u00e9xico, referente en AL en materia de legislaci\u00f3n electoral"},"content":{"rendered":"<p>&nbsp;<\/p>\n<ul>\n<li><em>Nadia Ramos expres\u00f3 que es el modelo a seguir en pol\u00edticas de alternancia y paridad en todo<\/em><\/li>\n<li><em>\u201cCelebro que exista esta legislaci\u00f3n para garantizar una mayor participaci\u00f3n de las mujeres, porque s\u00f3lo se trata de tener una cifra simb\u00f3lica\u201d<\/em><\/li>\n<\/ul>\n<p>&nbsp;<\/p>\n<div id=\"attachment_119301\" style=\"width: 732px\" class=\"wp-caption aligncenter\"><a href=\"https:\/\/www.uv.mx\/prensa\/files\/2022\/08\/090822-PAOLA-Conferencia-Evolucion-Reformas-Electorales-1.jpg\"><img aria-describedby=\"caption-attachment-119301\" decoding=\"async\" loading=\"lazy\" class=\"size-full wp-image-119301\" src=\"https:\/\/www.uv.mx\/prensa\/files\/2022\/08\/090822-PAOLA-Conferencia-Evolucion-Reformas-Electorales-1.jpg\" alt=\"\" width=\"722\" height=\"466\" srcset=\"https:\/\/www.uv.mx\/prensa\/files\/2022\/08\/090822-PAOLA-Conferencia-Evolucion-Reformas-Electorales-1.jpg 722w, https:\/\/www.uv.mx\/prensa\/files\/2022\/08\/090822-PAOLA-Conferencia-Evolucion-Reformas-Electorales-1-300x194.jpg 300w\" sizes=\"(max-width: 722px) 100vw, 722px\" \/><\/a><p id=\"caption-attachment-119301\" class=\"wp-caption-text\">Nadia Ramos dict\u00f3 conferencia en el IIJ sobre alternancia y paridad en materia electoral<\/p><\/div>\n<p>&nbsp;<\/p>\n<p><strong><em>Paola Cort\u00e9s P\u00e9rez<\/em><\/strong><\/p>\n<p><strong><em>Fotos: Omar Portilla Palacios<\/em><\/strong><\/p>\n<p><strong><em>11\/08\/2022, Xalapa, Ver.-<\/em><\/strong> Nadia Ramos Serranoi, directora del Think Tank Centro de Liderazgo e Innovaci\u00f3n para Mujeres en las Am\u00e9ricas, expres\u00f3 que M\u00e9xico es un referente, un modelo a seguir, para los pa\u00edses de Am\u00e9rica Latina (AL) en materia de alternancia y paridad electoral.<\/p>\n<p>Ramos Serranoi dict\u00f3 la conferencia \u201cEvoluci\u00f3n de las reformas electorales en materia de g\u00e9nero, M\u00e9xico y Per\u00fa\u201d, la cual se llev\u00f3 a cabo en modalidad h\u00edbrida desde el auditorio del <a href=\"https:\/\/www.uv.mx\/iij\/\" target=\"_blank\" rel=\"noopener\">Instituto de Investigaciones Jur\u00eddicas<\/a> (IIJ) de la Universidad Veracruzana (UV), con la participaci\u00f3n de su director, Arturo Miguel Ch\u00edpuli Castillo.<\/p>\n<p>La activista social hizo un an\u00e1lisis y reflexi\u00f3n de los sistemas y avances en materia de paridad de g\u00e9nero, en perspectiva comparada en AL, M\u00e9xico y Per\u00fa.<\/p>\n<p>De acuerdo con el \u00faltimo bolet\u00edn publicado por la Uni\u00f3n Interparlamentaria \u2013organizaci\u00f3n que agrupa a todos los parlamentos\u2013, hay un crecimiento importante en la participaci\u00f3n de mujeres candidatas y electas, resultado de las leyes de paridad y alternancia, as\u00ed como las cuotas de g\u00e9nero.<\/p>\n<p>Nuestro pa\u00eds fue uno de los primeros de AL en establecer una ley que obligue a los partidos pol\u00edticos a las cuotas de g\u00e9nero, a fin de que las mujeres tengan una mayor participaci\u00f3n jur\u00eddica, destac\u00f3.<\/p>\n<p>\u201cEn Per\u00fa no han funcionado las cuotas de g\u00e9nero, pues de 1997 a 2022 no se ha superado el 30 por ciento de representaci\u00f3n femenina en el Parlamento.\u201d<\/p>\n<p>Para 2014, nuestro pa\u00eds aprob\u00f3 una reforma constitucional para establecer la obligatoriedad en la paridad en la postulaci\u00f3n de candidaturas. Adem\u00e1s, en 2019 se cont\u00f3 con una reforma de paridad en todo, lo que signific\u00f3 el acceso para las mujeres a todos los cargos de toma de decisiones p\u00fablicas.<\/p>\n<p>\u201cCelebro que exista esta legislaci\u00f3n para garantizar una mayor participaci\u00f3n de este sector social. No s\u00f3lo se trata de tener una cifra simb\u00f3lica, sino que realmente sea una verdadera representaci\u00f3n con liderazgo y una participaci\u00f3n sustancial.\u201d<\/p>\n<p>Para lograr este avance en el resto de los pa\u00edses latinoamericanos, Nadia Ramos plante\u00f3 la necesidad de identificar los desaf\u00edos pendientes, con plena y activa participaci\u00f3n de todas las mujeres.<\/p>\n<p>Los partidos pol\u00edticos son clave para el empoderamiento pol\u00edtico de dicho sector, al establecer condiciones en sus dimensiones organizacional, electoral, program\u00e1tica y financiera, a fin de que el entorno pol\u00edtico se convierta en una plataforma que las impulse y defienda.<\/p>\n<p>&nbsp;<\/p>\n<div id=\"attachment_119300\" style=\"width: 732px\" class=\"wp-caption aligncenter\"><a href=\"https:\/\/www.uv.mx\/prensa\/files\/2022\/08\/090822-PAOLA-Conferencia-Evolucion-Reformas-Electorales-2.jpg\"><img aria-describedby=\"caption-attachment-119300\" decoding=\"async\" loading=\"lazy\" class=\"size-full wp-image-119300\" src=\"https:\/\/www.uv.mx\/prensa\/files\/2022\/08\/090822-PAOLA-Conferencia-Evolucion-Reformas-Electorales-2.jpg\" alt=\"\" width=\"722\" height=\"390\" srcset=\"https:\/\/www.uv.mx\/prensa\/files\/2022\/08\/090822-PAOLA-Conferencia-Evolucion-Reformas-Electorales-2.jpg 722w, https:\/\/www.uv.mx\/prensa\/files\/2022\/08\/090822-PAOLA-Conferencia-Evolucion-Reformas-Electorales-2-300x162.jpg 300w\" sizes=\"(max-width: 722px) 100vw, 722px\" \/><\/a><p id=\"caption-attachment-119300\" class=\"wp-caption-text\">El evento fue organizado por directivos e investigadores del Instituto de Investigaciones Jur\u00eddicas<\/p><\/div>\n","protected":false},"excerpt":{"rendered":"<p>Nadia Ramos Serranoi, directora del Think Tank Centro de Liderazgo e Innovaci\u00f3n para Mujeres en las Am\u00e9ricas, ofreci\u00f3 conferencia en el IIJ-UV<\/p>\n","protected":false},"author":1869,"featured_media":119301,"comment_status":"closed","ping_status":"closed","sticky":false,"template":"","format":"standard","meta":[],"categories":[47],"tags":[],"_links":{"self":[{"href":"https:\/\/www.uv.mx\/prensa\/wp-json\/wp\/v2\/posts\/119305"}],"collection":[{"href":"https:\/\/www.uv.mx\/prensa\/wp-json\/wp\/v2\/posts"}],"about":[{"href":"https:\/\/www.uv.mx\/prensa\/wp-json\/wp\/v2\/types\/post"}],"author":[{"embeddable":true,"href":"https:\/\/www.uv.mx\/prensa\/wp-json\/wp\/v2\/users\/1869"}],"replies":[{"embeddable":true,"href":"https:\/\/www.uv.mx\/prensa\/wp-json\/wp\/v2\/comments?post=119305"}],"version-history":[{"count":1,"href":"https:\/\/www.uv.mx\/prensa\/wp-json\/wp\/v2\/posts\/119305\/revisions"}],"predecessor-version":[{"id":119422,"href":"https:\/\/www.uv.mx\/prensa\/wp-json\/wp\/v2\/posts\/119305\/revisions\/119422"}],"wp:featuredmedia":[{"embeddable":true,"href":"https:\/\/www.uv.mx\/prensa\/wp-json\/wp\/v2\/media\/119301"}],"wp:attachment":[{"href":"https:\/\/www.uv.mx\/prensa\/wp-json\/wp\/v2\/media?parent=119305"}],"wp:term":[{"taxonomy":"category","embeddable":true,"href":"https:\/\/www.uv.mx\/prensa\/wp-json\/wp\/v2\/categories?post=119305"},{"taxonomy":"post_tag","embeddable":true,"href":"https:\/\/www.uv.mx\/prensa\/wp-json\/wp\/v2\/tags?post=119305"}],"curies":[{"name":"wp","href":"https:\/\/api.w.org\/{rel}","templated":true}]}}