{"id":119343,"date":"2022-08-14T17:34:04","date_gmt":"2022-08-14T22:34:04","guid":{"rendered":"https:\/\/www.uv.mx\/prensa\/?p=119343"},"modified":"2022-08-15T22:52:08","modified_gmt":"2022-08-16T03:52:08","slug":"estudiante-promueve-espacios-de-difusion-historica-para-la-comunidad-sorda","status":"publish","type":"post","link":"https:\/\/www.uv.mx\/prensa\/general\/estudiante-promueve-espacios-de-difusion-historica-para-la-comunidad-sorda\/","title":{"rendered":"Estudiante promueve espacios de difusi\u00f3n hist\u00f3rica para la comunidad que padece sordera"},"content":{"rendered":"<p>&nbsp;<\/p>\n<ul>\n<li><em>Mart\u00edn Ordaz Cruzado, consejero alumno de la Facultad de Historia, considera que este grupo de personas ha sido invisibilizado <\/em><\/li>\n<\/ul>\n<p>&nbsp;<\/p>\n<div id=\"attachment_119346\" style=\"width: 732px\" class=\"wp-caption aligncenter\"><a href=\"https:\/\/www.uv.mx\/prensa\/files\/2022\/08\/11082022-Couttolenc-Difusion-historica-para-sordos-1.jpg\"><img aria-describedby=\"caption-attachment-119346\" decoding=\"async\" loading=\"lazy\" class=\"size-full wp-image-119346\" src=\"https:\/\/www.uv.mx\/prensa\/files\/2022\/08\/11082022-Couttolenc-Difusion-historica-para-sordos-1.jpg\" alt=\"\" width=\"722\" height=\"481\" srcset=\"https:\/\/www.uv.mx\/prensa\/files\/2022\/08\/11082022-Couttolenc-Difusion-historica-para-sordos-1.jpg 722w, https:\/\/www.uv.mx\/prensa\/files\/2022\/08\/11082022-Couttolenc-Difusion-historica-para-sordos-1-300x200.jpg 300w\" sizes=\"(max-width: 722px) 100vw, 722px\" \/><\/a><p id=\"caption-attachment-119346\" class=\"wp-caption-text\">Mart\u00edn Ordaz Cruzado, alumno de la Facultad de Historia, trabaja en la promoci\u00f3n de espacios de difusi\u00f3n hist\u00f3rica para personas que padecen sordera<\/p><\/div>\n<p>&nbsp;<\/p>\n<p><strong><em>Jos\u00e9 Luis Couttolenc Soto<\/em><\/strong><\/p>\n<p><strong><em>Foto: C\u00e9sar Pisil Ramos<\/em><\/strong><\/p>\n<p><strong><em>14\/08\/2022, Xalapa, Ver.- <\/em><\/strong>Pensando en el sector de la poblaci\u00f3n que presenta discapacidad auditiva o p\u00e9rdida total de la audici\u00f3n y que los ubica en un grupo invisibilizado, Mart\u00edn Ordaz Cruzado, consejero alumno de la <a href=\"https:\/\/www.uv.mx\/historia\/\" target=\"_blank\" rel=\"noopener\">Facultad de Historia<\/a> de la Universidad Veracruzana (UV), dise\u00f1\u00f3 un proyecto para promover espacios de difusi\u00f3n de esta disciplina para personas de esta comunidad.<\/p>\n<p>Se trata de \u201cHistoria sorda\u201d, cuyo nombre alude a la poca atenci\u00f3n que se da a este sector poblacional y a que la divulgaci\u00f3n de la historia casi siempre est\u00e1 dirigida a las mismas personas, sin tomar en cuenta a otras comunidades.<\/p>\n<p>Del origen de su trabajo, explic\u00f3 que se deriv\u00f3 luego de una charla que tuvo con Karla Priscila Bonilla Hern\u00e1ndez, int\u00e9rprete de Lengua de Se\u00f1as Mexicanas (LSM), quien le habl\u00f3 del rezago que existe en la educaci\u00f3n y la poca creaci\u00f3n de este tipo de espacios de aprendizaje.<\/p>\n<p>Con esta observaci\u00f3n, Mart\u00edn Ordaz decidi\u00f3 incursionar en la creaci\u00f3n de espacios de difusi\u00f3n hist\u00f3rica dirigidos espec\u00edficamente a la comunidad que padece sordera, y con ello dar respuesta a esta necesidad; para esto, realiz\u00f3 un sondeo entre personas con esta condici\u00f3n, a fin de conocer los temas de su inter\u00e9s y lo que les gustar\u00eda aprender.<\/p>\n<p>Los temas sugeridos fueron: El M\u00e9xico prehisp\u00e1nico; La colonia e Independencia; El M\u00e9xico independiente; El Porfiriato; La Revoluci\u00f3n, y M\u00e9xico contempor\u00e1neo.<\/p>\n<p>Una vez definidos, dise\u00f1\u00f3 ciclos de conferencias que tuvieran como caracter\u00edstica el uso de im\u00e1genes que lograran capturar la atenci\u00f3n de las personas sordas, en tanto que las y los ponentes contaron con el apoyo de un int\u00e9rprete de LSM.<\/p>\n<p>Debido a la pandemia, en marzo de 2021 iniciaron los conversatorios virtuales a trav\u00e9s de la plataforma <em>Zoom<\/em> de la Casa Sorda, dependiente de la Secretar\u00eda de Educaci\u00f3n de Veracruz (SEV), y en ellos participaron docentes de la Facultad de Historia.<\/p>\n<p>El primer ciclo, titulado \u201cLa historia de M\u00e9xico a trav\u00e9s de los a\u00f1os\u201d, const\u00f3 de cinco conversatorios: \u201cConociendo nuestra historia: el M\u00e9xico antiguo\u201d, a cargo de Yuyultzin P\u00e9rez Apango; \u201cVirreinato de la Nueva Espa\u00f1a\u201d, por Mar\u00eda del Rosario Juan Mendoza; \u201cGuerras internas y externas\u201d, por el propio Ordaz Cruzado; \u201cDel Porfiriato a la Revoluci\u00f3n: Historia de las mujeres porte\u00f1as\u201d, por Dora Cecilia S\u00e1nchez Hidalgo-Hern\u00e1ndez; \u201cMovimientos sociales en M\u00e9xico\u201d, por Jorge Alberto Rivero Mora.<\/p>\n<p>Al segundo ciclo, efectuado en agosto del mismo a\u00f1o, se le denomin\u00f3 \u201cHistoria de M\u00e9xico: \u00bfH\u00e9roes o villanos?\u201d y con \u00e9l se pretendi\u00f3 desmitificar varias situaciones que se hicieron presentes en la historia del pa\u00eds; se habl\u00f3 de \u201cLa historia oficial: la construcci\u00f3n de un orgullo nacionalista\u201d; \u201cMalintzin: una mujer de bronce en la historia de M\u00e9xico\u201d; \u201cAgust\u00edn de Iturbide: La construcci\u00f3n pol\u00edtica de un villano favorito\u201d, y \u201cJos\u00e9 Vasconcelos: \u00bfun antih\u00e9roe? Rutas de un personaje\u201d.<\/p>\n<p>En octubre pr\u00f3ximo y en fechas por definir, est\u00e1 previsto un tercer ciclo de conferencias.<\/p>\n<p>\u201cPensar y repensar hacia d\u00f3nde se dirigen nuestros trabajos, es una tarea en la creaci\u00f3n de espacios id\u00f3neos para las diversas comunidades en todo el pa\u00eds\u201d, consider\u00f3 el joven universitario.<\/p>\n","protected":false},"excerpt":{"rendered":"<p>A partir de un sondeo para conocer los temas de su inter\u00e9s se dise\u00f1aron dos ciclos de conferencias que contaron con el apoyo de un int\u00e9rprete de Lengua de Se\u00f1as Mexicanas (LSM)<\/p>\n","protected":false},"author":1869,"featured_media":119346,"comment_status":"closed","ping_status":"closed","sticky":false,"template":"","format":"standard","meta":[],"categories":[1],"tags":[],"_links":{"self":[{"href":"https:\/\/www.uv.mx\/prensa\/wp-json\/wp\/v2\/posts\/119343"}],"collection":[{"href":"https:\/\/www.uv.mx\/prensa\/wp-json\/wp\/v2\/posts"}],"about":[{"href":"https:\/\/www.uv.mx\/prensa\/wp-json\/wp\/v2\/types\/post"}],"author":[{"embeddable":true,"href":"https:\/\/www.uv.mx\/prensa\/wp-json\/wp\/v2\/users\/1869"}],"replies":[{"embeddable":true,"href":"https:\/\/www.uv.mx\/prensa\/wp-json\/wp\/v2\/comments?post=119343"}],"version-history":[{"count":1,"href":"https:\/\/www.uv.mx\/prensa\/wp-json\/wp\/v2\/posts\/119343\/revisions"}],"predecessor-version":[{"id":119469,"href":"https:\/\/www.uv.mx\/prensa\/wp-json\/wp\/v2\/posts\/119343\/revisions\/119469"}],"wp:featuredmedia":[{"embeddable":true,"href":"https:\/\/www.uv.mx\/prensa\/wp-json\/wp\/v2\/media\/119346"}],"wp:attachment":[{"href":"https:\/\/www.uv.mx\/prensa\/wp-json\/wp\/v2\/media?parent=119343"}],"wp:term":[{"taxonomy":"category","embeddable":true,"href":"https:\/\/www.uv.mx\/prensa\/wp-json\/wp\/v2\/categories?post=119343"},{"taxonomy":"post_tag","embeddable":true,"href":"https:\/\/www.uv.mx\/prensa\/wp-json\/wp\/v2\/tags?post=119343"}],"curies":[{"name":"wp","href":"https:\/\/api.w.org\/{rel}","templated":true}]}}