{"id":119370,"date":"2022-08-13T12:00:06","date_gmt":"2022-08-13T17:00:06","guid":{"rendered":"https:\/\/www.uv.mx\/prensa\/?p=119370"},"modified":"2022-08-15T09:37:41","modified_gmt":"2022-08-15T14:37:41","slug":"discurso-del-tiempo-de-luis-morales-llega-al-max","status":"publish","type":"post","link":"https:\/\/www.uv.mx\/prensa\/eventos\/discurso-del-tiempo-de-luis-morales-llega-al-max\/","title":{"rendered":"<i>Discurso del tiempo<\/i>, de Luis Morales, llega al MAX\u00a0"},"content":{"rendered":"<p>&nbsp;<\/p>\n<ul>\n<li data-leveltext=\"\uf0b7\" data-font=\"Symbol\" data-listid=\"3\" data-list-defn-props=\"{&quot;335552541&quot;:1,&quot;335559684&quot;:-2,&quot;335559685&quot;:720,&quot;335559991&quot;:360,&quot;469769226&quot;:&quot;Symbol&quot;,&quot;469769242&quot;:[8226],&quot;469777803&quot;:&quot;left&quot;,&quot;469777804&quot;:&quot;\uf0b7&quot;,&quot;469777815&quot;:&quot;hybridMultilevel&quot;}\" data-aria-posinset=\"1\" data-aria-level=\"1\"><i><span data-contrast=\"auto\">El autor es egresado de la UV y ha sido beneficiario de los est\u00edmulos PACMyC y PECDA<\/span><\/i><span data-ccp-props=\"{&quot;201341983&quot;:0,&quot;335559739&quot;:0,&quot;335559740&quot;:240}\">\u00a0<\/span><\/li>\n<li data-leveltext=\"\uf0b7\" data-font=\"Symbol\" data-listid=\"3\" data-list-defn-props=\"{&quot;335552541&quot;:1,&quot;335559684&quot;:-2,&quot;335559685&quot;:720,&quot;335559991&quot;:360,&quot;469769226&quot;:&quot;Symbol&quot;,&quot;469769242&quot;:[8226],&quot;469777803&quot;:&quot;left&quot;,&quot;469777804&quot;:&quot;\uf0b7&quot;,&quot;469777815&quot;:&quot;hybridMultilevel&quot;}\" data-aria-posinset=\"2\" data-aria-level=\"1\"><i><span data-contrast=\"auto\">La exposici\u00f3n podr\u00e1 visitarse de martes a domingo, de 9:00 a 17:00 horas, del 18 de agosto al 19 de octubre<\/span><\/i><span data-ccp-props=\"{&quot;134233117&quot;:false,&quot;134233118&quot;:false,&quot;201341983&quot;:0,&quot;335551550&quot;:1,&quot;335551620&quot;:1,&quot;335559685&quot;:720,&quot;335559737&quot;:0,&quot;335559738&quot;:0,&quot;335559739&quot;:0,&quot;335559740&quot;:240,&quot;335559991&quot;:360}\">\u00a0<\/span><\/li>\n<\/ul>\n<p>&nbsp;<\/p>\n<div id=\"attachment_119371\" style=\"width: 732px\" class=\"wp-caption aligncenter\"><a href=\"https:\/\/www.uv.mx\/prensa\/files\/2022\/08\/Colaboracion-MAX.jpg\"><img aria-describedby=\"caption-attachment-119371\" decoding=\"async\" loading=\"lazy\" class=\"size-full wp-image-119371\" src=\"https:\/\/www.uv.mx\/prensa\/files\/2022\/08\/Colaboracion-MAX.jpg\" alt=\"\" width=\"722\" height=\"462\" srcset=\"https:\/\/www.uv.mx\/prensa\/files\/2022\/08\/Colaboracion-MAX.jpg 722w, https:\/\/www.uv.mx\/prensa\/files\/2022\/08\/Colaboracion-MAX-300x192.jpg 300w\" sizes=\"(max-width: 722px) 100vw, 722px\" \/><\/a><p id=\"caption-attachment-119371\" class=\"wp-caption-text\">El mezzanine del MAX albergar\u00e1 <em>Discurso del tiempo<\/em>, del 18 de agosto al 19 de octubre<\/p><\/div>\n<p><span data-ccp-props=\"{&quot;201341983&quot;:0,&quot;335559739&quot;:0,&quot;335559740&quot;:240}\">\u00a0<\/span><\/p>\n<p><b><i><span data-contrast=\"auto\">13\/08\/2022, Xalapa, Ver.- <\/span><\/i><\/b><span data-contrast=\"auto\">El mezzanine del <a href=\"https:\/\/www.uv.mx\/max\/\" target=\"_blank\" rel=\"noopener\">Museo de Antropolog\u00eda<\/a> de Xalapa (MAX) de la Universidad Veracruzana (UV) inaugurar\u00e1 el jueves 18 de agosto a las 19:00 horas <\/span><i><span data-contrast=\"auto\">Discurso del tiempo<\/span><\/i><span data-contrast=\"auto\">, exposici\u00f3n del artista pl\u00e1stico Luis Morales y conformada por pintura y grabado.<\/span><span data-ccp-props=\"{&quot;201341983&quot;:0,&quot;335559739&quot;:0,&quot;335559740&quot;:240}\">\u00a0<\/span><\/p>\n<p><span data-contrast=\"auto\">Originario y radicado en la ciudad de Xalapa, Luis Morales es egresado de la UV y ha sido beneficiario de los est\u00edmulos Programa de Acciones Culturales Multiling\u00fces y Comunitarias (PACMyC) y el Programa de Est\u00edmulo a la Creaci\u00f3n y el Desarrollo Art\u00edstico (PECDA).<\/span><span data-ccp-props=\"{&quot;201341983&quot;:0,&quot;335559731&quot;:708,&quot;335559739&quot;:0,&quot;335559740&quot;:240}\">\u00a0<\/span><\/p>\n<p><span data-contrast=\"auto\">Morales se ha desarrollado principalmente en el \u00e1mbito de la gr\u00e1fica. Su inter\u00e9s en explorar los medios tradicionales de impresi\u00f3n y la fusi\u00f3n de lenguajes diversos, como la literatura y el dibujo, lo llevaron a ejecutar algunos proyectos editoriales con tipos m\u00f3viles.<\/span><span data-ccp-props=\"{&quot;201341983&quot;:0,&quot;335559731&quot;:708,&quot;335559739&quot;:0,&quot;335559740&quot;:240}\">\u00a0<\/span><\/p>\n<p><span data-contrast=\"auto\">A partir de esta b\u00fasqueda, realiz\u00f3 en 2017 el libro <\/span><i><span data-contrast=\"auto\">Cuaderno Tr\u00e9mulo<\/span><\/i><span data-contrast=\"auto\">, cuyo tema son los sismos de aquel a\u00f1o, con textos y grabados en lin\u00f3leo. En 2019, con el apoyo PECDA-Veracruz plasm\u00f3 <\/span><i><span data-contrast=\"auto\">Tr\u00edptico de la Ciudad<\/span><\/i><span data-contrast=\"auto\">, una representaci\u00f3n de tres etapas de la historia de Xalapa, tambi\u00e9n con textos po\u00e9ticos y grabados. Ambos proyectos se imprimieron en el Taller de Tipos M\u00f3viles de La Ceiba Gr\u00e1fica.<\/span><span data-ccp-props=\"{&quot;201341983&quot;:0,&quot;335559731&quot;:708,&quot;335559739&quot;:0,&quot;335559740&quot;:240}\">\u00a0<\/span><\/p>\n<p><span data-contrast=\"auto\">El creador no es ajeno a la pintura, y como resultado de un proyecto de largo alcance en la investigaci\u00f3n de la t\u00e9cnica del temple, desarroll\u00f3 la colecci\u00f3n Oscura Ra\u00edz, en la que tambi\u00e9n se identifican motivos prehisp\u00e1nicos y una paleta de color emanada de tinturas naturales.<\/span><span data-ccp-props=\"{&quot;201341983&quot;:0,&quot;335559731&quot;:708,&quot;335559739&quot;:0,&quot;335559740&quot;:240}\">\u00a0<\/span><\/p>\n<p><span data-contrast=\"auto\">Recientemente se hizo nuevamente acreedor al PECDA-Veracruz para j\u00f3venes creadores con el proyecto \u201cVestigios y apariciones, una re-interpretaci\u00f3n pict\u00f3rica de la arqueolog\u00eda veracruzana\u201d, en el cual ya empez\u00f3 a trabajar.<\/span><span data-ccp-props=\"{&quot;201341983&quot;:0,&quot;335559731&quot;:708,&quot;335559739&quot;:0,&quot;335559740&quot;:240}\">\u00a0<\/span><\/p>\n<p><span data-contrast=\"auto\">Por lo pronto, en <\/span><i><span data-contrast=\"auto\">Discurso del tiempo<\/span><\/i><span data-contrast=\"auto\"> se podr\u00e1n apreciar tanto grabados como piezas al temple de su reciente producci\u00f3n.<\/span><span data-ccp-props=\"{&quot;201341983&quot;:0,&quot;335559731&quot;:708,&quot;335559739&quot;:0,&quot;335559740&quot;:240}\">\u00a0<\/span><\/p>\n<p><span data-contrast=\"auto\">El p\u00fablico tendr\u00e1 acceso gratuito a esta exposici\u00f3n de martes a domingo, de 9:00 a 17:00 horas, hasta el 19 de octubre, respetando las disposiciones de salud sanitaria en vigor.<\/span><span data-ccp-props=\"{&quot;201341983&quot;:0,&quot;335559731&quot;:708,&quot;335559739&quot;:0,&quot;335559740&quot;:240}\">\u00a0<\/span><\/p>\n","protected":false},"excerpt":{"rendered":"<p>En la exposici\u00f3n, que se inaugura el jueves 18 de agosto, se podr\u00e1n apreciar tanto grabados como piezas al temple de su reciente producci\u00f3n\u00a0<\/p>\n","protected":false},"author":1869,"featured_media":119371,"comment_status":"closed","ping_status":"closed","sticky":false,"template":"","format":"standard","meta":[],"categories":[47],"tags":[],"_links":{"self":[{"href":"https:\/\/www.uv.mx\/prensa\/wp-json\/wp\/v2\/posts\/119370"}],"collection":[{"href":"https:\/\/www.uv.mx\/prensa\/wp-json\/wp\/v2\/posts"}],"about":[{"href":"https:\/\/www.uv.mx\/prensa\/wp-json\/wp\/v2\/types\/post"}],"author":[{"embeddable":true,"href":"https:\/\/www.uv.mx\/prensa\/wp-json\/wp\/v2\/users\/1869"}],"replies":[{"embeddable":true,"href":"https:\/\/www.uv.mx\/prensa\/wp-json\/wp\/v2\/comments?post=119370"}],"version-history":[{"count":2,"href":"https:\/\/www.uv.mx\/prensa\/wp-json\/wp\/v2\/posts\/119370\/revisions"}],"predecessor-version":[{"id":119414,"href":"https:\/\/www.uv.mx\/prensa\/wp-json\/wp\/v2\/posts\/119370\/revisions\/119414"}],"wp:featuredmedia":[{"embeddable":true,"href":"https:\/\/www.uv.mx\/prensa\/wp-json\/wp\/v2\/media\/119371"}],"wp:attachment":[{"href":"https:\/\/www.uv.mx\/prensa\/wp-json\/wp\/v2\/media?parent=119370"}],"wp:term":[{"taxonomy":"category","embeddable":true,"href":"https:\/\/www.uv.mx\/prensa\/wp-json\/wp\/v2\/categories?post=119370"},{"taxonomy":"post_tag","embeddable":true,"href":"https:\/\/www.uv.mx\/prensa\/wp-json\/wp\/v2\/tags?post=119370"}],"curies":[{"name":"wp","href":"https:\/\/api.w.org\/{rel}","templated":true}]}}