{"id":119393,"date":"2022-08-12T21:19:35","date_gmt":"2022-08-13T02:19:35","guid":{"rendered":"https:\/\/www.uv.mx\/prensa\/?p=119393"},"modified":"2022-08-15T09:40:11","modified_gmt":"2022-08-15T14:40:11","slug":"uv-dio-la-bienvenida-a-jovenes-de-nuevo-ingreso-en-todas-sus-regiones","status":"publish","type":"post","link":"https:\/\/www.uv.mx\/prensa\/general\/uv-dio-la-bienvenida-a-jovenes-de-nuevo-ingreso-en-todas-sus-regiones\/","title":{"rendered":"UV dio la bienvenida a j\u00f3venes de nuevo ingreso en todas sus regiones"},"content":{"rendered":"<ul class=\"ul1\">\n<li class=\"li1\"><i>Enlazados con la ceremonia de inauguraci\u00f3n en Xalapa, las autoridades regionales encabezadas por las y los vicerrectores celebraron con la nueva generaci\u00f3n de estudiantes universitarios<\/i><\/li>\n<li class=\"li1\"><i>Se entregaron reconocimientos a quienes alcanzaron los puntajes m\u00e1s altos en su examen de ingreso<\/i><\/li>\n<\/ul>\n<p>&nbsp;<\/p>\n<div id=\"attachment_119394\" style=\"width: 732px\" class=\"wp-caption aligncenter\"><img aria-describedby=\"caption-attachment-119394\" decoding=\"async\" loading=\"lazy\" class=\"size-full wp-image-119394\" src=\"https:\/\/www.uv.mx\/prensa\/files\/2022\/08\/120822-Bienvenida-UV-2-100k.jpg\" alt=\"Carlos Mateos Linares, estudiante de la regi\u00f3n Coatzacoalcos-Minatitl\u00e1n, dijo que logr\u00f3 ingresar a la UV en su segundo intento\" width=\"722\" height=\"481\" srcset=\"https:\/\/www.uv.mx\/prensa\/files\/2022\/08\/120822-Bienvenida-UV-2-100k.jpg 722w, https:\/\/www.uv.mx\/prensa\/files\/2022\/08\/120822-Bienvenida-UV-2-100k-300x200.jpg 300w\" sizes=\"(max-width: 722px) 100vw, 722px\" \/><p id=\"caption-attachment-119394\" class=\"wp-caption-text\">Carlos Mateos Linares, estudiante de la regi\u00f3n Coatzacoalcos-Minatitl\u00e1n, dijo que logr\u00f3 ingresar a la UV en su segundo intento<\/p><\/div>\n<p>&nbsp;<\/p>\n<p class=\"p1\"><b><i>Texto y fotos de las Coordinaciones Regionales de Comunicaci\u00f3n<\/i><\/b><\/p>\n<p class=\"p1\"><b><i>12\/08\/22 Xalapa, Ver.-<\/i><\/b> La <a href=\"https:\/\/www.uv.mx\/\" target=\"_blank\" rel=\"noopener\">Universidad Veracruzana<\/a> (UV) celebr\u00f3 este viernes a la generaci\u00f3n de nuevo ingreso para el ciclo agosto 2022-enero 2023 en una ceremonia de bienvenida que, de manera simult\u00e1nea, se efectu\u00f3 en sus cinco regiones.<\/p>\n<p class=\"p1\">La comunidad universitaria, encabezada por los vicerrectores y sus cuadros directivos, dieron una recepci\u00f3n al estudiantado que iniciar\u00e1 estudios retornando a la presencialidad adem\u00e1s de reconocer el esfuerzo de los aspirantes quienes obtuvieron los puntajes m\u00e1s altos en el examen de ingreso de cada una de las \u00e1reas acad\u00e9micas.<\/p>\n<p class=\"p1\"><b><i>Regi\u00f3n Coatzacoalcos-Minatitl\u00e1n<br \/>\n<\/i><\/b>En la regi\u00f3n Coatzacoalcos-Minatitl\u00e1n el evento se realiz\u00f3 en el Centro de Convenciones de Coatzacoalcos, con la presencia de aproximadamente mil 900 nuevos alumnos que estudiar\u00e1n en alguno de los 22 programas educativos (PE) de licenciaturas y dos de T\u00e9cnico Superior Universitario (TSU), ubicados en 12 entidades acad\u00e9micas de Coatzacoalcos, Minatitl\u00e1n, Acayucan y Huazuntl\u00e1n.<\/p>\n<p class=\"p3\">La consejera alumna de la Facultad de Odontolog\u00eda, \u00c9rika Nolasco Aguirre, brind\u00f3 un mensaje a los universitarios y recalc\u00f3: \u201cTengan el compromiso de representar digna y orgullosamente los valores de esta casa de estudios: dignidad, no discriminaci\u00f3n, responsabilidad, solidaridad, democracia, respeto, pero sobre todo honestidad y equidad\u201d.<\/p>\n<p class=\"p3\">Carlos Alberto Mateos Linares, estudiante de nuevo ingreso a la Licenciatura en M\u00e9dico Cirujano y quien obtuvo el mejor puntaje en la regi\u00f3n, brind\u00f3 un mensaje donde comparti\u00f3 su experiencia en el primer intento por ingresar a la UV, y ahora en el segundo haberlo logrado; explic\u00f3 que para el segundo intento comprendi\u00f3 que un futuro m\u00e9dico debe tener conocimientos, habilidades y actitudes que transformen el saber a la resoluci\u00f3n de problemas.<\/p>\n<p class=\"p3\">La vicerrectora Georgina Hern\u00e1ndez R\u00edos, felicit\u00f3 al alumnado<span class=\"Apple-converted-space\">\u00a0 <\/span>y enfatiz\u00f3 que disfruten su estancia en la UV y se esfuercen en sus estudios con el apoyo de sus tutores acad\u00e9micos, sus profesores y sus familias.<\/p>\n<p class=\"p3\">\u201cLa Universidad no s\u00f3lo est\u00e1 comprometida a formar profesionistas calificados para insertarse en el mercado laboral, sino tambi\u00e9n mejores ciudadanos que la sociedad requiere para alentar una cultura de paz\u201d, dijo.<\/p>\n<div id=\"attachment_119395\" style=\"width: 732px\" class=\"wp-caption aligncenter\"><img aria-describedby=\"caption-attachment-119395\" decoding=\"async\" loading=\"lazy\" class=\"size-full wp-image-119395\" src=\"https:\/\/www.uv.mx\/prensa\/files\/2022\/08\/120822-Bienvenida-UV-en-regiones-3-100k.jpg\" alt=\"Autoridades universitarias entregaron reconocimientos a los mejores puntajes como en la regi\u00f3n Orizaba-C\u00f3rdoba\" width=\"722\" height=\"482\" srcset=\"https:\/\/www.uv.mx\/prensa\/files\/2022\/08\/120822-Bienvenida-UV-en-regiones-3-100k.jpg 722w, https:\/\/www.uv.mx\/prensa\/files\/2022\/08\/120822-Bienvenida-UV-en-regiones-3-100k-300x200.jpg 300w\" sizes=\"(max-width: 722px) 100vw, 722px\" \/><p id=\"caption-attachment-119395\" class=\"wp-caption-text\">Autoridades universitarias entregaron reconocimientos a los mejores puntajes como en la regi\u00f3n Orizaba-C\u00f3rdoba<\/p><\/div>\n<p>&nbsp;<\/p>\n<p class=\"p1\"><b><i>Regi\u00f3n Orizaba-C\u00f3rdoba<br \/>\n<\/i><\/b>En la regi\u00f3n Orizaba-C\u00f3rdoba, Gilberto Tequiliquihua, alumno de la UV-Intercultural sede Grandes Monta\u00f1as, al dirigirse a los nuevos estudiantes les dijo: \u201cEsta Universidad les brindar\u00e1 las herramientas necesarias para cumplir sus sue\u00f1os y expectativas. \u00c9sta ser\u00e1 una de las experiencias m\u00e1s bonitas de su vida, teniendo vivencias muy significativas. La UV les invita a so\u00f1ar, a no limitarse en un s\u00f3lo campo de estudio, destacando el trabajo inter, trans y multidisciplinario que posibilite la construcci\u00f3n de otro tipo de saberes y aprendizajes\u201d.<\/p>\n<p class=\"p3\">Danna Camila Vega Gin\u00e9s, alumna del programa educativo de M\u00e9dico Cirujano y quien obtuvo el primer lugar en la regi\u00f3n Orizaba-C\u00f3rdoba, en representaci\u00f3n de sus compa\u00f1eros brind\u00f3 unas palabras a los asistentes, felicit\u00e1ndolos por alcanzar un nuevo logro en la continuaci\u00f3n de su formaci\u00f3n profesional.<\/p>\n<p class=\"p3\">\u201cFestejemos con orgullo, ahora pertenecemos a la UV, nuestra nueva casa de estudios, que no s\u00f3lo nos ofrece las herramientas necesarias para forjarnos como profesionistas, tambi\u00e9n nos permite crecer como seres humanos. Adentr\u00e9monos a esta nueva etapa, aprendamos de nuestros catedr\u00e1ticos, tracemos metas y logremos objetivos\u201d, enfatiz\u00f3.<\/p>\n<p class=\"p3\">En tanto, el vicerrector Mario Roberto Bernab\u00e9 Guapillo Vargas mencion\u00f3 que la generaci\u00f3n 2022 es especial por su incorporaci\u00f3n a las aulas despu\u00e9s de una din\u00e1mica a distancia derivada del confinamiento por la pandemia.<\/p>\n<div id=\"attachment_119396\" style=\"width: 732px\" class=\"wp-caption aligncenter\"><img aria-describedby=\"caption-attachment-119396\" decoding=\"async\" loading=\"lazy\" class=\"size-full wp-image-119396\" src=\"https:\/\/www.uv.mx\/prensa\/files\/2022\/08\/120822-Bienvenida-UV-en-regiones-4-100k.jpg\" alt=\"Actividades art\u00edsticas se llevaron a cabo en las cuatro regiones, como Ballet Folkl\u00f3rico Tsasn\u00e1-UV en la regi\u00f3n Poza Rica-Tuxpan \" width=\"722\" height=\"365\" srcset=\"https:\/\/www.uv.mx\/prensa\/files\/2022\/08\/120822-Bienvenida-UV-en-regiones-4-100k.jpg 722w, https:\/\/www.uv.mx\/prensa\/files\/2022\/08\/120822-Bienvenida-UV-en-regiones-4-100k-300x152.jpg 300w\" sizes=\"(max-width: 722px) 100vw, 722px\" \/><p id=\"caption-attachment-119396\" class=\"wp-caption-text\">Actividades art\u00edsticas se llevaron a cabo en las cuatro regiones, como Ballet Folkl\u00f3rico Tsasn\u00e1-UV en la regi\u00f3n Poza Rica-Tuxpan<\/p><\/div>\n<p>&nbsp;<\/p>\n<p class=\"p1\"><b><i>Regi\u00f3n Poza Rica-Tuxpan<br \/>\n<\/i><\/b>Con un evento art\u00edstico-deportivo, la regi\u00f3n Poza Rica-Tuxpan dio la bienvenida a estudiantes de nuevo ingreso y a quienes realizar\u00e1n una estancia nacional e internacional.<\/p>\n<p class=\"p3\">Balam Ledezma Guerra, quien obtuvo el mejor promedio del examen de ingreso en la regi\u00f3n, expres\u00f3: \u201cEn las aulas de la UV me formar\u00e9 como m\u00e9dico cirujano de calidad y con \u00e9tica profesional; s\u00e9 que es una instituci\u00f3n que protege y garantiza la diversidad de g\u00e9nero, los derechos humanos, la dignidad personal, as\u00ed como los espacios de equidad e igualdad\u201d.<\/p>\n<p class=\"p3\">En tanto, la vicerrectora Liliana Cuervo L\u00f3pez expres\u00f3 que hoy es un d\u00eda de j\u00fabilo, en donde las lecciones aprendidas sobre la prevenci\u00f3n y el autocuidado consecuencia de la pandemia por la COVID-19 permiten retomar de manera responsable las actividades presenciales.<\/p>\n<p class=\"p3\">Ante m\u00e1s de dos mil alumnos, directores de facultades, funcionarios universitarios, acad\u00e9micos y estudiantes, la Vicerrectora expres\u00f3 que a menos de un a\u00f1o de haber iniciado una nueva administraci\u00f3n rectoral, todos trabajan por una transformaci\u00f3n integral que implica crecer y sumar teniendo como br\u00fajula los derechos humanos y la sustentabilidad.<\/p>\n<p class=\"p3\">Zayleth Imelda Espinoza Gonz\u00e1lez y Luis Fernando Olmedo Garc\u00eda, alumnos de nuevo ingreso, coincidieron en que sus compa\u00f1eros han tomado la mejor decisi\u00f3n de sus vidas; adem\u00e1s, enaltecieron y destacaron que la UV se encuentra entre las mejores universidades del pa\u00eds.<\/p>\n<div id=\"attachment_119397\" style=\"width: 732px\" class=\"wp-caption aligncenter\"><img aria-describedby=\"caption-attachment-119397\" decoding=\"async\" loading=\"lazy\" class=\"size-full wp-image-119397\" src=\"https:\/\/www.uv.mx\/prensa\/files\/2022\/08\/120822-Bienvenida-UV-en-regiones-5-3-100k.jpg\" alt=\"En la regi\u00f3n Veracruz, Antonio Mu\u00f1oz Villegas, consejero alumno de la Facultad de Enfermer\u00eda dio la bienvenida a la nueva generaci\u00f3n\" width=\"722\" height=\"481\" srcset=\"https:\/\/www.uv.mx\/prensa\/files\/2022\/08\/120822-Bienvenida-UV-en-regiones-5-3-100k.jpg 722w, https:\/\/www.uv.mx\/prensa\/files\/2022\/08\/120822-Bienvenida-UV-en-regiones-5-3-100k-300x200.jpg 300w\" sizes=\"(max-width: 722px) 100vw, 722px\" \/><p id=\"caption-attachment-119397\" class=\"wp-caption-text\">En la regi\u00f3n Veracruz, Antonio Mu\u00f1oz Villegas, consejero alumno de la Facultad de Enfermer\u00eda dio la bienvenida a la nueva generaci\u00f3n<\/p><\/div>\n<p>&nbsp;<\/p>\n<p class=\"p1\"><b><i>Regi\u00f3n Veracruz<br \/>\n<\/i><\/b>En la regi\u00f3n Veracruz se reconoci\u00f3 a Karen Andrea D\u00edaz Monroy, por Artes; Manuel Morales Soto, de Biol\u00f3gico-Agropecuarias; Karla Paola Enciso Lozada, de Econ\u00f3mico-Administrativa; Luis Jes\u00fas Hidalgo Vel\u00e1zquez, de Humanidades; Germ\u00e1n Vicente Gonz\u00e1lez Herrera, por el \u00c1rea T\u00e9cnica, y Amy Scarlet Mart\u00ednez Salto, de Ciencias de la Salud.<\/p>\n<p class=\"p3\">Amy Scarlet Mart\u00ednez, el puntaje m\u00e1s alto en la regi\u00f3n y quien estudiar\u00e1 la Licenciatura en M\u00e9dico Cirujano, comparti\u00f3 que la decisi\u00f3n de ingresar a la UV fue el reconocimiento que posee como una instituci\u00f3n altamente capacitada y con grandes oportunidades para sus estudiantes, as\u00ed como por sus reconocimientos a nivel nacional e internacional, \u201csin dejar atr\u00e1s que presta atenci\u00f3n a las voces todos sus estudiantes\u201d.<\/p>\n<p class=\"p3\">En tanto Antonio Mu\u00f1oz Villegas, consejero alumno de la Facultad de Enfermer\u00eda, invit\u00f3 a los estudiantes de nuevo ingreso para aprovechar al m\u00e1ximo los servicios que ofrece la UV \u201ccomo becas, movilidad estudiantil y otros tantos programas que les servir\u00e1n de apoyo en su formaci\u00f3n y desarrollo profesional, como estudiantes y como futuros egresados\u201d.<\/p>\n<p class=\"p3\">Asimismo, se reconoci\u00f3 a Naomi Monserrat Sandoval Araiza, estudiante de la Facultad de Educaci\u00f3n F\u00edsica, Deporte y Recreaci\u00f3n, quien en la Universiada Nacional 2022 gan\u00f3 medalla de oro en Gimnasia Aer\u00f3bica.<\/p>\n<p class=\"p3\">El vicerrector de la regi\u00f3n Veracruz, Rub\u00e9n Edel Navarro, felicit\u00f3 y reconoci\u00f3 el esfuerzo del alumnado por el logro obtenido a base de dedicaci\u00f3n y estudio. \u201cDisfruten este triunfo y todos los que vendr\u00e1n\u201d, les dijo.<\/p>\n","protected":false},"excerpt":{"rendered":"<p>La comunidad universitaria, encabezada por los vicerrectores y sus cuadros directivos, dieron una recepci\u00f3n al estudiantado que iniciar\u00e1 estudios retornando a la presencialidad adem\u00e1s de reconocer el esfuerzo de los aspirantes quienes obtuvieron los puntajes m\u00e1s altos en el examen de ingreso de cada una de las \u00e1reas acad\u00e9micas.<\/p>\n","protected":false},"author":1775,"featured_media":119398,"comment_status":"closed","ping_status":"closed","sticky":false,"template":"","format":"standard","meta":[],"categories":[1,61],"tags":[8332,3678,4448,2298,8333,3679,33],"_links":{"self":[{"href":"https:\/\/www.uv.mx\/prensa\/wp-json\/wp\/v2\/posts\/119393"}],"collection":[{"href":"https:\/\/www.uv.mx\/prensa\/wp-json\/wp\/v2\/posts"}],"about":[{"href":"https:\/\/www.uv.mx\/prensa\/wp-json\/wp\/v2\/types\/post"}],"author":[{"embeddable":true,"href":"https:\/\/www.uv.mx\/prensa\/wp-json\/wp\/v2\/users\/1775"}],"replies":[{"embeddable":true,"href":"https:\/\/www.uv.mx\/prensa\/wp-json\/wp\/v2\/comments?post=119393"}],"version-history":[{"count":1,"href":"https:\/\/www.uv.mx\/prensa\/wp-json\/wp\/v2\/posts\/119393\/revisions"}],"predecessor-version":[{"id":119416,"href":"https:\/\/www.uv.mx\/prensa\/wp-json\/wp\/v2\/posts\/119393\/revisions\/119416"}],"wp:featuredmedia":[{"embeddable":true,"href":"https:\/\/www.uv.mx\/prensa\/wp-json\/wp\/v2\/media\/119398"}],"wp:attachment":[{"href":"https:\/\/www.uv.mx\/prensa\/wp-json\/wp\/v2\/media?parent=119393"}],"wp:term":[{"taxonomy":"category","embeddable":true,"href":"https:\/\/www.uv.mx\/prensa\/wp-json\/wp\/v2\/categories?post=119393"},{"taxonomy":"post_tag","embeddable":true,"href":"https:\/\/www.uv.mx\/prensa\/wp-json\/wp\/v2\/tags?post=119393"}],"curies":[{"name":"wp","href":"https:\/\/api.w.org\/{rel}","templated":true}]}}