{"id":119485,"date":"2022-08-16T12:14:36","date_gmt":"2022-08-16T17:14:36","guid":{"rendered":"https:\/\/www.uv.mx\/prensa\/?p=119485"},"modified":"2022-08-17T11:47:37","modified_gmt":"2022-08-17T16:47:37","slug":"uv-convoca-a-capacitarse-en-temas-de-responsabilidad-social","status":"publish","type":"post","link":"https:\/\/www.uv.mx\/prensa\/eventos\/uv-convoca-a-capacitarse-en-temas-de-responsabilidad-social\/","title":{"rendered":"UV convoca a capacitarse en temas de responsabilidad social"},"content":{"rendered":"<p>&nbsp;<\/p>\n<ul>\n<li><em>Este 21 de septiembre realizar\u00e1 la sexta edici\u00f3n del e<\/em><em>vento: Imagina, Innova y Emprende<\/em><\/li>\n<\/ul>\n<p><strong><em>\u00a0<\/em><\/strong><\/p>\n<div id=\"attachment_119478\" style=\"width: 732px\" class=\"wp-caption aligncenter\"><a href=\"https:\/\/www.uv.mx\/prensa\/files\/2022\/08\/15062022-KARINA-Villanueva-Lendechy-1.jpg\"><img aria-describedby=\"caption-attachment-119478\" decoding=\"async\" loading=\"lazy\" class=\"size-full wp-image-119478\" src=\"https:\/\/www.uv.mx\/prensa\/files\/2022\/08\/15062022-KARINA-Villanueva-Lendechy-1.jpg\" alt=\"\" width=\"722\" height=\"407\" srcset=\"https:\/\/www.uv.mx\/prensa\/files\/2022\/08\/15062022-KARINA-Villanueva-Lendechy-1.jpg 722w, https:\/\/www.uv.mx\/prensa\/files\/2022\/08\/15062022-KARINA-Villanueva-Lendechy-1-300x169.jpg 300w\" sizes=\"(max-width: 722px) 100vw, 722px\" \/><\/a><p id=\"caption-attachment-119478\" class=\"wp-caption-text\">\u201cLas organizaciones son parte de un sistema y deben contribuir a la mejora de \u00e9ste\u201d, dijo H\u00e9ctor Villanueva Lendechy<\/p><\/div>\n<p><strong><em>\u00a0<\/em><\/strong><\/p>\n<p><strong><em>Karina de la Paz Reyes D\u00edaz<\/em><\/strong><\/p>\n<p><strong><em>Foto: Luis Fernando Fern\u00e1ndez<\/em><\/strong><\/p>\n<p><strong><em>16\/08\/2022, Xalapa, Ver.- <\/em><\/strong>A trav\u00e9s del evento Imagina, Innova y Emprende 2022, la Universidad Veracruzana (UV) convoca a conocer y reflexionar sobre la responsabilidad social.<\/p>\n<p>Esta propuesta acad\u00e9mica de la Oficina de Transferencia de Tecnolog\u00eda (OTT) es parte de la estrategia institucional, a trav\u00e9s de la <a href=\"https:\/\/www.uv.mx\/vinculacion\/tag\/direccion-general-de-vinculacion\/\">Direcci\u00f3n General de Vinculaci\u00f3n<\/a> (DGV) y de la Secretar\u00eda de Desarrollo Institucional, de capacitar al personal acad\u00e9mico y comunidad estudiantil.<\/p>\n<p>\u201cNo es un evento aislado, se suma a esta estrategia\u201d, remarc\u00f3 el titular de la OTT, H\u00e9ctor Villanueva Lendechy, en entrevista para dar pormenores del mismo.<\/p>\n<p>Imagina, Innova y Emprende es un evento anual y esta sexta edici\u00f3n se desarrollar\u00e1 el mi\u00e9rcoles 21 de septiembre en modalidad virtual por las plataformas <em>Zoom<\/em> y <em>Facebook Live. <\/em>El tema central es: \u201cMi responsabilidad social en acci\u00f3n\u201d.<\/p>\n<p>Al respecto, el entrevistado reflexion\u00f3: \u201cLas organizaciones son parte de un sistema y deben contribuir a la mejora de \u00e9ste. No debemos quejarnos amargamente de los gobiernos, de las empresas o del otro, tenemos que asumir nuestra responsabilidad, de acuerdo a nuestro \u00e1mbito, y lo que podemos hacer; esta suma de esfuerzos \u2013mejor si son coordinados\u2013 podr\u00e1 hacer del mundo un lugar m\u00e1s habitable, arm\u00f3nico, sano\u201d<\/p>\n<p><strong>\u00a0<\/strong><strong>Evento insignia del programa Emprende UV<\/strong><\/p>\n<p>Imagina, Innova y Emprende es el evento \u201cinsignia\u201d del programa Emprende UV de la OTT y est\u00e1 dirigido a impulsar al estudiantado para que desarrolle habilidades emprendedoras y de innovaci\u00f3n, remarc\u00f3 Villanueva Lendechy.<\/p>\n<p>Aclar\u00f3 que no es exclusivo para la comunidad UV, tambi\u00e9n pueden asistir de otras instituciones de educaci\u00f3n superior, media superior y p\u00fablico en general interesado en estos temas.<\/p>\n<p>\u201cHemos tratado de tener este crisol, obviamente es mayor la responsabilidad social\u201d, coment\u00f3 el entrevistado sobre las conferencias y conferencistas que lograron reunir para la edici\u00f3n de este a\u00f1o.<\/p>\n<p>De acuerdo con el programa que expuso el funcionario universitario, el evento se desarrollar\u00e1 de las 9:30 a las 18:00 horas del 21 de septiembre, e iniciar\u00e1 con la ceremonia de inauguraci\u00f3n por parte de las autoridades universitarias.<\/p>\n<p>Enseguida, est\u00e1n programadas cinco conferencias que tratar\u00e1n sobre distintos \u00e1mbitos: las empresas de base tecnol\u00f3gica, as\u00ed como las culturales y de entretenimiento; incluso, c\u00f3mo hacer saludables los espacios laborales.<\/p>\n<p>Fabi\u00e1n Alberto R\u00e1bago Garza, <em>coach<\/em> y quien han realizado trabajo de consultor\u00eda para destacadas empresas del pa\u00eds, dar\u00e1 la conferencia magistral \u201cResponsabilidad Social Objetiva\u201d.<\/p>\n<p>Enseguida, personal de OXXO participar\u00e1 con el tema \u201cC\u00f3mo ser una empresa Socialmente Responsable\u201d y el empresario del \u00e1mbito cultural y del entretenimiento, Luis Fernando Licea Serralde, har\u00e1 lo propio con \u201cImagina y crea responsablemente\u201d.<\/p>\n<p>Tras un receso, de las 14:00 a las 16:00 horas, Enrique Galindo Fentanes, presidente de la empresa Agro&amp;Biotecnia e integrante del Sistema Nacional de Investigadores del Consejo Nacional de Ciencia y Tecnolog\u00eda, Nivel III, y quien ha logrado registrar ocho patentes, dictar\u00e1 la conferencia \u00abEmpresas de base tecnol\u00f3gica como generadoras de innovaci\u00f3n\u00bb.<\/p>\n<p>Para concluir, Ivonne Tapia Villag\u00f3mez, profesora de tiempo completo adscrita al Departamento de Negocios de la Universidad Iberoamericana, <em>campus<\/em> Puebla, y cuya l\u00ednea de investigaci\u00f3n es la \u00c9tica y Responsabilidad Social Empresarial, dictar\u00e1 la conferencia: \u00abNorma Oficial Mexicana 035: hacia espacios laborales m\u00e1s saludables\u201d.<\/p>\n<p>Cabe destacar que la inauguraci\u00f3n del evento y la conferencia magistral ser\u00e1n traducidas simult\u00e1neamente a la Lengua de Se\u00f1as Mexicana, a trav\u00e9s de int\u00e9rpretes del grupo Manos Florecer, con el prop\u00f3sito de que personas sordas interesadas en estas tem\u00e1ticas tambi\u00e9n puedan participar.<\/p>\n<p>Adem\u00e1s, el entrevistado apunt\u00f3 que la DGV de la UV otorgar\u00e1 constancia de participaci\u00f3n por cada conferencia en la que se registre la persona asistente.\u00a0En breve estar\u00e1 disponible un enlace de pre-registro y registro de asistencia.<\/p>\n<p>Para m\u00e1s informaci\u00f3n consulte: <a href=\"https:\/\/www.uv.mx\/vinculacion\/\">https:\/\/www.uv.mx\/vinculacion\/<\/a>.<\/p>\n<div id=\"attachment_119479\" style=\"width: 395px\" class=\"wp-caption aligncenter\"><a href=\"https:\/\/www.uv.mx\/prensa\/files\/2022\/08\/15062022-KARINA-Villanueva-Lendechy-2.jpg\"><img aria-describedby=\"caption-attachment-119479\" decoding=\"async\" loading=\"lazy\" class=\"size-full wp-image-119479\" src=\"https:\/\/www.uv.mx\/prensa\/files\/2022\/08\/15062022-KARINA-Villanueva-Lendechy-2.jpg\" alt=\"\" width=\"385\" height=\"481\" srcset=\"https:\/\/www.uv.mx\/prensa\/files\/2022\/08\/15062022-KARINA-Villanueva-Lendechy-2.jpg 385w, https:\/\/www.uv.mx\/prensa\/files\/2022\/08\/15062022-KARINA-Villanueva-Lendechy-2-240x300.jpg 240w\" sizes=\"(max-width: 385px) 100vw, 385px\" \/><\/a><p id=\"caption-attachment-119479\" class=\"wp-caption-text\">Para m\u00e1s informaci\u00f3n consulte: <a href=\"https:\/\/www.uv.mx\/vinculacion\/\">https:\/\/www.uv.mx\/vinculacion\/<\/a><\/p><\/div>\n","protected":false},"excerpt":{"rendered":"<p>Imagina, Innova y Emprende es el evento \u201cinsignia\u201d del programa Emprende UV de la OTT y est\u00e1 dirigido a impulsar al estudiantado para que desarrolle habilidades emprendedoras y de innovaci\u00f3n<\/p>\n","protected":false},"author":1869,"featured_media":119479,"comment_status":"closed","ping_status":"closed","sticky":false,"template":"","format":"standard","meta":[],"categories":[47],"tags":[],"_links":{"self":[{"href":"https:\/\/www.uv.mx\/prensa\/wp-json\/wp\/v2\/posts\/119485"}],"collection":[{"href":"https:\/\/www.uv.mx\/prensa\/wp-json\/wp\/v2\/posts"}],"about":[{"href":"https:\/\/www.uv.mx\/prensa\/wp-json\/wp\/v2\/types\/post"}],"author":[{"embeddable":true,"href":"https:\/\/www.uv.mx\/prensa\/wp-json\/wp\/v2\/users\/1869"}],"replies":[{"embeddable":true,"href":"https:\/\/www.uv.mx\/prensa\/wp-json\/wp\/v2\/comments?post=119485"}],"version-history":[{"count":1,"href":"https:\/\/www.uv.mx\/prensa\/wp-json\/wp\/v2\/posts\/119485\/revisions"}],"predecessor-version":[{"id":119535,"href":"https:\/\/www.uv.mx\/prensa\/wp-json\/wp\/v2\/posts\/119485\/revisions\/119535"}],"wp:featuredmedia":[{"embeddable":true,"href":"https:\/\/www.uv.mx\/prensa\/wp-json\/wp\/v2\/media\/119479"}],"wp:attachment":[{"href":"https:\/\/www.uv.mx\/prensa\/wp-json\/wp\/v2\/media?parent=119485"}],"wp:term":[{"taxonomy":"category","embeddable":true,"href":"https:\/\/www.uv.mx\/prensa\/wp-json\/wp\/v2\/categories?post=119485"},{"taxonomy":"post_tag","embeddable":true,"href":"https:\/\/www.uv.mx\/prensa\/wp-json\/wp\/v2\/tags?post=119485"}],"curies":[{"name":"wp","href":"https:\/\/api.w.org\/{rel}","templated":true}]}}