{"id":11982,"date":"2016-06-07T14:08:20","date_gmt":"2016-06-07T19:08:20","guid":{"rendered":"https:\/\/www.uv.mx\/prensa\/?p=11982"},"modified":"2016-06-07T14:08:20","modified_gmt":"2016-06-07T19:08:20","slug":"mexico-pais-moderno-y-al-mismo-tiempo-plantado-en-su-pasado","status":"publish","type":"post","link":"https:\/\/www.uv.mx\/prensa\/general\/mexico-pais-moderno-y-al-mismo-tiempo-plantado-en-su-pasado\/","title":{"rendered":"M\u00e9xico, pa\u00eds moderno y al mismo tiempo plantado en su pasado"},"content":{"rendered":"<ul>\n<li><em>El profesor de la Universidad de Essex particip\u00f3 en el Coloquio Internacional \u201cHistoria social insurgente\u201d, efectuado los d\u00edas 2 y 3 de junio en la USBI-Xalapa<\/em><\/li>\n<li><em>Se realiz\u00f3 en el marco de la celebraci\u00f3n de los 30 a\u00f1os de la aparici\u00f3n de su libro \u201cRoots of Insurgency\u201d; y \u201cFrom Insurrection to Revolution\u201d, de John Tutino<\/em><\/li>\n<\/ul>\n<p>&nbsp;<\/p>\n<div id=\"attachment_11984\" style=\"width: 732px\" class=\"wp-caption aligncenter\"><a href=\"https:\/\/www.uv.mx\/prensa\/files\/2016\/06\/Historia-insurgente-1-07.jpg\"><img aria-describedby=\"caption-attachment-11984\" decoding=\"async\" loading=\"lazy\" class=\"size-full wp-image-11984\" src=\"https:\/\/www.uv.mx\/prensa\/files\/2016\/06\/Historia-insurgente-1-07.jpg\" alt=\"Brian R. Hamnett, profesor de la Universidad de Essex \" width=\"722\" height=\"481\" srcset=\"https:\/\/www.uv.mx\/prensa\/files\/2016\/06\/Historia-insurgente-1-07.jpg 722w, https:\/\/www.uv.mx\/prensa\/files\/2016\/06\/Historia-insurgente-1-07-300x200.jpg 300w\" sizes=\"(max-width: 722px) 100vw, 722px\" \/><\/a><p id=\"caption-attachment-11984\" class=\"wp-caption-text\">Brian R. Hamnett, profesor de la Universidad de Essex<\/p><\/div>\n<p>&nbsp;<\/p>\n<p><strong><em>Claudia Peralta V\u00e1zquez<\/em><\/strong><\/p>\n<p>&nbsp;<\/p>\n<p><strong><em>Xalapa, Ver. 07\/06\/2016.-<\/em><\/strong><em>\u00a0<\/em>M\u00e9xico es una mezcla entre lo moderno y tradicional, porque firmemente est\u00e1 plantado en su pasado, expres\u00f3 Brian R. Hamnett, profesor de la Universidad de Essex, del Reino Unido, al participar en el Coloquio Internacional \u201cHistoria social insurgente\u201d, realizado con motivo de los 30 a\u00f1os de la aparici\u00f3n de su libro <em>Roots of Insurgency, <\/em>as\u00ed como de la obra <em>From Insurrection to Revolution<\/em>, de John Tutino, profesor de la Universidad de Georgetown, de Estados Unidos.<\/p>\n<p>Apasionado de la historia de nuestro pa\u00eds, el especialista en el rubro hist\u00f3rico europeo y asi\u00e1tico destac\u00f3 que la latinoamericana lleg\u00f3 hasta cierto punto al final de su carrera.<\/p>\n<p>\u201cM\u00e9xico y Per\u00fa tienen una historia antigua muy rica, comparable con la de Medio Oriente, por eso me anim\u00e9 a venir aqu\u00ed y verlo con mis propios ojos. Inmediatamente me sent\u00ed profundamente m\u00e1s interesado en esos problemas que en los otros que acababa de\u00a0 estudiar, eso fue un descubrimiento para m\u00ed, algo en lo que quer\u00eda profundizar e investigar.\u201d<\/p>\n<p>El acad\u00e9mico resalt\u00f3 lo anterior tras impartir la conferencia magistral \u201cLas insurgencias americanas en una perspectiva comparativa 1811-1824\u201d, en la Unidad de Servicios Bibliotecarios y de Informaci\u00f3n (USBI) Xalapa, donde se llev\u00f3 a cabo este evento organizado por el Taller de Historiograf\u00eda Contempor\u00e1nea del Instituto de Investigaciones Hist\u00f3rico-Sociales (IIH-S).<\/p>\n<p>Brian R. Hamnett insisti\u00f3 en su inquietud por especializarse en un pa\u00eds fuera de Europa y no quedarse \u00fanicamente con la historia de Espa\u00f1a: \u201cEleg\u00ed a M\u00e9xico por su historia precolombina, ya que era el territorio o el dominio m\u00e1s importante de Espa\u00f1a en Am\u00e9rica Latina en esa \u00e9poca\u201d.<\/p>\n<p>Al iniciar sus investigaciones en territorio nacional, en la d\u00e9cada de los sesenta, apunt\u00f3 que nuestro pa\u00eds era abierto, din\u00e1mico, con una prensa y publicaciones muy ricas, as\u00ed como una tradici\u00f3n de historiograf\u00eda profunda que empez\u00f3 a finales del siglo XVIII con la aparici\u00f3n de personajes como: Lucas Alam\u00e1n, Trinidad Anastasio de Sales Ruiz Bustamante y Oseguera, y Justo Sierra M\u00e9ndez.<\/p>\n<p>Record\u00f3 con emotividad que en 2016, precisamente, celebra 50 a\u00f1os desde su primera llegada a M\u00e9xico: \u201cLlegu\u00e9 un 4 de enero de 1966 en un barco espa\u00f1ol de C\u00e1diz a Veracruz, mi primera visita fue al puerto y la segunda a la ciudad de Xalapa\u201d.<\/p>\n<p>Asever\u00f3 que desde entonces, cada vez que regresa se sorprende por la modernidad y dinamismo de esta naci\u00f3n, caracter\u00edstica que comparte con Estados Unidos y Canad\u00e1, pero al mismo tiempo porque conserva su tradicionalidad.<\/p>\n<div id=\"attachment_11985\" style=\"width: 732px\" class=\"wp-caption aligncenter\"><a href=\"https:\/\/www.uv.mx\/prensa\/files\/2016\/06\/Historia-inte-2.jpg\"><img aria-describedby=\"caption-attachment-11985\" decoding=\"async\" loading=\"lazy\" class=\"size-full wp-image-11985\" src=\"https:\/\/www.uv.mx\/prensa\/files\/2016\/06\/Historia-inte-2.jpg\" alt=\"Luis Fernando Granados, Filiberta G\u00f3mez Cruz y Juan Ortiz Escamilla \" width=\"722\" height=\"481\" srcset=\"https:\/\/www.uv.mx\/prensa\/files\/2016\/06\/Historia-inte-2.jpg 722w, https:\/\/www.uv.mx\/prensa\/files\/2016\/06\/Historia-inte-2-300x200.jpg 300w\" sizes=\"(max-width: 722px) 100vw, 722px\" \/><\/a><p id=\"caption-attachment-11985\" class=\"wp-caption-text\">Luis Fernando Granados, Filiberta G\u00f3mez Cruz y Juan Ortiz Escamilla<\/p><\/div>\n<p>Juan Ortiz Escamilla, investigador del IIH-S, impulsor de este coloquio y uno de los autores fundamentales del estudio de la Independencia en M\u00e9xico, expres\u00f3 que ambos especialistas \u2500Hamnett y Tutino\u2500 construyeron con sus trabajos nuevas variables de an\u00e1lisis, orientaron la discusi\u00f3n y el quehacer hist\u00f3rico de la guerra insurgente.<\/p>\n<p>Dijo que nuestra historia est\u00e1 cargada de mitos, hasta hace muy poco tiempo la historiograf\u00eda mexicana estaba condicionada al proceso de construcci\u00f3n del Estado-naci\u00f3n, y cargada de juicios morales y de omisiones.<\/p>\n<p>\u201cDominaban los textos relacionados con la visi\u00f3n criolla de la guerra, con el discurso patri\u00f3tico y religioso, con el clero, y menos con la feligres\u00eda.\u201d<\/p>\n<p>Expuso que los investigadores antes citados introdujeron el an\u00e1lisis temporal, regional y el social a la historiograf\u00eda de la Independencia de M\u00e9xico.<\/p>\n<p>\u201cEl estudio de la guerra no desde las \u00e9lites, sino desde la base misma de la sociedad a nivel local y regional, de esta manera no se podr\u00eda explicar el fen\u00f3meno de la guerra y de las nuevas instituciones de gobierno.\u201d<\/p>\n<p>A trav\u00e9s de la historia social, pol\u00edtica, econ\u00f3mica y cultural de pueblos, villas y ciudades, podemos recuperar los elementos comunes y la diferencia de un espacio a otro, tanto en el bando insurgente como en el realista, se\u00f1al\u00f3.<\/p>\n<p>Al referirse a ambos personajes, Filiberta G\u00f3mez Cruz, directora del IIH-S, precis\u00f3 que han contribuido a la comprensi\u00f3n de procesos definitorios de nuestra historia: a la guerra de Independencia y a sus protagonistas con una nueva \u00f3ptica.<\/p>\n<p>\u201cDicen que de lejos se ve m\u00e1s claro, esa mirada lejana que poseen los estudiosos de otras latitudes nos ha provisto de una enriquecida perspectiva de momentos clave del nacimiento de una naci\u00f3n en el campo de batalla y en la interpretaci\u00f3n de la vida.\u201d<\/p>\n<p>En su oportunidad, Luis Fernando Granados, tambi\u00e9n investigador del IIH-S, consider\u00f3 necesario reflexionar acerca del contenido de las obras: <em>Roots of Insurgency<\/em> y <em>From Insurrection to Revolution<\/em>, en el sentido de qu\u00e9 se ha aprendido sobre la \u00e9poca de la Independencia en los \u00faltimos 30 a\u00f1os y qu\u00e9 falta por hacer.<\/p>\n<p>&nbsp;<\/p>\n","protected":false},"excerpt":{"rendered":"<p><strong><em>Claudia Peralta .-<\/em><\/strong>M\u00e9xico es una mezcla entre lo moderno y tradicional, porque firmemente est\u00e1 plantado en su pasado, expres\u00f3 Brian R. Hamnett, profesor de la Universidad de Essex, del Reino Unido, al participar en el Coloquio Internacional \u201cHistoria social insurgente\u201d, realizado con motivo de los 30 a\u00f1os de la aparici\u00f3n de su libro Roots of Insurgency, as\u00ed como de la obra From Insurrection to Revolution, de John Tutino, profesor de la Universidad de Georgetown, de Estados Unidos.<\/p>\n","protected":false},"author":1810,"featured_media":11983,"comment_status":"closed","ping_status":"closed","sticky":false,"template":"","format":"standard","meta":[],"categories":[1],"tags":[3],"_links":{"self":[{"href":"https:\/\/www.uv.mx\/prensa\/wp-json\/wp\/v2\/posts\/11982"}],"collection":[{"href":"https:\/\/www.uv.mx\/prensa\/wp-json\/wp\/v2\/posts"}],"about":[{"href":"https:\/\/www.uv.mx\/prensa\/wp-json\/wp\/v2\/types\/post"}],"author":[{"embeddable":true,"href":"https:\/\/www.uv.mx\/prensa\/wp-json\/wp\/v2\/users\/1810"}],"replies":[{"embeddable":true,"href":"https:\/\/www.uv.mx\/prensa\/wp-json\/wp\/v2\/comments?post=11982"}],"version-history":[{"count":0,"href":"https:\/\/www.uv.mx\/prensa\/wp-json\/wp\/v2\/posts\/11982\/revisions"}],"wp:featuredmedia":[{"embeddable":true,"href":"https:\/\/www.uv.mx\/prensa\/wp-json\/wp\/v2\/media\/11983"}],"wp:attachment":[{"href":"https:\/\/www.uv.mx\/prensa\/wp-json\/wp\/v2\/media?parent=11982"}],"wp:term":[{"taxonomy":"category","embeddable":true,"href":"https:\/\/www.uv.mx\/prensa\/wp-json\/wp\/v2\/categories?post=11982"},{"taxonomy":"post_tag","embeddable":true,"href":"https:\/\/www.uv.mx\/prensa\/wp-json\/wp\/v2\/tags?post=11982"}],"curies":[{"name":"wp","href":"https:\/\/api.w.org\/{rel}","templated":true}]}}