{"id":120048,"date":"2022-08-29T13:18:46","date_gmt":"2022-08-29T18:18:46","guid":{"rendered":"https:\/\/www.uv.mx\/prensa\/?p=120048"},"modified":"2022-09-07T11:27:17","modified_gmt":"2022-09-07T16:27:17","slug":"uv-premio-a-ganadoras-del-concurso-institucional-3mt","status":"publish","type":"post","link":"https:\/\/www.uv.mx\/prensa\/general\/uv-premio-a-ganadoras-del-concurso-institucional-3mt\/","title":{"rendered":"UV premi\u00f3 a ganadoras del Concurso Institucional 3MT"},"content":{"rendered":"<p>&nbsp;<\/p>\n<ul>\n<li><em>En el certamen participaron 17 estudiantes de doctorado, quienes <\/em><em>crearon un video de tres minutos de una exposici\u00f3n oral de su tesis, en un lenguaje sencillo y claro<\/em><\/li>\n<li><em>El primer lugar lo obtuvo Pabeli Sara\u00ed Becerra Romero, alumna del Doctorado en Investigaciones Cerebrales<\/em><\/li>\n<\/ul>\n<p>&nbsp;<\/p>\n<div id=\"attachment_120051\" style=\"width: 732px\" class=\"wp-caption aligncenter\"><a href=\"https:\/\/www.uv.mx\/prensa\/files\/2022\/08\/260822-CARLOS-3MT-UV-12.jpg\"><img aria-describedby=\"caption-attachment-120051\" decoding=\"async\" loading=\"lazy\" class=\"size-full wp-image-120051\" src=\"https:\/\/www.uv.mx\/prensa\/files\/2022\/08\/260822-CARLOS-3MT-UV-12.jpg\" alt=\"\" width=\"722\" height=\"482\" srcset=\"https:\/\/www.uv.mx\/prensa\/files\/2022\/08\/260822-CARLOS-3MT-UV-12.jpg 722w, https:\/\/www.uv.mx\/prensa\/files\/2022\/08\/260822-CARLOS-3MT-UV-12-300x200.jpg 300w\" sizes=\"(max-width: 722px) 100vw, 722px\" \/><\/a><p id=\"caption-attachment-120051\" class=\"wp-caption-text\">Pabeli Sara\u00ed Becerra Romero representar\u00e1 a la UV en el concurso 3MT Nacional<\/p><\/div>\n<p>&nbsp;<\/p>\n<p><strong><em>Carlos Hugo Hermida Rosales<\/em><\/strong><\/p>\n<p><strong><em>Fotos: Luis Fernando Fern\u00e1ndez Carrillo<\/em><\/strong><\/p>\n<p><strong><em>29\/08\/2022, Xalapa, Ver.-<\/em><\/strong> La Universidad Veracruzana (UV), a trav\u00e9s de la<a href=\"https:\/\/www.uv.mx\/posgrado\/\" target=\"_blank\" rel=\"noopener\"> Direcci\u00f3n General de la Unidad de Estudios de Posgrado<\/a>, premi\u00f3 a las ganadoras del Concurso Institucional 3MT UV \u2013Tesis en tres minutos\u2013, dirigido al alumnado de doctorado y promovido por el Consejo Mexicano de Estudios de Posgrado, A.C.<\/p>\n<p>En la ceremonia, efectuada en el auditorio de la Direcci\u00f3n General de Investigaciones (DGI), estuvieron presentes Jos\u00e9 Luis S\u00e1nchez Leyva y Arturo Aguilar Ye, directores generales de las \u00e1reas acad\u00e9micas Econ\u00f3mico-Administrativa y Ciencias de la Salud, respectivamente; Guillermo Cruz Gonz\u00e1lez, coordinador de procesos acad\u00e9micos-administrativos de la Unidad de Estudios de Posgrado, y Luis Isauro Garc\u00eda Hern\u00e1ndez, titular del Instituto de Investigaciones Cerebrales.<\/p>\n<p>Los 17 participantes del certamen crearon un video de tres minutos de una exposici\u00f3n oral de su tesis, en un lenguaje sencillo y claro con el apoyo de una l\u00e1mina digital; el jurado no especializado calific\u00f3 con base en la calidad de la presentaci\u00f3n y el impacto social y cient\u00edfico de la investigaci\u00f3n.<\/p>\n<p>Pabeli Sara\u00ed Becerra Romero, alumna del Doctorado en Investigaciones Cerebrales, obtuvo el primer lugar con el trabajo \u201cCaracterizaci\u00f3n del infiltrado de c\u00e9lulas inmunes en la pr\u00f3stata denervada\u201d, y representar\u00e1 a la UV en el concurso 3MT Nacional que\u00a0se realizar\u00e1 el 21 de septiembre en Monterrey.<\/p>\n<p>&nbsp;<\/p>\n<div id=\"attachment_120049\" style=\"width: 732px\" class=\"wp-caption aligncenter\"><a href=\"https:\/\/www.uv.mx\/prensa\/files\/2022\/08\/260822-CARLOS-3MT-UV-2.jpg\"><img aria-describedby=\"caption-attachment-120049\" decoding=\"async\" loading=\"lazy\" class=\"size-full wp-image-120049\" src=\"https:\/\/www.uv.mx\/prensa\/files\/2022\/08\/260822-CARLOS-3MT-UV-2.jpg\" alt=\"\" width=\"722\" height=\"521\" srcset=\"https:\/\/www.uv.mx\/prensa\/files\/2022\/08\/260822-CARLOS-3MT-UV-2.jpg 722w, https:\/\/www.uv.mx\/prensa\/files\/2022\/08\/260822-CARLOS-3MT-UV-2-300x216.jpg 300w\" sizes=\"(max-width: 722px) 100vw, 722px\" \/><\/a><p id=\"caption-attachment-120049\" class=\"wp-caption-text\">Guillermo Cruz Gonz\u00e1lez, coordinador de procesos acad\u00e9micos-administrativos de la Unidad de Estudios de Posgrado<\/p><\/div>\n<p>&nbsp;<\/p>\n<p>El segundo sitio fue para Gabriela Su\u00e1rez Gonz\u00e1lez, estudiante del Doctorado en Ciencias Administrativas y Gesti\u00f3n para el Desarrollo, por el video \u201cEfectos de los desastres hidrometeorol\u00f3gicos en el bienestar sostenible\u201d.<\/p>\n<p>El tercero lo obtuvo Karla Aketzalli Hern\u00e1ndez Contreras, quien tambi\u00e9n cursa el Doctorado en Investigaciones Cerebrales, con el tema \u201cEfectos de la alta concentraci\u00f3n de glucosa en la generaci\u00f3n de b-amiloide y la expresi\u00f3n de Tau y Tau hiperfosforilada en c\u00e9lulas C6\u201d.<\/p>\n<p>Guillermo Cruz mencion\u00f3 que la UV estableci\u00f3 el concurso en este a\u00f1o a nivel institucional, con el objetivo de incrementar el impacto de los trabajos recepcionales de doctorado, divulgar los resultados de los proyectos de investigaci\u00f3n que abordan y potenciar su vinculaci\u00f3n con distintos sectores de la sociedad.<\/p>\n<p>Mar\u00eda Gabriela Nach\u00f3n Garc\u00eda, directora del Instituto de Ciencias de la Salud y miembro del jurado, declar\u00f3 que el certamen es una excelente estrategia para difundir la ciencia de una forma concreta, convincente y sencilla.<\/p>\n<p>\u201cHablar y lograr explicar lo complejo de una manera f\u00e1cil requiere de un dominio y comprensi\u00f3n completa del tema, y una capacidad de s\u00edntesis, lo que supone un gran reto\u201d, enfatiz\u00f3.<\/p>\n<p>La investigadora afirm\u00f3 que es fundamental estimular a las y los estudiantes de posgrado para que participen en eventos que les ayuden a desarrollar la habilidad de comunicaci\u00f3n de la ciencia de forma natural.<\/p>\n<p>&nbsp;<\/p>\n<div id=\"attachment_120050\" style=\"width: 732px\" class=\"wp-caption aligncenter\"><a href=\"https:\/\/www.uv.mx\/prensa\/files\/2022\/08\/260822-CARLOS-3MT-UV-3.jpg\"><img aria-describedby=\"caption-attachment-120050\" decoding=\"async\" loading=\"lazy\" class=\"size-full wp-image-120050\" src=\"https:\/\/www.uv.mx\/prensa\/files\/2022\/08\/260822-CARLOS-3MT-UV-3.jpg\" alt=\"\" width=\"722\" height=\"504\" srcset=\"https:\/\/www.uv.mx\/prensa\/files\/2022\/08\/260822-CARLOS-3MT-UV-3.jpg 722w, https:\/\/www.uv.mx\/prensa\/files\/2022\/08\/260822-CARLOS-3MT-UV-3-300x209.jpg 300w\" sizes=\"(max-width: 722px) 100vw, 722px\" \/><\/a><p id=\"caption-attachment-120050\" class=\"wp-caption-text\">Mar\u00eda Gabriela Nach\u00f3n Garc\u00eda,directora del Instituto de Ciencias de la Salud<\/p><\/div>\n","protected":false},"excerpt":{"rendered":"<p>Pabeli Sara\u00ed Becerra Romero, alumna del Doctorado en Investigaciones Cerebrales, representar\u00e1 a la UV en la fase nacional que se desarrollar\u00e1 el 21 de septiembre, en Monterrey<\/p>\n","protected":false},"author":1869,"featured_media":120052,"comment_status":"closed","ping_status":"closed","sticky":false,"template":"","format":"standard","meta":[],"categories":[1,61],"tags":[],"_links":{"self":[{"href":"https:\/\/www.uv.mx\/prensa\/wp-json\/wp\/v2\/posts\/120048"}],"collection":[{"href":"https:\/\/www.uv.mx\/prensa\/wp-json\/wp\/v2\/posts"}],"about":[{"href":"https:\/\/www.uv.mx\/prensa\/wp-json\/wp\/v2\/types\/post"}],"author":[{"embeddable":true,"href":"https:\/\/www.uv.mx\/prensa\/wp-json\/wp\/v2\/users\/1869"}],"replies":[{"embeddable":true,"href":"https:\/\/www.uv.mx\/prensa\/wp-json\/wp\/v2\/comments?post=120048"}],"version-history":[{"count":1,"href":"https:\/\/www.uv.mx\/prensa\/wp-json\/wp\/v2\/posts\/120048\/revisions"}],"predecessor-version":[{"id":120757,"href":"https:\/\/www.uv.mx\/prensa\/wp-json\/wp\/v2\/posts\/120048\/revisions\/120757"}],"wp:featuredmedia":[{"embeddable":true,"href":"https:\/\/www.uv.mx\/prensa\/wp-json\/wp\/v2\/media\/120052"}],"wp:attachment":[{"href":"https:\/\/www.uv.mx\/prensa\/wp-json\/wp\/v2\/media?parent=120048"}],"wp:term":[{"taxonomy":"category","embeddable":true,"href":"https:\/\/www.uv.mx\/prensa\/wp-json\/wp\/v2\/categories?post=120048"},{"taxonomy":"post_tag","embeddable":true,"href":"https:\/\/www.uv.mx\/prensa\/wp-json\/wp\/v2\/tags?post=120048"}],"curies":[{"name":"wp","href":"https:\/\/api.w.org\/{rel}","templated":true}]}}