{"id":120090,"date":"2022-08-30T10:33:28","date_gmt":"2022-08-30T15:33:28","guid":{"rendered":"https:\/\/www.uv.mx\/prensa\/?p=120090"},"modified":"2022-08-30T14:04:41","modified_gmt":"2022-08-30T19:04:41","slug":"60-estudiantes-se-graduaron-de-contaduria-sea-en-poza-rica","status":"publish","type":"post","link":"https:\/\/www.uv.mx\/prensa\/regiones\/60-estudiantes-se-graduaron-de-contaduria-sea-en-poza-rica\/","title":{"rendered":"60 estudiantes se graduaron de Contadur\u00eda SEA en Poza Rica"},"content":{"rendered":"<ul class=\"ul1\">\n<li class=\"li1\"><i>A la ceremonia asistieron estudiantes, acad\u00e9micos y las autoridades universitarias regionales<\/i><\/li>\n<\/ul>\n<p>&nbsp;<\/p>\n<div id=\"attachment_120091\" style=\"width: 732px\" class=\"wp-caption aligncenter\"><img aria-describedby=\"caption-attachment-120091\" decoding=\"async\" loading=\"lazy\" class=\"size-full wp-image-120091\" src=\"https:\/\/www.uv.mx\/prensa\/files\/2022\/08\/PR-1-Contaduria-Graduacion-100k.jpg\" alt=\"Entrega de reconocimientos a egresados de Contadur\u00eda SEA\" width=\"722\" height=\"524\" srcset=\"https:\/\/www.uv.mx\/prensa\/files\/2022\/08\/PR-1-Contaduria-Graduacion-100k.jpg 722w, https:\/\/www.uv.mx\/prensa\/files\/2022\/08\/PR-1-Contaduria-Graduacion-100k-300x218.jpg 300w\" sizes=\"(max-width: 722px) 100vw, 722px\" \/><p id=\"caption-attachment-120091\" class=\"wp-caption-text\">Entrega de reconocimientos a egresados de Contadur\u00eda SEA<\/p><\/div>\n<p>&nbsp;<\/p>\n<p class=\"p1\"><b><i>Texto y fotos: Alma Celia San Mart\u00edn Cruz<\/i><\/b><\/p>\n<p class=\"p1\"><b><i>30\/08\/2022, Poza Rica, Ver.-<\/i><\/b> Un total de 60 estudiantes de la generaci\u00f3n 2018-2022 de la <a href=\"https:\/\/www.uv.mx\/pozarica\/sea\/\" target=\"_blank\" rel=\"noopener\">Facultad de Contadur\u00eda del Sistema de Ense\u00f1anza Abierta<\/a> (SEA) de la Universidad Veracruzana (UV) recibieron de manos de autoridades de esta casa de estudios los reconocimientos que avalan su formaci\u00f3n profesional.<\/p>\n<p class=\"p3\">En la ceremonia realizada en la sala de videoconferencias de la Unidad de Servicios Bibliotecarios y de Informaci\u00f3n (USBI), la vicerrectora Liliana Cuervo L\u00f3pez les felicit\u00f3 y exhort\u00f3 a continuar prepar\u00e1ndose no s\u00f3lo en su carrera, tambi\u00e9n en otras \u00e1reas que ofrece la UV, como idiomas.<\/p>\n<div id=\"attachment_120092\" style=\"width: 732px\" class=\"wp-caption aligncenter\"><img aria-describedby=\"caption-attachment-120092\" decoding=\"async\" loading=\"lazy\" class=\"size-full wp-image-120092\" src=\"https:\/\/www.uv.mx\/prensa\/files\/2022\/08\/PR-2-Contaduria-Graduacion-100k.jpg\" alt=\"Autoridades universitarias con la generaci\u00f3n 2018-2022\" width=\"722\" height=\"288\" srcset=\"https:\/\/www.uv.mx\/prensa\/files\/2022\/08\/PR-2-Contaduria-Graduacion-100k.jpg 722w, https:\/\/www.uv.mx\/prensa\/files\/2022\/08\/PR-2-Contaduria-Graduacion-100k-300x120.jpg 300w\" sizes=\"(max-width: 722px) 100vw, 722px\" \/><p id=\"caption-attachment-120092\" class=\"wp-caption-text\">Autoridades universitarias con la generaci\u00f3n 2018-2022<\/p><\/div>\n<p>&nbsp;<\/p>\n<p class=\"p3\">En tanto, la directora general del SEA, M\u00f3nica Victoria Ruiz Balc\u00e1zar, felicit\u00f3 a la comunidad egresa por haber concluido sus estudios profesionales de la mano de sus maestros y familiares.<\/p>\n<p class=\"p3\">En el acto estuvieron presentes: los secretarios regionales Acad\u00e9mico y de Administraci\u00f3n y Finanzas, C\u00e9sar Enrique Mart\u00ednez S\u00e1nchez y Rosa Aid\u00e9 Villalobos Betancourt, respectivamente; la secretaria T\u00e9cnica y la coordinadora regional del SEA, Anah\u00ed Adelita Hern\u00e1ndez Salas y la Graciela Infante Rivera, en ese orden.<\/p>\n<div id=\"attachment_120093\" style=\"width: 732px\" class=\"wp-caption aligncenter\"><img aria-describedby=\"caption-attachment-120093\" decoding=\"async\" loading=\"lazy\" class=\"size-full wp-image-120093\" src=\"https:\/\/www.uv.mx\/prensa\/files\/2022\/08\/PR-3-Contaduria-Graduacion-100k.jpg\" alt=\"Autoridades universitarias presidieron la ceremonia de graduaci\u00f3n\" width=\"722\" height=\"382\" srcset=\"https:\/\/www.uv.mx\/prensa\/files\/2022\/08\/PR-3-Contaduria-Graduacion-100k.jpg 722w, https:\/\/www.uv.mx\/prensa\/files\/2022\/08\/PR-3-Contaduria-Graduacion-100k-300x159.jpg 300w\" sizes=\"(max-width: 722px) 100vw, 722px\" \/><p id=\"caption-attachment-120093\" class=\"wp-caption-text\">Autoridades universitarias presidieron la ceremonia de graduaci\u00f3n<\/p><\/div>\n","protected":false},"excerpt":{"rendered":"<p>Integrantes de la generaci\u00f3n 2018-2022 recibieron los documentos que avalan su formaci\u00f3n profesional en la Universidad Veracruzana<\/p>\n","protected":false},"author":1775,"featured_media":120091,"comment_status":"closed","ping_status":"closed","sticky":false,"template":"","format":"standard","meta":[],"categories":[54,32],"tags":[559,1463,8440,111,710,572,279],"_links":{"self":[{"href":"https:\/\/www.uv.mx\/prensa\/wp-json\/wp\/v2\/posts\/120090"}],"collection":[{"href":"https:\/\/www.uv.mx\/prensa\/wp-json\/wp\/v2\/posts"}],"about":[{"href":"https:\/\/www.uv.mx\/prensa\/wp-json\/wp\/v2\/types\/post"}],"author":[{"embeddable":true,"href":"https:\/\/www.uv.mx\/prensa\/wp-json\/wp\/v2\/users\/1775"}],"replies":[{"embeddable":true,"href":"https:\/\/www.uv.mx\/prensa\/wp-json\/wp\/v2\/comments?post=120090"}],"version-history":[{"count":1,"href":"https:\/\/www.uv.mx\/prensa\/wp-json\/wp\/v2\/posts\/120090\/revisions"}],"predecessor-version":[{"id":120134,"href":"https:\/\/www.uv.mx\/prensa\/wp-json\/wp\/v2\/posts\/120090\/revisions\/120134"}],"wp:featuredmedia":[{"embeddable":true,"href":"https:\/\/www.uv.mx\/prensa\/wp-json\/wp\/v2\/media\/120091"}],"wp:attachment":[{"href":"https:\/\/www.uv.mx\/prensa\/wp-json\/wp\/v2\/media?parent=120090"}],"wp:term":[{"taxonomy":"category","embeddable":true,"href":"https:\/\/www.uv.mx\/prensa\/wp-json\/wp\/v2\/categories?post=120090"},{"taxonomy":"post_tag","embeddable":true,"href":"https:\/\/www.uv.mx\/prensa\/wp-json\/wp\/v2\/tags?post=120090"}],"curies":[{"name":"wp","href":"https:\/\/api.w.org\/{rel}","templated":true}]}}