{"id":120098,"date":"2022-08-30T10:34:09","date_gmt":"2022-08-30T15:34:09","guid":{"rendered":"https:\/\/www.uv.mx\/prensa\/?p=120098"},"modified":"2022-08-30T14:06:17","modified_gmt":"2022-08-30T19:06:17","slug":"uv-fue-sede-virtual-de-encuentro-nacional-de-computacion","status":"publish","type":"post","link":"https:\/\/www.uv.mx\/prensa\/eventos\/uv-fue-sede-virtual-de-encuentro-nacional-de-computacion\/","title":{"rendered":"UV fue sede virtual de Encuentro Nacional de Computaci\u00f3n"},"content":{"rendered":"<ul class=\"ul1\">\n<li class=\"li1\"><i>Expertos internacionales impartieron conferencias magistrales, talleres, tutoriales y paneles con temas de vanguardia relacionados con la ciencia de la computaci\u00f3n<\/i><\/li>\n<\/ul>\n<p>&nbsp;<\/p>\n<div id=\"attachment_120099\" style=\"width: 732px\" class=\"wp-caption aligncenter\"><img aria-describedby=\"caption-attachment-120099\" decoding=\"async\" loading=\"lazy\" class=\"size-full wp-image-120099\" src=\"https:\/\/www.uv.mx\/prensa\/files\/2022\/08\/29082022-Couttolenc-Entrevista-Efre\u0301n-Mezura-1-100k.jpg\" alt=\"Efr\u00e9n Mezura Montes, acad\u00e9mico del IIIA, dio a conocer que la UV fue sede virtual del Encuentro Nacional de Computaci\u00f3n 2022\" width=\"722\" height=\"407\" srcset=\"https:\/\/www.uv.mx\/prensa\/files\/2022\/08\/29082022-Couttolenc-Entrevista-Efre\u0301n-Mezura-1-100k.jpg 722w, https:\/\/www.uv.mx\/prensa\/files\/2022\/08\/29082022-Couttolenc-Entrevista-Efre\u0301n-Mezura-1-100k-300x169.jpg 300w\" sizes=\"(max-width: 722px) 100vw, 722px\" \/><p id=\"caption-attachment-120099\" class=\"wp-caption-text\">Efr\u00e9n Mezura Montes, acad\u00e9mico del IIIA, dio a conocer que la UV fue sede virtual del Encuentro Nacional de Computaci\u00f3n 2022<\/p><\/div>\n<p>&nbsp;<\/p>\n<p class=\"p1\"><b><i>Jos\u00e9 Luis Couttolenc Soto<\/i><\/b><\/p>\n<p class=\"p1\"><b><i>Foto: C\u00e9sar Pisil Ramos y cortes\u00eda Efr\u00e9n Mezura Montes<\/i><\/b><\/p>\n<p class=\"p1\"><b><i>30\/08\/2022, Xalapa, Ver.- <\/i><\/b>La <a href=\"https:\/\/www.uv.mx\/\" target=\"_blank\" rel=\"noopener\">Universidad Veracruzana<\/a> (UV) fue sede virtual de la 19 edici\u00f3n del Encuentro Nacional de Computaci\u00f3n 2022, que del 24 al 26 de agosto permiti\u00f3 que nuevas generaciones de estudiantes conocieran, a trav\u00e9s de expertos, los avances tecnol\u00f3gicos en los dispositivos de comunicaci\u00f3n y computaci\u00f3n, as\u00ed como problem\u00e1ticas que enfrentan.<\/p>\n<p class=\"p1\">Efr\u00e9n Mezura Montes, acad\u00e9mico del Instituto de Investigaciones en Inteligencia Artificial (IIIA), dio a conocer lo anterior y se\u00f1al\u00f3 que la organizaci\u00f3n del evento estuvo a cargo del propio instituto y del Cuerpo Acad\u00e9mico (CA) Investigaci\u00f3n y Aplicaciones de la Inteligencia Artificial; adem\u00e1s, se cont\u00f3 con el apoyo del Instituto de Ingenieros El\u00e9ctricos y Electr\u00f3nicos (IEEE, por sus siglas en ingl\u00e9s).<\/p>\n<p class=\"p1\">Durante tres d\u00edas, expertos con reconocimiento internacional ofrecieron tres conferencias magistrales, impartieron ocho talleres, 12 tutoriales y tres paneles, con temas de vanguardia relacionados con la ciencia de la computaci\u00f3n.<\/p>\n<p class=\"p1\">El investigador de la UV precis\u00f3 que se habl\u00f3 de la \u00e9tica en Inteligencia Artificial (IA), que consider\u00f3 como un tema importante por las aplicaciones que van en aumento en este tipo de tecnolog\u00eda; se abord\u00f3 tambi\u00e9n c\u00f3mo modelar cuestiones sociales utilizando IA; se habl\u00f3 de emprendimiento, tema importante para los estudiantes pues tuvieron la oportunidad de informarse sobre c\u00f3mo generar empresas de base tecnol\u00f3gica.<\/p>\n<div id=\"attachment_120102\" style=\"width: 732px\" class=\"wp-caption aligncenter\"><img aria-describedby=\"caption-attachment-120102\" decoding=\"async\" loading=\"lazy\" class=\"size-full wp-image-120102\" src=\"https:\/\/www.uv.mx\/prensa\/files\/2022\/08\/29082022-Couttolenc-Entrevista-Efre\u0301n-Mezura-2-ok-100k.jpg\" alt=\"Acad\u00e9micos y estudiantes en formaci\u00f3n conocieron avances tecnol\u00f3gicos en dispositivos de comunicaci\u00f3n y computaci\u00f3n\" width=\"722\" height=\"271\" srcset=\"https:\/\/www.uv.mx\/prensa\/files\/2022\/08\/29082022-Couttolenc-Entrevista-Efre\u0301n-Mezura-2-ok-100k.jpg 722w, https:\/\/www.uv.mx\/prensa\/files\/2022\/08\/29082022-Couttolenc-Entrevista-Efre\u0301n-Mezura-2-ok-100k-300x113.jpg 300w\" sizes=\"(max-width: 722px) 100vw, 722px\" \/><p id=\"caption-attachment-120102\" class=\"wp-caption-text\">Acad\u00e9micos y estudiantes en formaci\u00f3n conocieron avances tecnol\u00f3gicos en dispositivos de comunicaci\u00f3n y computaci\u00f3n<\/p><\/div>\n<p class=\"p1\">En cuanto a los <a href=\"http:\/\/computo.fismat.umich.mx\/enc2022\/index.php\/panel\"><span class=\"s1\">paneles<\/span><\/a>, Mezura Montes detall\u00f3 que versaron sobre el impacto de la ingenier\u00eda de <i>software <\/i>en la sociedad, interfaz humano-computadora en la sociedad y ciberseguridad, ofreciendo un panorama actual para los participantes.<\/p>\n<p class=\"p1\">Dentro de los tutoriales se tocaron temas de igual importancia como: educaci\u00f3n; medicina y su impacto con la computaci\u00f3n; inteligencia artificial; <i>software<\/i>; seguridad; temas geoespaciales y ambientes inteligentes.<\/p>\n<p class=\"p1\">El acad\u00e9mico consider\u00f3 que el Encuentro Nacional de Computaci\u00f3n permiti\u00f3, adem\u00e1s de enriquecer conocimientos de los estudiantes, que la comunidad acad\u00e9mica se reuniera (virtualmente) para abordar temas de inter\u00e9s actual y su problem\u00e1tica, \u201cpuesto que se depende cada vez m\u00e1s de la computaci\u00f3n en general y se requieren elementos s\u00f3lidos que permitan confiar en este tipo de sistemas\u201d.<\/p>\n<p class=\"p3\">Por \u00faltimo, apunt\u00f3 que la contribuci\u00f3n m\u00e1s importante del evento \u201cfue establecer los temas de inter\u00e9s, y lo que viene como unidad acad\u00e9mica de computaci\u00f3n en M\u00e9xico\u201d.<\/p>\n<div id=\"attachment_120103\" style=\"width: 732px\" class=\"wp-caption aligncenter\"><img aria-describedby=\"caption-attachment-120103\" decoding=\"async\" loading=\"lazy\" class=\"size-full wp-image-120103\" src=\"https:\/\/www.uv.mx\/prensa\/files\/2022\/08\/29082022-Couttolenc-Entrevista-Efre\u0301n-Mezura-3-ok-100k.jpg\" alt=\"Edgar Du\u00e9\u00f1ez-Guzm\u00e1n habl\u00f3 sobre fen\u00f3menos sociales por medio de la inteligencia artificial\" width=\"722\" height=\"399\" srcset=\"https:\/\/www.uv.mx\/prensa\/files\/2022\/08\/29082022-Couttolenc-Entrevista-Efre\u0301n-Mezura-3-ok-100k.jpg 722w, https:\/\/www.uv.mx\/prensa\/files\/2022\/08\/29082022-Couttolenc-Entrevista-Efre\u0301n-Mezura-3-ok-100k-300x166.jpg 300w\" sizes=\"(max-width: 722px) 100vw, 722px\" \/><p id=\"caption-attachment-120103\" class=\"wp-caption-text\">Edgar Du\u00e9\u00f1ez-Guzm\u00e1n habl\u00f3 sobre fen\u00f3menos sociales por medio de la inteligencia artificial<\/p><\/div>\n","protected":false},"excerpt":{"rendered":"<p>Permiti\u00f3 que nuevas generaciones de estudiantes conocieran, a trav\u00e9s de expertos, los avances tecnol\u00f3gicos y retos en la materia<\/p>\n","protected":false},"author":1775,"featured_media":120099,"comment_status":"closed","ping_status":"closed","sticky":false,"template":"","format":"standard","meta":[],"categories":[47],"tags":[750,6263,5065,7920,6092,3426,3425,4162],"_links":{"self":[{"href":"https:\/\/www.uv.mx\/prensa\/wp-json\/wp\/v2\/posts\/120098"}],"collection":[{"href":"https:\/\/www.uv.mx\/prensa\/wp-json\/wp\/v2\/posts"}],"about":[{"href":"https:\/\/www.uv.mx\/prensa\/wp-json\/wp\/v2\/types\/post"}],"author":[{"embeddable":true,"href":"https:\/\/www.uv.mx\/prensa\/wp-json\/wp\/v2\/users\/1775"}],"replies":[{"embeddable":true,"href":"https:\/\/www.uv.mx\/prensa\/wp-json\/wp\/v2\/comments?post=120098"}],"version-history":[{"count":1,"href":"https:\/\/www.uv.mx\/prensa\/wp-json\/wp\/v2\/posts\/120098\/revisions"}],"predecessor-version":[{"id":120135,"href":"https:\/\/www.uv.mx\/prensa\/wp-json\/wp\/v2\/posts\/120098\/revisions\/120135"}],"wp:featuredmedia":[{"embeddable":true,"href":"https:\/\/www.uv.mx\/prensa\/wp-json\/wp\/v2\/media\/120099"}],"wp:attachment":[{"href":"https:\/\/www.uv.mx\/prensa\/wp-json\/wp\/v2\/media?parent=120098"}],"wp:term":[{"taxonomy":"category","embeddable":true,"href":"https:\/\/www.uv.mx\/prensa\/wp-json\/wp\/v2\/categories?post=120098"},{"taxonomy":"post_tag","embeddable":true,"href":"https:\/\/www.uv.mx\/prensa\/wp-json\/wp\/v2\/tags?post=120098"}],"curies":[{"name":"wp","href":"https:\/\/api.w.org\/{rel}","templated":true}]}}