{"id":120260,"date":"2022-09-01T16:46:35","date_gmt":"2022-09-01T21:46:35","guid":{"rendered":"https:\/\/www.uv.mx\/prensa\/?p=120260"},"modified":"2022-09-07T11:20:36","modified_gmt":"2022-09-07T16:20:36","slug":"uv-y-gobierno-estatal-fortalecen-programa-de-practicas-profesionales","status":"publish","type":"post","link":"https:\/\/www.uv.mx\/prensa\/general\/uv-y-gobierno-estatal-fortalecen-programa-de-practicas-profesionales\/","title":{"rendered":"UV y Gobierno estatal fortalecen Programa de pr\u00e1cticas profesionales\u00a0"},"content":{"rendered":"<p>&nbsp;<\/p>\n<ul>\n<li data-leveltext=\"\uf0b7\" data-font=\"Symbol\" data-listid=\"1\" data-list-defn-props=\"{&quot;335552541&quot;:1,&quot;335559684&quot;:-2,&quot;335559685&quot;:720,&quot;335559991&quot;:360,&quot;469769226&quot;:&quot;Symbol&quot;,&quot;469769242&quot;:[8226],&quot;469777803&quot;:&quot;left&quot;,&quot;469777804&quot;:&quot;\uf0b7&quot;,&quot;469777815&quot;:&quot;hybridMultilevel&quot;}\" data-aria-posinset=\"1\" data-aria-level=\"1\"><i><span data-contrast=\"auto\">Entregaron constancias y anunciaron seguimiento al convenio espec\u00edfico de colaboraci\u00f3n entre la <\/span><\/i><span data-contrast=\"auto\">Sefiplan<\/span><i><span data-contrast=\"auto\"> y la Facultad de Contadur\u00eda<\/span><\/i><span data-ccp-props=\"{&quot;201341983&quot;:0,&quot;335559739&quot;:0,&quot;335559740&quot;:240}\">\u00a0<\/span><\/li>\n<\/ul>\n<p><span data-ccp-props=\"{&quot;134233279&quot;:true,&quot;201341983&quot;:0,&quot;335559739&quot;:0,&quot;335559740&quot;:240}\">\u00a0<\/span><\/p>\n<div id=\"attachment_120266\" style=\"width: 732px\" class=\"wp-caption aligncenter\"><a href=\"https:\/\/www.uv.mx\/prensa\/files\/2022\/09\/92022-KARINA-UV-Gobierno-del-Estado-1.jpg\"><img aria-describedby=\"caption-attachment-120266\" decoding=\"async\" loading=\"lazy\" class=\"size-full wp-image-120266\" src=\"https:\/\/www.uv.mx\/prensa\/files\/2022\/09\/92022-KARINA-UV-Gobierno-del-Estado-1.jpg\" alt=\"\" width=\"722\" height=\"456\" srcset=\"https:\/\/www.uv.mx\/prensa\/files\/2022\/09\/92022-KARINA-UV-Gobierno-del-Estado-1.jpg 722w, https:\/\/www.uv.mx\/prensa\/files\/2022\/09\/92022-KARINA-UV-Gobierno-del-Estado-1-300x189.jpg 300w, https:\/\/www.uv.mx\/prensa\/files\/2022\/09\/92022-KARINA-UV-Gobierno-del-Estado-1-200x125.jpg 200w\" sizes=\"(max-width: 722px) 100vw, 722px\" \/><\/a><p id=\"caption-attachment-120266\" class=\"wp-caption-text\">Este acto se desarroll\u00f3 en la Sala de Banderas del Palacio de Gobierno<\/p><\/div>\n<p><span data-ccp-props=\"{&quot;134233279&quot;:true,&quot;201341983&quot;:0,&quot;335559739&quot;:0,&quot;335559740&quot;:240}\">\u00a0<\/span><\/p>\n<p><b><i><span data-contrast=\"auto\">Karina de la Paz Reyes D\u00edaz<\/span><\/i><\/b><span data-ccp-props=\"{&quot;134233279&quot;:true,&quot;201341983&quot;:0,&quot;335559739&quot;:0,&quot;335559740&quot;:240}\">\u00a0<\/span><\/p>\n<p><strong><em>Fotos: Luis Fernando Fern\u00e1ndez Carrillo<\/em><\/strong><\/p>\n<p><b><i><span data-contrast=\"auto\">01\/09\/2022, Xalapa, Ver.- <\/span><\/i><\/b><span data-contrast=\"auto\">El Gobierno del Estado ratific\u00f3 su vinculaci\u00f3n con la <a href=\"https:\/\/www.uv.mx\/\">Universidad Veracruzana<\/a> (UV) para favorecer la formaci\u00f3n profesional del estudiantado, con una capacitaci\u00f3n que reciben alumnos y egresados de la Facultad de Contadur\u00eda al realizar sus pr\u00e1cticas profesionales en la Secretar\u00eda de Finanzas y Planeaci\u00f3n (<\/span><i><span data-contrast=\"auto\">Sefiplan<\/span><\/i><span data-contrast=\"auto\">).<\/span><span data-ccp-props=\"{&quot;134233279&quot;:true,&quot;201341983&quot;:0,&quot;335559739&quot;:0,&quot;335559740&quot;:240}\">\u00a0<\/span><\/p>\n<p><span data-contrast=\"auto\">Este mi\u00e9rcoles 1 de septiembre, en la Sala de Banderas del Palacio de Gobierno, el rector Mart\u00edn Aguilar S\u00e1nchez y el gobernador Cuitl\u00e1huac Garc\u00eda Jim\u00e9nez encabezaron la ceremonia de entrega de constancias y seguimiento al convenio espec\u00edfico de colaboraci\u00f3n entre la <\/span><i><span data-contrast=\"auto\">Sefiplan<\/span><\/i><span data-contrast=\"auto\"> y la UV.<\/span><span data-ccp-props=\"{&quot;134233279&quot;:true,&quot;201341983&quot;:0,&quot;335559731&quot;:708,&quot;335559739&quot;:0,&quot;335559740&quot;:240}\">\u00a0<\/span><\/p>\n<p><span data-contrast=\"auto\">Este convenio, como ya se cit\u00f3, permite a estudiantes y egresados de Contadur\u00eda realizar sus pr\u00e1cticas profesionales, incluso que sean considerados laboralmente por la dependencia gubernamental.<\/span><span data-ccp-props=\"{&quot;134233279&quot;:true,&quot;201341983&quot;:0,&quot;335559731&quot;:708,&quot;335559739&quot;:0,&quot;335559740&quot;:240}\">\u00a0<\/span><\/p>\n<p><span data-contrast=\"auto\">Como parte de su discurso, el Rector de la UV remarc\u00f3 que para fortalecer y enriquecer el programa de pr\u00e1cticas profesionales de la instituci\u00f3n es de vital importancia tejer alianzas y v\u00ednculos con instancias gubernamentales, empresas, ayuntamientos y organizaciones de la sociedad civil.<\/span><span data-ccp-props=\"{&quot;134233279&quot;:true,&quot;201341983&quot;:0,&quot;335559731&quot;:708,&quot;335559739&quot;:0,&quot;335559740&quot;:240}\">\u00a0<\/span><\/p>\n<p><span data-contrast=\"auto\">Por ello, \u201cel Gobierno del Estado de Veracruz, que encabeza el ingeniero Cuitl\u00e1huac Garc\u00eda Jim\u00e9nez, es a este respecto uno de los principales interlocutores para la Universidad Veracruzana, puesto que las distintas oficinas gubernamentales del Estado se han convertido en un primer espacio donde nuestras y nuestros estudiantes ejercitan los efectos de sus aprendizajes, experimentan las singularidades de un entorno laboral y vislumbran los dilemas que entra\u00f1an la profesionalizaci\u00f3n.\u201d<\/span><span data-ccp-props=\"{&quot;134233279&quot;:true,&quot;201341983&quot;:0,&quot;335559731&quot;:708,&quot;335559739&quot;:0,&quot;335559740&quot;:240}\">\u00a0<\/span><\/p>\n<p>&nbsp;<\/p>\n<div id=\"attachment_120265\" style=\"width: 732px\" class=\"wp-caption aligncenter\"><a href=\"https:\/\/www.uv.mx\/prensa\/files\/2022\/09\/92022-KARINA-UV-Gobierno-del-Estado-2.jpg\"><img aria-describedby=\"caption-attachment-120265\" decoding=\"async\" loading=\"lazy\" class=\"size-full wp-image-120265\" src=\"https:\/\/www.uv.mx\/prensa\/files\/2022\/09\/92022-KARINA-UV-Gobierno-del-Estado-2.jpg\" alt=\"\" width=\"722\" height=\"482\" srcset=\"https:\/\/www.uv.mx\/prensa\/files\/2022\/09\/92022-KARINA-UV-Gobierno-del-Estado-2.jpg 722w, https:\/\/www.uv.mx\/prensa\/files\/2022\/09\/92022-KARINA-UV-Gobierno-del-Estado-2-300x200.jpg 300w\" sizes=\"(max-width: 722px) 100vw, 722px\" \/><\/a><p id=\"caption-attachment-120265\" class=\"wp-caption-text\">La UV es una instituci\u00f3n \u201cp\u00fablica, aut\u00f3noma y que est\u00e1 al frente del desarrollo universitario en el estado\u201d, dijo el Gobernador de Veracruz<\/p><\/div>\n<p>&nbsp;<\/p>\n<p><span data-contrast=\"auto\">Tambi\u00e9n reconoci\u00f3 a la <\/span><i><span data-contrast=\"auto\">Sefiplan<\/span><\/i><span data-contrast=\"auto\"> por su apertura y receptividad; es m\u00e1s, dijo que se ha convertido en un \u201cfoco de aprendizajes\u201d para muchos estudiantes del \u00c1rea Acad\u00e9mica Econ\u00f3mico-Administrativa de la UV.<\/span><span data-ccp-props=\"{&quot;134233279&quot;:true,&quot;201341983&quot;:0,&quot;335559731&quot;:708,&quot;335559739&quot;:0,&quot;335559740&quot;:240}\">\u00a0<\/span><\/p>\n<p><span data-contrast=\"auto\">En su intervenci\u00f3n, Cuitl\u00e1huac Garc\u00eda remarc\u00f3 que es frecuente hablar de vinculaci\u00f3n entre las instituciones de educaci\u00f3n y las entidades p\u00fablicas, de ah\u00ed que para \u00e9l y el gobierno a su cargo sea motivo de orgullo cumplir con los acuerdos que en ese sentido han signado con la UV, una instituci\u00f3n \u201cp\u00fablica, aut\u00f3noma y que est\u00e1 al frente del desarrollo universitario en el estado\u201d.<\/span><span data-ccp-props=\"{&quot;134233279&quot;:true,&quot;201341983&quot;:0,&quot;335559731&quot;:708,&quot;335559739&quot;:0,&quot;335559740&quot;:240}\">\u00a0<\/span><\/p>\n<p><span data-contrast=\"auto\">Igualmente, subray\u00f3 que su administraci\u00f3n busca que la funci\u00f3n p\u00fablica tenga varias caracter\u00edsticas, principalmente: honestidad y profesionalizaci<\/span><span data-contrast=\"auto\">\u00f3n con una actitud de servicio.<\/span><span data-ccp-props=\"{&quot;134233279&quot;:true,&quot;201341983&quot;:0,&quot;335559731&quot;:708,&quot;335559739&quot;:0,&quot;335559740&quot;:240}\">\u00a0<\/span><\/p>\n<p><span data-contrast=\"auto\">\u201cNo solamente es la superaci\u00f3n acad\u00e9mica, la obtenci\u00f3n del t\u00edtulo y despu\u00e9s presumirlo; eso queda en un segundo plano. El primero, lo m\u00e1s importante que espera la sociedad es un buen servidor p\u00fablico \u2013lo mismo sucede en el sector privado\u2013.<\/span><span data-ccp-props=\"{&quot;134233279&quot;:true,&quot;201341983&quot;:0,&quot;335559731&quot;:708,&quot;335559739&quot;:0,&quot;335559740&quot;:240}\">\u00a0<\/span><\/p>\n<p><span data-contrast=\"auto\">\u201dLos profesionistas que egresan de una instituci\u00f3n p\u00fablica como la Universidad Veracruzana tienen que llevar ese sello tambi\u00e9n: una actitud de compartir a los dem\u00e1s el conocimiento que adquirimos en nuestras escuelas, mejorar nuestra sociedad.\u201d<\/span><span data-ccp-props=\"{&quot;134233279&quot;:true,&quot;201341983&quot;:0,&quot;335559731&quot;:708,&quot;335559739&quot;:0,&quot;335559740&quot;:240}\">\u00a0<\/span><\/p>\n<p><span data-contrast=\"auto\">Por su parte, el titular de <\/span><i><span data-contrast=\"auto\">Sefiplan<\/span><\/i><span data-contrast=\"auto\">, Jos\u00e9 Luis Lima Franco, felicit\u00f3 a quienes decidieron incorporarse a esta \u201calternativa novedosa de capacitaci\u00f3n te\u00f3rica y pr\u00e1ctica, necesaria para el aprovechamiento humano y profesional\u201d.<\/span><span data-ccp-props=\"{&quot;134233279&quot;:true,&quot;201341983&quot;:0,&quot;335559731&quot;:708,&quot;335559739&quot;:0,&quot;335559740&quot;:240}\">\u00a0<\/span><\/p>\n<p>&nbsp;<\/p>\n<div id=\"attachment_120264\" style=\"width: 732px\" class=\"wp-caption aligncenter\"><a href=\"https:\/\/www.uv.mx\/prensa\/files\/2022\/09\/92022-KARINA-UV-Gobierno-del-Estado-3.jpg\"><img aria-describedby=\"caption-attachment-120264\" decoding=\"async\" loading=\"lazy\" class=\"size-full wp-image-120264\" src=\"https:\/\/www.uv.mx\/prensa\/files\/2022\/09\/92022-KARINA-UV-Gobierno-del-Estado-3.jpg\" alt=\"\" width=\"722\" height=\"482\" srcset=\"https:\/\/www.uv.mx\/prensa\/files\/2022\/09\/92022-KARINA-UV-Gobierno-del-Estado-3.jpg 722w, https:\/\/www.uv.mx\/prensa\/files\/2022\/09\/92022-KARINA-UV-Gobierno-del-Estado-3-300x200.jpg 300w\" sizes=\"(max-width: 722px) 100vw, 722px\" \/><\/a><p id=\"caption-attachment-120264\" class=\"wp-caption-text\">El Rector de la UV agradeci\u00f3 al Gobernador de Veracruz \u201cla proximidad y cercan\u00eda mostrada con la Universidad\u201d<\/p><\/div>\n<p>&nbsp;<\/p>\n<p><span data-contrast=\"auto\">Coment\u00f3 satisfecho que el estudiantado se desempe\u00f1\u00f3 y cumpli\u00f3 con \u201cresponsabilidad y disposici\u00f3n\u201d en el \u00e1rea de la Subsecretar\u00eda de Ingresos, a cargo de Ana Patricia Pozos Garc\u00eda.<\/span><span data-ccp-props=\"{&quot;134233279&quot;:true,&quot;201341983&quot;:0,&quot;335559731&quot;:708,&quot;335559739&quot;:0,&quot;335559740&quot;:240}\">\u00a0<\/span><\/p>\n<p><span data-contrast=\"auto\">Igualmente, dijo que vincular la educaci\u00f3n superior con la administraci\u00f3n p\u00fablica es una ecuaci\u00f3n saludable, donde teor\u00eda y pr\u00e1ctica pueden conjuntarse para generar experiencias ben\u00e9ficas tanto en el plano institucional y m\u00e1s all\u00e1, en el \u00e1mbito social.<\/span><span data-ccp-props=\"{&quot;134233279&quot;:true,&quot;201341983&quot;:0,&quot;335559731&quot;:708,&quot;335559739&quot;:0,&quot;335559740&quot;:240}\">\u00a0<\/span><\/p>\n<p><span data-contrast=\"auto\">\u201cNosotros no s\u00f3lo queremos reconocer, sino tambi\u00e9n agradecer a los estudiantes de Contadur\u00eda de la m\u00e1xima casa de estudios, su compromiso, decisi\u00f3n y esfuerzo realizado en la Secretar\u00eda de Finanzas y Planeaci\u00f3n del Poder Ejecutivo del Estado, con este acto solemne de entrega de constancias.\u201d<\/span><span data-ccp-props=\"{&quot;134233279&quot;:true,&quot;201341983&quot;:0,&quot;335559731&quot;:708,&quot;335559739&quot;:0,&quot;335559740&quot;:240}\">\u00a0<\/span><\/p>\n<p><span data-contrast=\"auto\">Lima Franco se congratul\u00f3 en anunciar el inicio del segundo ejercicio de vinculaci\u00f3n acad\u00e9mica y profesional entre ambas instituciones p\u00fablicas.<\/span><span data-ccp-props=\"{&quot;134233279&quot;:true,&quot;201341983&quot;:0,&quot;335559739&quot;:0,&quot;335559740&quot;:240}\">\u00a0<\/span><\/p>\n<p><span data-contrast=\"auto\">Los tres funcionarios felicitaron con entusiasmo a los 12 estudiantes que concluyeron sus pr\u00e1cticas profesionales en la <\/span><i><span data-contrast=\"auto\">Sefiplan<\/span><\/i><span data-contrast=\"auto\"> y desearon <\/span><span data-contrast=\"auto\">\u00e9xito a la generaci\u00f3n venidera \u2013que<\/span><span data-contrast=\"auto\"> est\u00e1 conformada por ocho\u2013.<\/span><span data-ccp-props=\"{&quot;134233279&quot;:true,&quot;201341983&quot;:0,&quot;335559731&quot;:708,&quot;335559739&quot;:0,&quot;335559740&quot;:240}\">\u00a0<\/span><\/p>\n<p><span data-contrast=\"auto\">Recibieron constancia: Jes\u00fas Aldair Fragoso Hern\u00e1ndez, Elena Karime Barradas L\u00f3pez, Brenda Susana Barranca Viveros, \u00c9dgar Osvaldo L\u00f3pez Mora, Pablo Mixtega Taxilaga, Ana Paola Ortiz P\u00e9rez, Luis Alejandro Cuevas Padilla, Juan Pedro Bueno M\u00e1vil, Yacaranday Landa Osorio, Erick Giovanni Mendoza Hinojosa, Mar\u00eda Guadalupe Aguilar Garc\u00eda y Brando Uriel de la O Ram\u00edrez.<\/span><span data-ccp-props=\"{&quot;134233279&quot;:true,&quot;201341983&quot;:0,&quot;335559731&quot;:708,&quot;335559739&quot;:0,&quot;335559740&quot;:240}\">\u00a0<\/span><\/p>\n<p><span data-contrast=\"auto\">En el pres\u00eddium de esta ceremonia estuvo presente el director de la Facultad de Contadur\u00eda y Administraci\u00f3n de la UV, Jer\u00f3nimo Ric\u00e1rdez Jim\u00e9nez, as\u00ed como los estudiantes Elena Karime Barradas y Jes\u00fas Aldair Fragoso.<\/span><span data-ccp-props=\"{&quot;134233279&quot;:true,&quot;201341983&quot;:0,&quot;335559731&quot;:708,&quot;335559739&quot;:0,&quot;335559740&quot;:240}\">\u00a0<\/span><\/p>\n<p><span data-ccp-props=\"{&quot;134233279&quot;:true,&quot;201341983&quot;:0,&quot;335559739&quot;:0,&quot;335559740&quot;:240}\">\u00a0<\/span><\/p>\n<div id=\"attachment_120263\" style=\"width: 732px\" class=\"wp-caption aligncenter\"><a href=\"https:\/\/www.uv.mx\/prensa\/files\/2022\/09\/92022-KARINA-UV-Gobierno-del-Estado-4.jpg\"><img aria-describedby=\"caption-attachment-120263\" decoding=\"async\" loading=\"lazy\" class=\"size-full wp-image-120263\" src=\"https:\/\/www.uv.mx\/prensa\/files\/2022\/09\/92022-KARINA-UV-Gobierno-del-Estado-4.jpg\" alt=\"\" width=\"722\" height=\"482\" srcset=\"https:\/\/www.uv.mx\/prensa\/files\/2022\/09\/92022-KARINA-UV-Gobierno-del-Estado-4.jpg 722w, https:\/\/www.uv.mx\/prensa\/files\/2022\/09\/92022-KARINA-UV-Gobierno-del-Estado-4-300x200.jpg 300w\" sizes=\"(max-width: 722px) 100vw, 722px\" \/><\/a><p id=\"caption-attachment-120263\" class=\"wp-caption-text\">Vincular la educaci\u00f3n superior con la administraci\u00f3n p\u00fablica es una ecuaci\u00f3n saludable, dijo el titular de la <em>Sefiplan<\/em>, Jos\u00e9 Luis Lima Franco<\/p><\/div>\n","protected":false},"excerpt":{"rendered":"<p>Como parte de un convenio espec\u00edfico de colaboraci\u00f3n, estudiantes y egresados del programa educativo de Contadur\u00eda realizan pr\u00e1cticas profesionales en la Secretar\u00eda de Finanzas y Planeaci\u00f3n (Sefiplan).\u00a0<\/p>\n","protected":false},"author":1869,"featured_media":120262,"comment_status":"closed","ping_status":"closed","sticky":false,"template":"","format":"standard","meta":[],"categories":[1,61],"tags":[],"_links":{"self":[{"href":"https:\/\/www.uv.mx\/prensa\/wp-json\/wp\/v2\/posts\/120260"}],"collection":[{"href":"https:\/\/www.uv.mx\/prensa\/wp-json\/wp\/v2\/posts"}],"about":[{"href":"https:\/\/www.uv.mx\/prensa\/wp-json\/wp\/v2\/types\/post"}],"author":[{"embeddable":true,"href":"https:\/\/www.uv.mx\/prensa\/wp-json\/wp\/v2\/users\/1869"}],"replies":[{"embeddable":true,"href":"https:\/\/www.uv.mx\/prensa\/wp-json\/wp\/v2\/comments?post=120260"}],"version-history":[{"count":1,"href":"https:\/\/www.uv.mx\/prensa\/wp-json\/wp\/v2\/posts\/120260\/revisions"}],"predecessor-version":[{"id":120753,"href":"https:\/\/www.uv.mx\/prensa\/wp-json\/wp\/v2\/posts\/120260\/revisions\/120753"}],"wp:featuredmedia":[{"embeddable":true,"href":"https:\/\/www.uv.mx\/prensa\/wp-json\/wp\/v2\/media\/120262"}],"wp:attachment":[{"href":"https:\/\/www.uv.mx\/prensa\/wp-json\/wp\/v2\/media?parent=120260"}],"wp:term":[{"taxonomy":"category","embeddable":true,"href":"https:\/\/www.uv.mx\/prensa\/wp-json\/wp\/v2\/categories?post=120260"},{"taxonomy":"post_tag","embeddable":true,"href":"https:\/\/www.uv.mx\/prensa\/wp-json\/wp\/v2\/tags?post=120260"}],"curies":[{"name":"wp","href":"https:\/\/api.w.org\/{rel}","templated":true}]}}