{"id":120356,"date":"2022-09-02T21:21:11","date_gmt":"2022-09-03T02:21:11","guid":{"rendered":"https:\/\/www.uv.mx\/prensa\/?p=120356"},"modified":"2022-09-07T11:18:26","modified_gmt":"2022-09-07T16:18:26","slug":"uv-inauguro-la-filu-2022-fiesta-donde-la-lectura-hace-comunidad","status":"publish","type":"post","link":"https:\/\/www.uv.mx\/prensa\/banner\/uv-inauguro-la-filu-2022-fiesta-donde-la-lectura-hace-comunidad\/","title":{"rendered":"UV inaugur\u00f3 la FILU 2022, fiesta donde la lectura hace comunidad"},"content":{"rendered":"<p>&nbsp;<\/p>\n<ul>\n<li><em>Tras m\u00e1s de dos a\u00f1os de pandemia, se desarrolla del 2 al 11 de septiembre en modalidad presencial en Casa del Lago y 11 subsedes<\/em><\/li>\n<li><em>Est\u00e1 dedicada a \u201cTiempos de cambio: movimientos sociales, democracia y pol\u00edticas p\u00fablicas\u201d, con Rep\u00fablica de Chile como pa\u00eds invitado<\/em><\/li>\n<\/ul>\n<p>&nbsp;<\/p>\n<div id=\"attachment_120359\" style=\"width: 732px\" class=\"wp-caption aligncenter\"><a href=\"https:\/\/www.uv.mx\/prensa\/files\/2022\/09\/Foto-1-Inauguracion-FILU22.jpg\"><img aria-describedby=\"caption-attachment-120359\" decoding=\"async\" loading=\"lazy\" class=\"size-full wp-image-120359\" src=\"https:\/\/www.uv.mx\/prensa\/files\/2022\/09\/Foto-1-Inauguracion-FILU22.jpg\" alt=\"\" width=\"722\" height=\"405\" srcset=\"https:\/\/www.uv.mx\/prensa\/files\/2022\/09\/Foto-1-Inauguracion-FILU22.jpg 722w, https:\/\/www.uv.mx\/prensa\/files\/2022\/09\/Foto-1-Inauguracion-FILU22-300x168.jpg 300w\" sizes=\"(max-width: 722px) 100vw, 722px\" \/><\/a><p id=\"caption-attachment-120359\" class=\"wp-caption-text\">El Rector de la UV entreg\u00f3 el Premio \u201cSergio Galindo\u201d al escritor cubano \u00c9dgar S\u00e1nchez Hern\u00e1ndez<\/p><\/div>\n<p>&nbsp;<\/p>\n<p><strong><em>Paola Cort\u00e9s y Karina de la Paz Reyes<\/em><\/strong><\/p>\n<p><strong><em>Fotos: Luis Fernando Fern\u00e1ndez Carrillo\u00a0y C\u00e9sar Pisil Ramos<\/em><\/strong><\/p>\n<p><strong><em>02\/09\/2022, Xalapa, Ver.- <\/em><\/strong>Autoridades de la Universidad Veracruzana (UV) e invitados especiales inauguraron la 27\u00aa edici\u00f3n de la <a href=\"https:\/\/www.orquestasinfonicadexalapa.com\/\" target=\"_blank\" rel=\"noopener\">Feria Internacional del Libro Universitario<\/a> (FILU) este viernes 2 de septiembre, con la entrega del Premio Latinoamericano de Primera Novela \u201cSergio Galindo\u201d 2022 al escritor \u00c9dgar S\u00e1nchez Hern\u00e1ndez, de Cuba, y la Rep\u00fablica de Chile como pa\u00eds invitado.<\/p>\n<p>\u201cNo puedo sino sumarme con entusiasmo y alegr\u00eda a esta cita, entre y con los lectores, que se da bajo el signo de la fiesta, la cultura y las ideas\u201d, enfatiz\u00f3 el rector Mart\u00edn Aguilar S\u00e1nchez en la ceremonia inaugural desarrollada en el Foro \u201cMiguel V\u00e9lez Arceo\u201d de la Casa del Lago y bajo la lluvia habitual de septiembre.<\/p>\n<p>El Rector de la UV celebr\u00f3 que la edici\u00f3n 2022 regrese a su modalidad habitual, que sea Chile el pa\u00eds invitado y que est\u00e9 dedicada a reflexionar en torno a \u201cTiempos de cambio: movimientos sociales, democracia y pol\u00edticas p\u00fablicas\u201d.<\/p>\n<p>Por ello, comparti\u00f3 un apunte autobiogr\u00e1fico: la mayor parte de su vida profesional la ha dedicado a estudiar desde la perspectiva de las ciencias humanas y, en particular desde la sociolog\u00eda, precisamente los movimientos sociales.<\/p>\n<p>Tras una vasta reflexi\u00f3n, lleg\u00f3 al punto de cruce entre \u00e9stos y el mundo literario: \u201cPor a\u00f1adidura, (quienes integran los movimientos sociales), leen, leen mucho, hacen revistas, publican libros, arman editoriales, convocan a la lectura y a la escritura, confabulan en bibliotecas y librer\u00edas, no se someten a un solo libro o canon. Las ciudadan\u00edas que resisten est\u00e1n llenas de lectoras y lectores\u201d.<\/p>\n<p>&nbsp;<\/p>\n<div id=\"attachment_120360\" style=\"width: 732px\" class=\"wp-caption aligncenter\"><a href=\"https:\/\/www.uv.mx\/prensa\/files\/2022\/09\/Foto-2-Inauguracion-FILU22.jpg\"><img aria-describedby=\"caption-attachment-120360\" decoding=\"async\" loading=\"lazy\" class=\"size-full wp-image-120360\" src=\"https:\/\/www.uv.mx\/prensa\/files\/2022\/09\/Foto-2-Inauguracion-FILU22.jpg\" alt=\"\" width=\"722\" height=\"482\" srcset=\"https:\/\/www.uv.mx\/prensa\/files\/2022\/09\/Foto-2-Inauguracion-FILU22.jpg 722w, https:\/\/www.uv.mx\/prensa\/files\/2022\/09\/Foto-2-Inauguracion-FILU22-300x200.jpg 300w\" sizes=\"(max-width: 722px) 100vw, 722px\" \/><\/a><p id=\"caption-attachment-120360\" class=\"wp-caption-text\">Mart\u00edn Aguilar S\u00e1nchez destac\u00f3 a la lectura como una v\u00eda para despertar y afinar nuevas capacidades, sensibilidades y formas de inteligencia<\/p><\/div>\n<p>&nbsp;<\/p>\n<p>A la par, dijo, la UV ha concebido a la lectura como una pr\u00e1ctica que organiza y articula comunidades muy espec\u00edficas, y ha sido la casa de numerosos escritoras y escritores destacados: Sergio Galindo, Juan Vicente Melo, Sergio Pitol, Luis Arturo Ramos, Jos\u00e9 Luis Rivas, Luisa Josefina Hern\u00e1ndez, Selma Ancira y Malva Flores, por mencionar algunos.<\/p>\n<p>Refiri\u00f3 que mientras la FILU, con 27 a\u00f1os de tradici\u00f3n, ha buscado funcionar como una \u201ctierra de nadie\u201d, sin connotaci\u00f3n pol\u00edtica, cultural, acad\u00e9mica ni editorial, pero s\u00ed un espacio de intercambio intelectual.<\/p>\n<p>Para \u00e9l, es importante volver a usar la lectura como una herramienta de interpelaci\u00f3n y v\u00eda para despertar y afinar nuevas capacidades, sensibilidades y formas de inteligencia. \u201cLa FILU nos dar\u00e1 esa oportunidad de saber lo que todas y todos podemos, como lectores\u201d.<\/p>\n<p>En su intervenci\u00f3n para dar la bienvenida, Judith Guadalupe P\u00e1ez Paniagua, coordinadora general de la FILU 2022, habl\u00f3 de la enorme ilusi\u00f3n con que prepararon esta \u201cfiesta de la palabra, el pensamiento, el arte y la cultura\u201d, cuyo cimiento es el deseo de \u201cvolver a casa\u201d, en referencia a la vocaci\u00f3n comunitaria, el encuentro con lo que nos conforma como personas inteligentes, sensibles y \u00e1vidas de libros.<\/p>\n<p>&nbsp;<\/p>\n<div id=\"attachment_120361\" style=\"width: 732px\" class=\"wp-caption aligncenter\"><a href=\"https:\/\/www.uv.mx\/prensa\/files\/2022\/09\/Foto-3-Inauguracion-FILU22.jpg\"><img aria-describedby=\"caption-attachment-120361\" decoding=\"async\" loading=\"lazy\" class=\"size-full wp-image-120361\" src=\"https:\/\/www.uv.mx\/prensa\/files\/2022\/09\/Foto-3-Inauguracion-FILU22.jpg\" alt=\"\" width=\"722\" height=\"482\" srcset=\"https:\/\/www.uv.mx\/prensa\/files\/2022\/09\/Foto-3-Inauguracion-FILU22.jpg 722w, https:\/\/www.uv.mx\/prensa\/files\/2022\/09\/Foto-3-Inauguracion-FILU22-300x200.jpg 300w\" sizes=\"(max-width: 722px) 100vw, 722px\" \/><\/a><p id=\"caption-attachment-120361\" class=\"wp-caption-text\">La FILU inicia en el nonag\u00e9simo sexto aniversario del nacimiento de Sergio Galindo, y concluye en el 78 aniversario de la UV, dijo su Coordinadora<\/p><\/div>\n<p>&nbsp;<\/p>\n<p>Adem\u00e1s, esta feria inicia en el nonag\u00e9simo sexto aniversario del nacimiento del entra\u00f1able escritor Sergio Galindo, y concluye el 11 septiembre, cuando la Universidad celebra su 78 aniversario. \u201cDe tal manera que tenemos mucho que celebrar\u201d.<\/p>\n<p>En esta ceremonia tambi\u00e9n particip\u00f3 Jorge Alejandro Vidal Rodr\u00edguez, encargado de Negocios de la Embajada de la Rep\u00fablica de Chile en M\u00e9xico. Notoriamente emocionado, expres\u00f3 que son muchas las vinculaciones y es amplia la relaci\u00f3n con la UV, y con Xalapa en general, y dio referencias hist\u00f3ricas. \u201cHan acogido a muchos de nuestros grandes\u201d, dijo.<\/p>\n<p>Enseguida, el escritor Jos\u00e9 Adiak Montoya, presidente del jurado del Premio Latinoamericano a Primera Novela \u201cSergio Galindo\u201d 2022, dio lectura al acta y dijo que el fallo fue por unanimidad para \u00c9dgar S\u00e1nchez Hern\u00e1ndez, de Cuba, por la obr<em>a Las lluvias de Estocolmo<\/em>.<\/p>\n<p>\u201cPor su noble solvencia narrativa, que suscribe la obra a una tradici\u00f3n literaria mexicana que abreva lo mejor de la prosa rulfiana y el c\u00e9lebre cl\u00e1sico <em>Pedro P\u00e1ramo<\/em>.\u201d<\/p>\n<p>&nbsp;<\/p>\n<div id=\"attachment_120362\" style=\"width: 732px\" class=\"wp-caption aligncenter\"><a href=\"https:\/\/www.uv.mx\/prensa\/files\/2022\/09\/Foto-4-Inauguracion-FILU22.jpg\"><img aria-describedby=\"caption-attachment-120362\" decoding=\"async\" loading=\"lazy\" class=\"size-full wp-image-120362\" src=\"https:\/\/www.uv.mx\/prensa\/files\/2022\/09\/Foto-4-Inauguracion-FILU22.jpg\" alt=\"\" width=\"722\" height=\"482\" srcset=\"https:\/\/www.uv.mx\/prensa\/files\/2022\/09\/Foto-4-Inauguracion-FILU22.jpg 722w, https:\/\/www.uv.mx\/prensa\/files\/2022\/09\/Foto-4-Inauguracion-FILU22-300x200.jpg 300w\" sizes=\"(max-width: 722px) 100vw, 722px\" \/><\/a><p id=\"caption-attachment-120362\" class=\"wp-caption-text\">Jorge Alejandro Vidal Rodr\u00edguez, representante de la Embajada de la Rep\u00fablica de Chile en M\u00e9xico, habl\u00f3 de los v\u00ednculos que unen a su pa\u00eds con la UV<\/p><\/div>\n<p>&nbsp;<\/p>\n<p>En ese tenor, el Rector de la UV entreg\u00f3 el premio al escritor cubano, el cual consiste en un reconocimiento, un monto econ\u00f3mico y la publicaci\u00f3n de la obra por la Editorial de esta casa de estudios.<\/p>\n<p>En su intervenci\u00f3n, \u00c9dgar S\u00e1nchez se pronunci\u00f3 porque la literatura est\u00e9 comprometida con la realidad. Si bien de esta manera se asumen ciertos riesgos, y cit\u00f3 la agresi\u00f3n a Salman Rushdie en Nueva York, \u201ccreo que es la manera en que podemos salvar este espacio\u201d.<\/p>\n<p>Es m\u00e1s, remarc\u00f3: \u201cVivo convencido de que hoy, la literatura debe ser menos complaciente; debe ser m\u00e1s valiente, sincera y comprometida\u201d.<\/p>\n<p>En el pres\u00eddium estuvieron: Elena Rustri\u00e1n Portilla, Lizbeth Margarita Viveros Cancino y Jaqueline Jongitud Zamora, titulares de las secretar\u00edas Acad\u00e9mica, de Administraci\u00f3n y Finanzas, y de Desarrollo Institucional, en ese orden; Agust\u00edn del Moral Tejeda, director de la Editorial UV; Leticia Mora Perdomo, presidenta en turno de la Junta de Gobierno UV.<\/p>\n<p>Tambi\u00e9n Jos\u00e9 Antonio Guti\u00e9rrez Bonilla, subdirector de Formaci\u00f3n y Desarrollo Art\u00edstico del Instituto Veracruzano de la Cultura, en representaci\u00f3n del gobernador Cuitl\u00e1huac Garc\u00eda Jim\u00e9nez.<\/p>\n<p>As\u00ed como vicerrectores y vicerrectoras, directores generales de \u00e1reas acad\u00e9micas, autoridades municipales y estatales, personalidades del \u00e1mbito literario y del editorial.<\/p>\n<p>&nbsp;<\/p>\n<div id=\"attachment_120363\" style=\"width: 732px\" class=\"wp-caption aligncenter\"><a href=\"https:\/\/www.uv.mx\/prensa\/files\/2022\/09\/Foto-5-Inauguracion-FILU22.jpg\"><img aria-describedby=\"caption-attachment-120363\" decoding=\"async\" loading=\"lazy\" class=\"size-full wp-image-120363\" src=\"https:\/\/www.uv.mx\/prensa\/files\/2022\/09\/Foto-5-Inauguracion-FILU22.jpg\" alt=\"\" width=\"722\" height=\"482\" srcset=\"https:\/\/www.uv.mx\/prensa\/files\/2022\/09\/Foto-5-Inauguracion-FILU22.jpg 722w, https:\/\/www.uv.mx\/prensa\/files\/2022\/09\/Foto-5-Inauguracion-FILU22-300x200.jpg 300w\" sizes=\"(max-width: 722px) 100vw, 722px\" \/><\/a><p id=\"caption-attachment-120363\" class=\"wp-caption-text\">El autor de <em>Las lluvias de Estocolmo<\/em>, la novela ganadora, dijo que apuesta por una literatura menos complaciente<\/p><\/div>\n<p>&nbsp;<\/p>\n<p><strong>Mural dedicado a Chile, al libro y la manifestaci\u00f3n<\/strong><\/p>\n<p>Al t\u00e9rmino de la ceremonia protocolaria fue inaugurado el mural <em>De la educaci\u00f3n a la manifestaci\u00f3n, por una justicia social<\/em>, por el Rector, el Encargado de Negocios de la Embajada de la Rep\u00fablica de Chile en M\u00e9xico, las secretarias Acad\u00e9mica y de Desarrollo Institucional, la Coordinadora General de la Feria, y los integrantes del Colectivo \u201cDed\u201d.<\/p>\n<p>El muralista Jorge Peralta, uno de los autores, explic\u00f3 que la obra de arte relata una breve historia que inicia con una persona que sostiene un libro como s\u00edmbolo del conocimiento que lleva a la construcci\u00f3n de un pueblo informado, y concluye con la flor nacional de Chile: copihue.<\/p>\n<p>\u201cChile tiene una gran historia de manifestaciones sociales y estudiantiles, se plasm\u00f3 una imagen de la toma del monumento a Manuel Baquedano. En la cuarta escena se plasma a un ind\u00edgena mapuche que en mano lleva la bandera de Chile, que se entrelaza con la bandera mexicana, a manera de enaltecer a todos los ind\u00edgenas de Latinoam\u00e9rica.\u201d<\/p>\n<p>Adem\u00e1s del recinto principal, Casa del Lago, la FILU contar\u00e1 con 11 subsedes, para conocer de ellas, el programa en extenso, autores y autoras que asisten y todas las actividades, consulte: <a href=\"https:\/\/www.uv.mx\/filu\/\">https:\/\/www.uv.mx\/filu\/<\/a><\/p>\n<p>&nbsp;<\/p>\n<div id=\"attachment_120364\" style=\"width: 732px\" class=\"wp-caption aligncenter\"><a href=\"https:\/\/www.uv.mx\/prensa\/files\/2022\/09\/Mural-FILU-inauguracion.jpg\"><img aria-describedby=\"caption-attachment-120364\" decoding=\"async\" loading=\"lazy\" class=\"size-full wp-image-120364\" src=\"https:\/\/www.uv.mx\/prensa\/files\/2022\/09\/Mural-FILU-inauguracion.jpg\" alt=\"\" width=\"722\" height=\"482\" srcset=\"https:\/\/www.uv.mx\/prensa\/files\/2022\/09\/Mural-FILU-inauguracion.jpg 722w, https:\/\/www.uv.mx\/prensa\/files\/2022\/09\/Mural-FILU-inauguracion-300x200.jpg 300w\" sizes=\"(max-width: 722px) 100vw, 722px\" \/><\/a><p id=\"caption-attachment-120364\" class=\"wp-caption-text\">Mart\u00edn Aguilar, Guadalupe P\u00e1ez, Jorge Alejandro Vidal e integrantes del Colectivo \u201cDed\u201d<\/p><\/div>\n<p>&nbsp;<\/p>\n<p><iframe loading=\"lazy\" width=\"1280\" height=\"720\" frameborder=\"0\" scrolling=\"no\" src=\"https:\/\/www.facebook.com\/plugins\/video.php?height=720&amp;href=https%3A%2F%2Fwww.facebook.com%2FComunicacionUV%2Fvideos%2F589813979480917%2F&amp;show_text=false&amp;width=1280&amp;t=0\"><\/iframe><\/p>\n","protected":false},"excerpt":{"rendered":"<p>La 27\u00aa edici\u00f3n cuenta con 339 actividades, la presencia de m\u00e1s de 500 sellos editoriales y la Rep\u00fablica de Chile es el pa\u00eds invitado.<\/p>\n","protected":false},"author":1869,"featured_media":120358,"comment_status":"closed","ping_status":"closed","sticky":false,"template":"","format":"standard","meta":[],"categories":[8448,61],"tags":[8449,8450],"_links":{"self":[{"href":"https:\/\/www.uv.mx\/prensa\/wp-json\/wp\/v2\/posts\/120356"}],"collection":[{"href":"https:\/\/www.uv.mx\/prensa\/wp-json\/wp\/v2\/posts"}],"about":[{"href":"https:\/\/www.uv.mx\/prensa\/wp-json\/wp\/v2\/types\/post"}],"author":[{"embeddable":true,"href":"https:\/\/www.uv.mx\/prensa\/wp-json\/wp\/v2\/users\/1869"}],"replies":[{"embeddable":true,"href":"https:\/\/www.uv.mx\/prensa\/wp-json\/wp\/v2\/comments?post=120356"}],"version-history":[{"count":2,"href":"https:\/\/www.uv.mx\/prensa\/wp-json\/wp\/v2\/posts\/120356\/revisions"}],"predecessor-version":[{"id":120751,"href":"https:\/\/www.uv.mx\/prensa\/wp-json\/wp\/v2\/posts\/120356\/revisions\/120751"}],"wp:featuredmedia":[{"embeddable":true,"href":"https:\/\/www.uv.mx\/prensa\/wp-json\/wp\/v2\/media\/120358"}],"wp:attachment":[{"href":"https:\/\/www.uv.mx\/prensa\/wp-json\/wp\/v2\/media?parent=120356"}],"wp:term":[{"taxonomy":"category","embeddable":true,"href":"https:\/\/www.uv.mx\/prensa\/wp-json\/wp\/v2\/categories?post=120356"},{"taxonomy":"post_tag","embeddable":true,"href":"https:\/\/www.uv.mx\/prensa\/wp-json\/wp\/v2\/tags?post=120356"}],"curies":[{"name":"wp","href":"https:\/\/api.w.org\/{rel}","templated":true}]}}