{"id":120405,"date":"2022-09-03T16:42:52","date_gmt":"2022-09-03T21:42:52","guid":{"rendered":"https:\/\/www.uv.mx\/prensa\/?p=120405"},"modified":"2022-09-07T10:44:51","modified_gmt":"2022-09-07T15:44:51","slug":"avenida-colonial-ganadora-en-2021-se-presento-en-la-filu","status":"publish","type":"post","link":"https:\/\/www.uv.mx\/prensa\/filu-2022\/avenida-colonial-ganadora-en-2021-se-presento-en-la-filu\/","title":{"rendered":"<i>Avenida Colonial<\/i>, ganadora en 2021, se present\u00f3 en la FILU\u00a0"},"content":{"rendered":"<ul>\n<li data-leveltext=\"\uf0b7\" data-font=\"Symbol\" data-listid=\"2\" data-list-defn-props=\"{&quot;335552541&quot;:1,&quot;335559684&quot;:-2,&quot;335559685&quot;:720,&quot;335559991&quot;:360,&quot;469769226&quot;:&quot;Symbol&quot;,&quot;469769242&quot;:[8226],&quot;469777803&quot;:&quot;left&quot;,&quot;469777804&quot;:&quot;\uf0b7&quot;,&quot;469777815&quot;:&quot;hybridMultilevel&quot;}\" data-aria-posinset=\"1\" data-aria-level=\"1\"><i><span data-contrast=\"none\">Eduardo Izaguirre Godoy es el primer peruano en ganar el <\/span><\/i><i><span data-contrast=\"none\">Premio Latinoamericano de Primera Novela \u201cSergio Galindo\u201d de la Universidad Veracruzana<\/span><\/i><span data-ccp-props=\"{}\">\u00a0<\/span><\/li>\n<li data-leveltext=\"\uf0b7\" data-font=\"Symbol\" data-listid=\"2\" data-list-defn-props=\"{&quot;335552541&quot;:1,&quot;335559684&quot;:-2,&quot;335559685&quot;:720,&quot;335559991&quot;:360,&quot;469769226&quot;:&quot;Symbol&quot;,&quot;469769242&quot;:[8226],&quot;469777803&quot;:&quot;left&quot;,&quot;469777804&quot;:&quot;\uf0b7&quot;,&quot;469777815&quot;:&quot;hybridMultilevel&quot;}\" data-aria-posinset=\"2\" data-aria-level=\"1\"><i><span data-contrast=\"none\">En su participaci\u00f3n expres\u00f3 contento por la novela, por estar en la FILU 2022 y aclar\u00f3 que si algo leen en ella de poes\u00eda \u201ces completamente accidental\u201d<\/span><\/i><span data-ccp-props=\"{}\">\u00a0<\/span><\/li>\n<\/ul>\n<p><span data-ccp-props=\"{&quot;335559685&quot;:720}\">\u00a0<\/span><\/p>\n<div id=\"attachment_120406\" style=\"width: 732px\" class=\"wp-caption aligncenter\"><a href=\"https:\/\/www.uv.mx\/prensa\/files\/2022\/09\/03092022-KARINA-Avenida-colonial-1.jpg\"><img aria-describedby=\"caption-attachment-120406\" decoding=\"async\" loading=\"lazy\" class=\"size-full wp-image-120406\" src=\"https:\/\/www.uv.mx\/prensa\/files\/2022\/09\/03092022-KARINA-Avenida-colonial-1.jpg\" alt=\"\" width=\"722\" height=\"491\" srcset=\"https:\/\/www.uv.mx\/prensa\/files\/2022\/09\/03092022-KARINA-Avenida-colonial-1.jpg 722w, https:\/\/www.uv.mx\/prensa\/files\/2022\/09\/03092022-KARINA-Avenida-colonial-1-300x204.jpg 300w\" sizes=\"(max-width: 722px) 100vw, 722px\" \/><\/a><p id=\"caption-attachment-120406\" class=\"wp-caption-text\">Eduardo Izaguirre Godoy habla de personajes valientes<\/p><\/div>\n<p>&nbsp;<\/p>\n<p><b><i><span data-contrast=\"none\">Karina de la Paz Reyes D\u00edaz\u00a0<\/span><\/i><\/b><span data-ccp-props=\"{}\">\u00a0<\/span><\/p>\n<p><strong><em>Fotos: Luis Fernando Fern\u00e1ndez Carrillo<\/em><\/strong><\/p>\n<p><b><i><span data-contrast=\"none\">03\/09\/2022, Xalapa, Ver.- <\/span><\/i><\/b><span data-contrast=\"none\">La obra <\/span><i><span data-contrast=\"none\">Avenida Colonial<\/span><\/i><span data-contrast=\"none\">, del peruano Eduardo Izaguirre Godoy<\/span><span data-contrast=\"none\">,<\/span> <span data-contrast=\"none\">Premio Latinoamericano de Primera Novela \u201cSergio Galindo\u201d 2021, historia que se desarrolla en Lima y donde se revela la fragilidad, dureza y violencia de esa ciudad, fue presentada en la <a href=\"https:\/\/www.uv.mx\/filu\/\" target=\"_blank\" rel=\"noopener\">Feria Internacional Libro Universitario<\/a> (FILU) 2022 de la Universidad Veracruzana (UV).<\/span><span data-ccp-props=\"{}\">\u00a0<\/span><\/p>\n<p><span data-contrast=\"none\">Se trata de un texto a la altura de la tradici\u00f3n literaria del pa\u00eds andino, dijo una de sus presentadoras, <\/span><span data-contrast=\"none\">Nelly Palafox. <\/span><span data-contrast=\"none\">\u201cEs un bot\u00f3n de muestra de literatura del Per\u00fa, magn\u00edfica, la celebro\u201d, destac\u00f3 durante la conversaci\u00f3n que a prop\u00f3sito de esta novela sostuvo con <\/span><span data-contrast=\"none\">Maximiliano Sauza Dur\u00e1n y el autor, este s\u00e1bado 3 de septiembre en el auditorio de la Facultad de M\u00fasica UV.<\/span><span data-contrast=\"none\">\u00a0<\/span><span data-ccp-props=\"{&quot;335559731&quot;:708}\">\u00a0<\/span><\/p>\n<p><span data-contrast=\"none\">Tanto Palafox como Sauza Duran elogiaron los microcosmos que Izaguirre Godoy narra en cada cap\u00edtulo, el cuidado de las palabras, sus personajes con valent\u00eda, su manera de narrar esa Avenida Colonial que atraviesa a Lima y, sobre todo, su poes\u00eda.<\/span><span data-ccp-props=\"{&quot;335559731&quot;:708}\">\u00a0<\/span><\/p>\n<p><span data-contrast=\"none\">\u201cMe parece muy loable, meritorio, el trabajo t\u00e9cnico y narrativo que tienen las voces, el narrador. Esta manera de hacer cap\u00edtulos muy breves. Ustedes se van a encontrar con una novela cuyos cap\u00edtulos no pasan de cuatro o cinco p\u00e1ginas, lo cual da ese sentido de microcosmos. Como peque\u00f1os cuentos concatenados, fuertes. Tambi\u00e9n celebro la poes\u00eda. Me da la impresi\u00f3n de que hay poes\u00eda a pesar de que, quiz\u00e1, no era la intenci\u00f3n\u201d, coment\u00f3 Palafox.<\/span><span data-ccp-props=\"{&quot;335559731&quot;:708}\">\u00a0<\/span><\/p>\n<p><span data-contrast=\"none\">Luego de leer un fragmento de la novela, a manera de ilustrar, <\/span><span data-contrast=\"none\">Sauza Dur\u00e1n a\u00f1adi\u00f3: <\/span><span data-contrast=\"none\">\u201cEs una poes\u00eda urbana. Me sumo a esta opini\u00f3n que tienes de que hay much\u00edsima poes\u00eda, a lo mejor involuntaria\u201d.<\/span><span data-ccp-props=\"{&quot;335559731&quot;:708}\">\u00a0<\/span><\/p>\n<p><span data-contrast=\"none\">Eduardo Izaguirre Godoy es ganador de la decimoquinta edici\u00f3n del <\/span><span data-contrast=\"none\">Premio Latinoamericano de Primera Novela \u201cSergio Galindo\u201d y es tambi\u00e9n el primer peruano en obtenerlo.<\/span><span data-ccp-props=\"{&quot;335559731&quot;:708}\">\u00a0<\/span><\/p>\n<p><span data-contrast=\"none\">En su participaci\u00f3n, expres\u00f3 contento por la novela, por estar en la FILU 2022 y aclar\u00f3 que si algo leen en ella de poes\u00eda \u201ces completamente accidental, no sabr\u00eda c\u00f3mo crearla o si lo que hago es poes\u00eda\u201d.\u00a0<\/span><span data-ccp-props=\"{&quot;335559731&quot;:708}\">\u00a0<\/span><\/p>\n<p><span data-contrast=\"none\">Para \u00e9l, todo lo escrito en <\/span><i><span data-contrast=\"none\">Avenida Colonial<\/span><\/i><span data-contrast=\"none\"> \u201ces involuntario\u201d, porque si bien al escribir planea las situaciones, terminan siendo completamente \u201cinvoluntarias\u201d.\u00a0<\/span><span data-ccp-props=\"{&quot;335559731&quot;:708}\">\u00a0<\/span><\/p>\n<p><span data-contrast=\"none\">\u201cMucho es inventado, pero hay cosas, quiz\u00e1 peque\u00f1as, que tienen que ver conmigo\u201d, por ejemplo.<\/span><span data-ccp-props=\"{&quot;335559731&quot;:708}\">\u00a0<\/span><\/p>\n<p><span data-ccp-props=\"{}\">\u00a0<\/span><\/p>\n<div id=\"attachment_120407\" style=\"width: 732px\" class=\"wp-caption aligncenter\"><a href=\"https:\/\/www.uv.mx\/prensa\/files\/2022\/09\/03092022-KARINA-Avenida-colonial-2.jpg\"><img aria-describedby=\"caption-attachment-120407\" decoding=\"async\" loading=\"lazy\" class=\"size-full wp-image-120407\" src=\"https:\/\/www.uv.mx\/prensa\/files\/2022\/09\/03092022-KARINA-Avenida-colonial-2.jpg\" alt=\"\" width=\"722\" height=\"482\" srcset=\"https:\/\/www.uv.mx\/prensa\/files\/2022\/09\/03092022-KARINA-Avenida-colonial-2.jpg 722w, https:\/\/www.uv.mx\/prensa\/files\/2022\/09\/03092022-KARINA-Avenida-colonial-2-300x200.jpg 300w\" sizes=\"(max-width: 722px) 100vw, 722px\" \/><\/a><p id=\"caption-attachment-120407\" class=\"wp-caption-text\"><em>Avenida Colonial<\/em> fue presentada en el Auditorio de la Facultad de M\u00fasica<\/p><\/div>\n","protected":false},"excerpt":{"rendered":"<p>Los presentadores destacaron el cuidado de las palabras, sus personajes y su manera de narrar esa avenida que atraviesa Lima, la capital\u00a0<\/p>\n","protected":false},"author":1869,"featured_media":120406,"comment_status":"closed","ping_status":"closed","sticky":false,"template":"","format":"standard","meta":[],"categories":[8448],"tags":[2366,8456,4224],"_links":{"self":[{"href":"https:\/\/www.uv.mx\/prensa\/wp-json\/wp\/v2\/posts\/120405"}],"collection":[{"href":"https:\/\/www.uv.mx\/prensa\/wp-json\/wp\/v2\/posts"}],"about":[{"href":"https:\/\/www.uv.mx\/prensa\/wp-json\/wp\/v2\/types\/post"}],"author":[{"embeddable":true,"href":"https:\/\/www.uv.mx\/prensa\/wp-json\/wp\/v2\/users\/1869"}],"replies":[{"embeddable":true,"href":"https:\/\/www.uv.mx\/prensa\/wp-json\/wp\/v2\/comments?post=120405"}],"version-history":[{"count":1,"href":"https:\/\/www.uv.mx\/prensa\/wp-json\/wp\/v2\/posts\/120405\/revisions"}],"predecessor-version":[{"id":120742,"href":"https:\/\/www.uv.mx\/prensa\/wp-json\/wp\/v2\/posts\/120405\/revisions\/120742"}],"wp:featuredmedia":[{"embeddable":true,"href":"https:\/\/www.uv.mx\/prensa\/wp-json\/wp\/v2\/media\/120406"}],"wp:attachment":[{"href":"https:\/\/www.uv.mx\/prensa\/wp-json\/wp\/v2\/media?parent=120405"}],"wp:term":[{"taxonomy":"category","embeddable":true,"href":"https:\/\/www.uv.mx\/prensa\/wp-json\/wp\/v2\/categories?post=120405"},{"taxonomy":"post_tag","embeddable":true,"href":"https:\/\/www.uv.mx\/prensa\/wp-json\/wp\/v2\/tags?post=120405"}],"curies":[{"name":"wp","href":"https:\/\/api.w.org\/{rel}","templated":true}]}}