{"id":120628,"date":"2022-09-06T10:48:58","date_gmt":"2022-09-06T15:48:58","guid":{"rendered":"https:\/\/www.uv.mx\/prensa\/?p=120628"},"modified":"2022-09-07T13:33:45","modified_gmt":"2022-09-07T18:33:45","slug":"uv-fortalece-unidades-de-gestion-de-riesgo-en-veracruz","status":"publish","type":"post","link":"https:\/\/www.uv.mx\/prensa\/regiones\/uv-fortalece-unidades-de-gestion-de-riesgo-en-veracruz\/","title":{"rendered":"UV fortalece unidades de gesti\u00f3n de riesgo en Veracruz"},"content":{"rendered":"<ul>\n<li><em><span class=\"TextRun SCXW238151124 BCX0\" lang=\"ES-MX\" xml:lang=\"ES-MX\" data-contrast=\"auto\"><span class=\"NormalTextRun SCXW238151124 BCX0\">\u201c<\/span><\/span><span class=\"TextRun SCXW238151124 BCX0\" lang=\"ES-MX\" xml:lang=\"ES-MX\" data-contrast=\"none\"><span class=\"NormalTextRun SCXW238151124 BCX0\">La prevenci\u00f3n, planificaci\u00f3n y gesti\u00f3n del autocuidado <\/span><span class=\"NormalTextRun SCXW238151124 BCX0\">son <\/span><span class=\"NormalTextRun SCXW238151124 BCX0\">una responsabilidad compartida, de toda nuestra comunidad\u201d<\/span><span class=\"NormalTextRun SCXW238151124 BCX0\"> dijo el Vicerrector de la regi\u00f3n, <\/span><span class=\"NormalTextRun SCXW238151124 BCX0\">Rub\u00e9n <\/span><span class=\"NormalTextRun SCXW238151124 BCX0\">Edel<\/span><span class=\"NormalTextRun SCXW238151124 BCX0\"> Navarro<\/span><\/span><\/em><\/li>\n<\/ul>\n<p>&nbsp;<\/p>\n<div id=\"attachment_120630\" style=\"width: 732px\" class=\"wp-caption aligncenter\"><a href=\"https:\/\/www.uv.mx\/prensa\/files\/2022\/09\/Entrega-equipo-SUGIR-1.jpg\"><img aria-describedby=\"caption-attachment-120630\" decoding=\"async\" loading=\"lazy\" class=\"size-full wp-image-120630\" src=\"https:\/\/www.uv.mx\/prensa\/files\/2022\/09\/Entrega-equipo-SUGIR-1.jpg\" alt=\"\" width=\"722\" height=\"250\" srcset=\"https:\/\/www.uv.mx\/prensa\/files\/2022\/09\/Entrega-equipo-SUGIR-1.jpg 722w, https:\/\/www.uv.mx\/prensa\/files\/2022\/09\/Entrega-equipo-SUGIR-1-300x104.jpg 300w\" sizes=\"(max-width: 722px) 100vw, 722px\" \/><\/a><p id=\"caption-attachment-120630\" class=\"wp-caption-text\">El vicerrector Rub\u00e9n Edel Navarro resalt\u00f3 que la prevenci\u00f3n, planificaci\u00f3n y gesti\u00f3n del autocuidado son una responsabilidad compartida<\/p><\/div>\n<p>&nbsp;<\/p>\n<p><b><i><span data-contrast=\"auto\">Shuguey Enr\u00edquez y Aracely Hern\u00e1ndez<\/span><\/i><\/b><span data-ccp-props=\"{&quot;134233279&quot;:true,&quot;201341983&quot;:0,&quot;335559739&quot;:0,&quot;335559740&quot;:240}\">\u00a0<\/span><\/p>\n<p><b><i><span data-contrast=\"auto\">Fotos: Aracely Hern\u00e1ndez<\/span><\/i><\/b><span data-ccp-props=\"{&quot;134233279&quot;:true,&quot;201341983&quot;:0,&quot;335559739&quot;:0,&quot;335559740&quot;:240}\">\u00a0<\/span><\/p>\n<p><b><i><span data-contrast=\"auto\">06\/09\/2022, Boca del R\u00edo, Ver.<\/span><\/i><\/b><span data-contrast=\"auto\"> L<\/span><span data-contrast=\"auto\">a <a href=\"https:\/\/www.uv.mx\/veracruz\/\" target=\"_blank\" rel=\"noopener\">Vicerrector\u00eda de la Universidad Veracruzana<\/a> (UV) regi\u00f3n Veracruz entreg\u00f3 equipo de seguridad a coordinadores de unidades internas del Sistema Universitario de Gesti\u00f3n Integral del Riesgo (SUGIR).<\/span><span data-ccp-props=\"{&quot;134233279&quot;:true,&quot;201341983&quot;:0,&quot;335559739&quot;:0,&quot;335559740&quot;:240}\">\u00a0<\/span><\/p>\n<p><span data-contrast=\"auto\">El vicerrector, Rub\u00e9n Edel Navarro, junto con funcionarios regionales como Sergio Federico Toledo Barrios, secretario de Administraci\u00f3n y Finanzas; Virginia Duarte Cruz, coordinadora de Desarrollo Institucional, y Magaly Corona Garc\u00eda, coordinadora del SUGIR, entregaron 20 paquetes de seguridad que incluyen cascos, chalecos, se\u00f1al\u00e9tica y extintores.<\/span><span data-ccp-props=\"{&quot;134233279&quot;:true,&quot;201341983&quot;:0,&quot;335559731&quot;:708,&quot;335559739&quot;:0,&quot;335559740&quot;:240}\">\u00a0<\/span><\/p>\n<p><span data-contrast=\"auto\">Duarte Cruz dijo que el apoyo a las unidades internas de SUGIR forma parte de las actividades que est\u00e1n dentro del Plan de Desarrollo Regional y que, adem\u00e1s de continuar con actividades como simulacros y uso de extintores, se buscar\u00e1 impulsar la formaci\u00f3n disciplinaria. \u201cVamos a tratar de generar proyectos de capacitaci\u00f3n, de formaci\u00f3n continua\u201d.<\/span><span data-ccp-props=\"{&quot;134233279&quot;:true,&quot;201341983&quot;:0,&quot;335559731&quot;:708,&quot;335559739&quot;:0,&quot;335559740&quot;:240}\">\u00a0<\/span><\/p>\n<p>&nbsp;<\/p>\n<div id=\"attachment_120631\" style=\"width: 732px\" class=\"wp-caption aligncenter\"><a href=\"https:\/\/www.uv.mx\/prensa\/files\/2022\/09\/Entrega-equipo-SUGIR-2.jpg\"><img aria-describedby=\"caption-attachment-120631\" decoding=\"async\" loading=\"lazy\" class=\"size-full wp-image-120631\" src=\"https:\/\/www.uv.mx\/prensa\/files\/2022\/09\/Entrega-equipo-SUGIR-2.jpg\" alt=\"\" width=\"722\" height=\"481\" srcset=\"https:\/\/www.uv.mx\/prensa\/files\/2022\/09\/Entrega-equipo-SUGIR-2.jpg 722w, https:\/\/www.uv.mx\/prensa\/files\/2022\/09\/Entrega-equipo-SUGIR-2-300x200.jpg 300w\" sizes=\"(max-width: 722px) 100vw, 722px\" \/><\/a><p id=\"caption-attachment-120631\" class=\"wp-caption-text\">Funcionarios de la Vicerrector\u00eda Veracruz entregaron equipo de seguridad a las unidades de SUGIR<\/p><\/div>\n<p>&nbsp;<\/p>\n<p><span data-contrast=\"auto\">En este sentido, explic\u00f3 que podr\u00eda ser a trav\u00e9s de un posgrado en gesti\u00f3n del riesgo, \u201cmismo que el Vicerrector est\u00e1 proyectando incluir como parte de esta capacitaci\u00f3n, en vinculaci<\/span><span data-contrast=\"auto\">\u00f3n con la Red Universitaria de l<\/span><span data-contrast=\"auto\">as Am\u00e9ricas y el Caribe para la Reducci\u00f3n del Riesgo de Desastres (<\/span><i><span data-contrast=\"auto\">Redulac<\/span><\/i><span data-contrast=\"auto\">)\u201d.<\/span><span data-ccp-props=\"{&quot;134233279&quot;:true,&quot;201341983&quot;:0,&quot;335559731&quot;:708,&quot;335559739&quot;:0,&quot;335559740&quot;:240}\">\u00a0<\/span><\/p>\n<p><span data-contrast=\"auto\">Por su parte,<\/span><span data-contrast=\"none\"> Edel Navarro reiter\u00f3 su apoyo para continuar la construcci\u00f3n de la cultura del cuidado colectivo y de la sustentabilidad. \u201cLa prevenci\u00f3n, planificaci\u00f3n y gesti\u00f3n del autocuidado es una responsabilidad compartida de toda nuestra comunidad universitaria\u201d, puntualiz\u00f3.<\/span><span data-ccp-props=\"{&quot;134233279&quot;:true,&quot;201341983&quot;:0,&quot;335559731&quot;:708,&quot;335559739&quot;:0,&quot;335559740&quot;:240}\">\u00a0<\/span><\/p>\n<p><span data-contrast=\"none\">Invit\u00f3 a seguir atendiendo muy de cerca las tareas para la reducci\u00f3n de riegos de desastre en los espacios universitarios, y trabajando en los programas que brinden bienestar y seguridad a las personas e instalaciones.<\/span><span data-ccp-props=\"{&quot;134233117&quot;:false,&quot;134233118&quot;:false,&quot;134233279&quot;:true,&quot;201341983&quot;:0,&quot;335559731&quot;:708,&quot;335559738&quot;:0,&quot;335559739&quot;:0,&quot;335559740&quot;:240}\">\u00a0<\/span><\/p>\n<p><span data-contrast=\"none\">Finalmente, felicit\u00f3 el empe\u00f1o dedicado a esta labor: \u201cMe siento muy orgulloso por el esfuerzo de todos los coordinadores de las <\/span><span data-contrast=\"auto\">unidades internas <\/span><span data-contrast=\"none\">en cada una de las dependencias de la regi\u00f3n, as\u00ed como de la planeaci\u00f3n y operaci\u00f3n, jefes de piso y de las diferentes brigadas de incendios, b\u00fasqueda, rescate, evacuaci\u00f3n y primeros auxilios\u201d, extern\u00f3.<\/span><span data-ccp-props=\"{&quot;134233117&quot;:false,&quot;134233118&quot;:false,&quot;134233279&quot;:true,&quot;201341983&quot;:0,&quot;335559731&quot;:708,&quot;335559738&quot;:0,&quot;335559739&quot;:0,&quot;335559740&quot;:240}\">\u00a0<\/span><\/p>\n<p><em><span class=\"EOP SCXW238151124 BCX0\" data-ccp-props=\"{&quot;201341983&quot;:0,&quot;335559739&quot;:0,&quot;335559740&quot;:240}\">\u00a0<\/span><\/em><\/p>\n","protected":false},"excerpt":{"rendered":"<p>Autoridades universitarias de la regi\u00f3n entregaron 20 paquetes de seguridad que incluyen cascos, chalecos, se\u00f1al\u00e9tica y extintores <\/p>\n","protected":false},"author":1809,"featured_media":0,"comment_status":"closed","ping_status":"closed","sticky":false,"template":"","format":"standard","meta":[],"categories":[32,55],"tags":[8489,6016],"_links":{"self":[{"href":"https:\/\/www.uv.mx\/prensa\/wp-json\/wp\/v2\/posts\/120628"}],"collection":[{"href":"https:\/\/www.uv.mx\/prensa\/wp-json\/wp\/v2\/posts"}],"about":[{"href":"https:\/\/www.uv.mx\/prensa\/wp-json\/wp\/v2\/types\/post"}],"author":[{"embeddable":true,"href":"https:\/\/www.uv.mx\/prensa\/wp-json\/wp\/v2\/users\/1809"}],"replies":[{"embeddable":true,"href":"https:\/\/www.uv.mx\/prensa\/wp-json\/wp\/v2\/comments?post=120628"}],"version-history":[{"count":1,"href":"https:\/\/www.uv.mx\/prensa\/wp-json\/wp\/v2\/posts\/120628\/revisions"}],"predecessor-version":[{"id":120787,"href":"https:\/\/www.uv.mx\/prensa\/wp-json\/wp\/v2\/posts\/120628\/revisions\/120787"}],"wp:attachment":[{"href":"https:\/\/www.uv.mx\/prensa\/wp-json\/wp\/v2\/media?parent=120628"}],"wp:term":[{"taxonomy":"category","embeddable":true,"href":"https:\/\/www.uv.mx\/prensa\/wp-json\/wp\/v2\/categories?post=120628"},{"taxonomy":"post_tag","embeddable":true,"href":"https:\/\/www.uv.mx\/prensa\/wp-json\/wp\/v2\/tags?post=120628"}],"curies":[{"name":"wp","href":"https:\/\/api.w.org\/{rel}","templated":true}]}}