{"id":120883,"date":"2022-09-07T22:21:39","date_gmt":"2022-09-08T03:21:39","guid":{"rendered":"https:\/\/www.uv.mx\/prensa\/?p=120883"},"modified":"2022-09-08T12:08:38","modified_gmt":"2022-09-08T17:08:38","slug":"con-jornada-claudio-arrau-uv-reconocio-raices-de-su-escuela-pianistica","status":"publish","type":"post","link":"https:\/\/www.uv.mx\/prensa\/filu-2022\/con-jornada-claudio-arrau-uv-reconocio-raices-de-su-escuela-pianistica\/","title":{"rendered":"Con Jornada Claudio Arrau, UV reconoci\u00f3 ra\u00edces de su escuela pian\u00edstica"},"content":{"rendered":"<ul class=\"ul1\">\n<li class=\"li1\"><i>La actividad acad\u00e9mica fue parte del programa de la FILU 2022, participaron profesores de la Facultad de M\u00fasica de la UV<\/i><\/li>\n<li class=\"li1\"><i>En 1945 el maestro chileno toc\u00f3 como solista con la Orquesta Sinf\u00f3nica de Xalapa, mencion\u00f3 Enrique Salmer\u00f3n<\/i><\/li>\n<\/ul>\n<p>&nbsp;<\/p>\n<div id=\"attachment_120884\" style=\"width: 732px\" class=\"wp-caption aligncenter\"><img aria-describedby=\"caption-attachment-120884\" decoding=\"async\" loading=\"lazy\" class=\"size-full wp-image-120884\" src=\"https:\/\/www.uv.mx\/prensa\/files\/2022\/09\/070922-KARINA-Jornada-Arrau-1-100k.jpg\" alt=\"La jornada cerr\u00f3 con una charla sobre Arrau y la OSX \" width=\"722\" height=\"373\" srcset=\"https:\/\/www.uv.mx\/prensa\/files\/2022\/09\/070922-KARINA-Jornada-Arrau-1-100k.jpg 722w, https:\/\/www.uv.mx\/prensa\/files\/2022\/09\/070922-KARINA-Jornada-Arrau-1-100k-300x155.jpg 300w\" sizes=\"(max-width: 722px) 100vw, 722px\" \/><p id=\"caption-attachment-120884\" class=\"wp-caption-text\">La jornada cerr\u00f3 con una charla sobre Arrau y la OSX<\/p><\/div>\n<p>&nbsp;<\/p>\n<p class=\"p1\"><b><i>Karina de la Paz Reyes D\u00edaz<\/i><\/b><\/p>\n<p class=\"p1\"><b><i>Fotos: Omar Portilla Palacios<\/i><\/b><\/p>\n<p class=\"p1\"><b><i>08\/09\/2022, Xalapa, Ver.- <\/i><\/b>La <a href=\"https:\/\/www.uv.mx\/filu\/\" target=\"_blank\" rel=\"noopener\">Feria Internacional del Libro Universitario<\/a> (FILU) 2022 tiene a Chile como pa\u00eds invitado y en ese tenor se desarroll\u00f3 la Jornada Claudio Arrau, en la que se distingui\u00f3 al pianista conocido como \u201cel Mozart chileno\u201d.<\/p>\n<p class=\"p3\">La actividad const\u00f3 de tres mesas desarrolladas el mi\u00e9rcoles 7 de septiembre en el Auditorio de la Facultad de M\u00fasica UV: \u201cClaudio Arrau y el piano en el siglo XXI\u201d, con la participaci\u00f3n de Leonardo del Castillo, Patricia Castillo D\u00edaz y Mar\u00eda de Jes\u00fas Cuevas, moderados por Le\u00f3n Alfonso Colorado Hern\u00e1ndez, director general de Difusi\u00f3n Cultural de la UV.<\/p>\n<p class=\"p3\">\u201cPhilip Lorenz y el legado de Claudio Arrau en Xalapa\u201d, con la participaci\u00f3n de Eduardo Garc\u00eda Jim\u00e9nez, Guadalupe L\u00f3pez P\u00e9rez y Mar\u00eda del Rosario Lom\u00e1n Su\u00e1rez, igualmente moderados por Le\u00f3n Alfonso Colorado.<\/p>\n<div id=\"attachment_120885\" style=\"width: 732px\" class=\"wp-caption aligncenter\"><img aria-describedby=\"caption-attachment-120885\" decoding=\"async\" loading=\"lazy\" class=\"size-full wp-image-120885\" src=\"https:\/\/www.uv.mx\/prensa\/files\/2022\/09\/070922-KARINA-Jornada-Arrau-2-100k.jpg\" alt=\"En la jornada se habl\u00f3 de an\u00e9cdotas personales y aportaciones a la t\u00e9cnica musical del pianista chileno\" width=\"722\" height=\"451\" srcset=\"https:\/\/www.uv.mx\/prensa\/files\/2022\/09\/070922-KARINA-Jornada-Arrau-2-100k.jpg 722w, https:\/\/www.uv.mx\/prensa\/files\/2022\/09\/070922-KARINA-Jornada-Arrau-2-100k-300x187.jpg 300w, https:\/\/www.uv.mx\/prensa\/files\/2022\/09\/070922-KARINA-Jornada-Arrau-2-100k-200x125.jpg 200w\" sizes=\"(max-width: 722px) 100vw, 722px\" \/><p id=\"caption-attachment-120885\" class=\"wp-caption-text\">En la jornada se habl\u00f3 de an\u00e9cdotas personales y aportaciones a la t\u00e9cnica musical del pianista chileno<\/p><\/div>\n<p>&nbsp;<\/p>\n<p class=\"p3\">As\u00ed como \u201cClaudio Arrau y la Orquesta Sinf\u00f3nica de Xalapa\u201d, por Enrique Salmer\u00f3n C\u00f3rdoba, moderado por Rosa Arisbe Mart\u00ednez Cabrera.<\/p>\n<p class=\"p3\">\u201cHa sido una tarde maravillosa, una tarde muy fruct\u00edfera, donde hemos reconocido las ra\u00edces vivas de la escuela pian\u00edstica de nuestra Facultad de M\u00fasica\u201d, destac\u00f3 la acad\u00e9mica, previo a que su colega hablara del pianista chileno y su presencia en la Orquesta Sinf\u00f3nica de Xalapa (OSX).<\/p>\n<div id=\"attachment_120886\" style=\"width: 732px\" class=\"wp-caption aligncenter\"><img aria-describedby=\"caption-attachment-120886\" decoding=\"async\" loading=\"lazy\" class=\"size-full wp-image-120886\" src=\"https:\/\/www.uv.mx\/prensa\/files\/2022\/09\/070922-KARINA-Jornada-Arrau-3-100k.jpg\" alt=\"Entre el p\u00fablico estuvieron representantes de Chile en la FILU y la Coordinadora General de este evento\" width=\"722\" height=\"467\" srcset=\"https:\/\/www.uv.mx\/prensa\/files\/2022\/09\/070922-KARINA-Jornada-Arrau-3-100k.jpg 722w, https:\/\/www.uv.mx\/prensa\/files\/2022\/09\/070922-KARINA-Jornada-Arrau-3-100k-300x194.jpg 300w\" sizes=\"(max-width: 722px) 100vw, 722px\" \/><p id=\"caption-attachment-120886\" class=\"wp-caption-text\">Entre el p\u00fablico estuvieron representantes de Chile en la FILU y la Coordinadora General de este evento<\/p><\/div>\n<p>&nbsp;<\/p>\n<p class=\"p3\">Salmer\u00f3n C\u00f3rdoba narr\u00f3 un hallazgo: encontr\u00f3 un programa de mano que data de 1945, en el que Claudio Arrau toc\u00f3 como solista de la OSX.<\/p>\n<p class=\"p3\">Cabe mencionar que, como parte del p\u00fablico, estuvieron presentes Jorge Alejandro Vidal Rodr\u00edguez, encargado de Negocios de la Embajada de la Rep\u00fablica de Chile en M\u00e9xico y Pedro Pablo Zegers Blachet, Medalla Internacional al M\u00e9rito Universidad Veracruzana de la presente edici\u00f3n de la FILU, as\u00ed como la coordinadora general de \u00e9sta, Judith Guadalupe P\u00e1ez Paniagua.<\/p>\n","protected":false},"excerpt":{"rendered":"<p>Se trat\u00f3 de tres conversatorios que ilustraron sobre el gran pianista chileno y su v\u00ednculo con la Facultad de M\u00fasica, la OSX y con Xalapa, en general<\/p>\n","protected":false},"author":1775,"featured_media":120884,"comment_status":"closed","ping_status":"closed","sticky":false,"template":"","format":"standard","meta":[],"categories":[8448],"tags":[7793,649,8565,1366,258,8449,1189,4015,8566,8568,6462,8567],"_links":{"self":[{"href":"https:\/\/www.uv.mx\/prensa\/wp-json\/wp\/v2\/posts\/120883"}],"collection":[{"href":"https:\/\/www.uv.mx\/prensa\/wp-json\/wp\/v2\/posts"}],"about":[{"href":"https:\/\/www.uv.mx\/prensa\/wp-json\/wp\/v2\/types\/post"}],"author":[{"embeddable":true,"href":"https:\/\/www.uv.mx\/prensa\/wp-json\/wp\/v2\/users\/1775"}],"replies":[{"embeddable":true,"href":"https:\/\/www.uv.mx\/prensa\/wp-json\/wp\/v2\/comments?post=120883"}],"version-history":[{"count":1,"href":"https:\/\/www.uv.mx\/prensa\/wp-json\/wp\/v2\/posts\/120883\/revisions"}],"predecessor-version":[{"id":120912,"href":"https:\/\/www.uv.mx\/prensa\/wp-json\/wp\/v2\/posts\/120883\/revisions\/120912"}],"wp:featuredmedia":[{"embeddable":true,"href":"https:\/\/www.uv.mx\/prensa\/wp-json\/wp\/v2\/media\/120884"}],"wp:attachment":[{"href":"https:\/\/www.uv.mx\/prensa\/wp-json\/wp\/v2\/media?parent=120883"}],"wp:term":[{"taxonomy":"category","embeddable":true,"href":"https:\/\/www.uv.mx\/prensa\/wp-json\/wp\/v2\/categories?post=120883"},{"taxonomy":"post_tag","embeddable":true,"href":"https:\/\/www.uv.mx\/prensa\/wp-json\/wp\/v2\/tags?post=120883"}],"curies":[{"name":"wp","href":"https:\/\/api.w.org\/{rel}","templated":true}]}}