{"id":120936,"date":"2022-09-08T13:43:39","date_gmt":"2022-09-08T18:43:39","guid":{"rendered":"https:\/\/www.uv.mx\/prensa\/?p=120936"},"modified":"2022-09-09T13:39:55","modified_gmt":"2022-09-09T18:39:55","slug":"uv-fortalece-su-sistema-de-gestion-de-la-calidad","status":"publish","type":"post","link":"https:\/\/www.uv.mx\/prensa\/general\/uv-fortalece-su-sistema-de-gestion-de-la-calidad\/","title":{"rendered":"UV fortalece su Sistema de Gesti\u00f3n de la Calidad\u00a0"},"content":{"rendered":"<ul>\n<li data-leveltext=\"\uf0b7\" data-font=\"Symbol\" data-listid=\"1\" data-list-defn-props=\"{&quot;335552541&quot;:1,&quot;335559684&quot;:-2,&quot;335559685&quot;:720,&quot;335559991&quot;:360,&quot;469769226&quot;:&quot;Symbol&quot;,&quot;469769242&quot;:[8226],&quot;469777803&quot;:&quot;left&quot;,&quot;469777804&quot;:&quot;\uf0b7&quot;,&quot;469777815&quot;:&quot;hybridMultilevel&quot;}\" data-aria-posinset=\"1\" data-aria-level=\"1\"><i><span data-contrast=\"none\">Este jueves inici\u00f3 la auditor\u00eda interna en la Direcci\u00f3n de Planeaci\u00f3n Institucional<\/span><\/i><span data-ccp-props=\"{&quot;201341983&quot;:0,&quot;335559739&quot;:0,&quot;335559740&quot;:240}\">\u00a0<\/span><\/li>\n<li data-leveltext=\"\uf0b7\" data-font=\"Symbol\" data-listid=\"1\" data-list-defn-props=\"{&quot;335552541&quot;:1,&quot;335559684&quot;:-2,&quot;335559685&quot;:720,&quot;335559991&quot;:360,&quot;469769226&quot;:&quot;Symbol&quot;,&quot;469769242&quot;:[8226],&quot;469777803&quot;:&quot;left&quot;,&quot;469777804&quot;:&quot;\uf0b7&quot;,&quot;469777815&quot;:&quot;hybridMultilevel&quot;}\" data-aria-posinset=\"2\" data-aria-level=\"1\"><i><span data-contrast=\"none\">Se auditar\u00e1n los procesos Planeaci\u00f3n estrat\u00e9gica, t\u00e1ctica y operativa; Seguimiento a la planeaci\u00f3n estrat\u00e9gica, t\u00e1ctica y operativa; y Administraci\u00f3n del SGCUV<\/span><\/i><span data-ccp-props=\"{&quot;201341983&quot;:0,&quot;335559739&quot;:0,&quot;335559740&quot;:240}\">\u00a0<\/span><\/li>\n<\/ul>\n<p><span data-ccp-props=\"{&quot;201341983&quot;:0,&quot;335559739&quot;:0,&quot;335559740&quot;:240}\">\u00a0<\/span><\/p>\n<div id=\"attachment_120939\" style=\"width: 732px\" class=\"wp-caption aligncenter\"><a href=\"https:\/\/www.uv.mx\/prensa\/files\/2022\/09\/SGCUV_DPI-2.jpg\"><img aria-describedby=\"caption-attachment-120939\" decoding=\"async\" loading=\"lazy\" class=\"size-full wp-image-120939\" src=\"https:\/\/www.uv.mx\/prensa\/files\/2022\/09\/SGCUV_DPI-2.jpg\" alt=\"\" width=\"722\" height=\"482\" srcset=\"https:\/\/www.uv.mx\/prensa\/files\/2022\/09\/SGCUV_DPI-2.jpg 722w, https:\/\/www.uv.mx\/prensa\/files\/2022\/09\/SGCUV_DPI-2-300x200.jpg 300w\" sizes=\"(max-width: 722px) 100vw, 722px\" \/><\/a><p id=\"caption-attachment-120939\" class=\"wp-caption-text\">Norma Angelina Lagunes, encargada de la DPI, dio la bienvenida a la reuni\u00f3n de apertura del proceso de auditor\u00eda interna<\/p><\/div>\n<p>&nbsp;<\/p>\n<p><b><i><span data-contrast=\"none\">Susana Castillo Lagos<\/span><\/i><\/b><span data-ccp-props=\"{&quot;201341983&quot;:0,&quot;335559739&quot;:0,&quot;335559740&quot;:240}\">\u00a0<\/span><\/p>\n<p><b><i><span data-contrast=\"none\">Foto: Luis Fernando Fern\u00e1ndez<\/span><\/i><\/b><span data-ccp-props=\"{&quot;201341983&quot;:0,&quot;335559739&quot;:0,&quot;335559740&quot;:240}\">\u00a0<\/span><\/p>\n<p><b><i><span data-contrast=\"none\">08\/09\/2022, Xalapa, Ver.- <\/span><\/i><\/b><span data-contrast=\"none\">El proceso de auditor\u00edas internas del <a href=\"https:\/\/www.uv.mx\/sgcuv\/\" target=\"_blank\" rel=\"noopener\">Sistema de Gesti\u00f3n de la Calidad<\/a> de la Universidad Veracruzana (SGCUV) contin\u00faa con el objetivo de lograr su recertificaci\u00f3n con base en la Norma ISO 9001:2015, y la ma\u00f1ana de este jueves inici\u00f3 en la Direcci\u00f3n de Planeaci\u00f3n Institucional (DPI).<\/span><span data-ccp-props=\"{&quot;201341983&quot;:0,&quot;335559739&quot;:0,&quot;335559740&quot;:240}\">\u00a0<\/span><\/p>\n<p><span data-contrast=\"none\">En la reuni\u00f3n de apertura, Norma Angelina Lagunes L\u00f3pez, encargada de esta dependencia, record\u00f3 que si bien el SGCUV lleva varios a\u00f1os implementado, a\u00fan necesita madurar con la voluntad y el trabajo de todas y todos los involucrados, con el objetivo de fortalecerlo.<\/span><span data-ccp-props=\"{&quot;201341983&quot;:0,&quot;335559731&quot;:708,&quot;335559739&quot;:0,&quot;335559740&quot;:240}\">\u00a0<\/span><\/p>\n<p><span data-contrast=\"none\">Al recibir ante el personal de la DPI al equipo auditor, hizo un reconocimiento a su labor y compromiso, que les demanda tiempo incluso fuera de sus horarios habituales.<\/span><span data-ccp-props=\"{&quot;201341983&quot;:0,&quot;335559731&quot;:708,&quot;335559739&quot;:0,&quot;335559740&quot;:240}\">\u00a0<\/span><\/p>\n<p><span data-contrast=\"none\">Destac\u00f3, adem\u00e1s, que este tipo de procesos son posibles gracias a la suma de voluntades, a la experiencia acumulada de quienes participan y generan una retroalimentaci\u00f3n que beneficia a la instituci\u00f3n.<\/span><span data-ccp-props=\"{&quot;201341983&quot;:0,&quot;335559731&quot;:708,&quot;335559739&quot;:0,&quot;335559740&quot;:240}\">\u00a0<\/span><\/p>\n<p><span data-contrast=\"none\">Araceli Tercero Olvera, integrante de la Direcci\u00f3n General de Administraci\u00f3n Escolar (DGAE) y quien funge como auditora l\u00edder, nombr\u00f3 a quienes forman parte del equipo auditor: Ana Luisa Zacar\u00edas Chipol y Hugo C\u00e9sar Gonz\u00e1lez Miranda, tambi\u00e9n de la DGAE; Elvira Garc\u00eda Carbajal, de la Direcci\u00f3n General de Relaciones Internacionales, y Arely Yaneth Garc\u00eda Vega (auditora interna en formaci\u00f3n), de la Direcci\u00f3n de Contabilidad.<\/span><span data-ccp-props=\"{&quot;201341983&quot;:0,&quot;335559731&quot;:708,&quot;335559739&quot;:0,&quot;335559740&quot;:240}\">\u00a0<\/span><\/p>\n<p><span data-contrast=\"none\">Enseguida, present\u00f3 el plan de auditor\u00eda interna e inform\u00f3 que los procesos a supervisar son: Planeaci\u00f3n estrat\u00e9gica, t\u00e1ctica y operativa; Seguimiento a la planeaci\u00f3n estrat\u00e9gica, t\u00e1ctica y operativa; y Administraci\u00f3n del SGCUV de la DPI.<\/span><span data-ccp-props=\"{&quot;201341983&quot;:0,&quot;335559731&quot;:708,&quot;335559739&quot;:0,&quot;335559740&quot;:240}\">\u00a0<\/span><\/p>\n<p><span data-contrast=\"none\">El objetivo es verificar que dichos procesos se encuentren debidamente implementados y se mantengan eficazmente, conforme a los requisitos de la Gu\u00eda de Aplicaci\u00f3n del SGCUV, los de la Norma ISO 9001:2015 y los legales reglamentarios.<\/span><span data-ccp-props=\"{&quot;201341983&quot;:0,&quot;335559731&quot;:708,&quot;335559739&quot;:0,&quot;335559740&quot;:240}\">\u00a0<\/span><\/p>\n<p><span data-contrast=\"none\">La auditora l\u00edder pas\u00f3 lista al personal de la DPI responsable de los mismos: Norma Angelina Lagunes (encargada); Abril Roberts Dur\u00e1n (jefa del Departamento de Seguimiento y Control de Evaluaci\u00f3n de Programas Educativos); Rogelio Su\u00e1rez Guti\u00e9rrez (jefe del Departamento de Integraci\u00f3n y Seguimiento de Programas Espec\u00edficos); Cupertino Luis Serrano (jefe del Departamento de Estad\u00edstica), y \u00c1lvaro Gabriel Hern\u00e1ndez (director de la Unidad de Organizaci\u00f3n y M\u00e9todos).<\/span><span data-ccp-props=\"{&quot;201341983&quot;:0,&quot;335559731&quot;:708,&quot;335559739&quot;:0,&quot;335559740&quot;:240}\">\u00a0<\/span><\/p>\n<p><span data-contrast=\"none\">Despu\u00e9s mencion\u00f3 a todo el personal operativo involucrado en estos procesos e inform\u00f3 que se tomar\u00e1 una muestra al azar para poder auditarles.<\/span><span data-ccp-props=\"{&quot;201341983&quot;:0,&quot;335559731&quot;:708,&quot;335559739&quot;:0,&quot;335559740&quot;:240}\">\u00a0<\/span><\/p>\n<p><span data-contrast=\"none\">Las auditor\u00edas internas est\u00e1n contempladas del 22 de agosto al 9 de septiembre, en 12 dependencias universitarias que concentran 22 procesos del Sistema de Gesti\u00f3n de la Calidad de esta casa de estudios, como parte del Programa de Trabajo 2021-2025 \u201cPor una transformaci\u00f3n integral\u201d, de la administraci\u00f3n encabezada por el rector Mart\u00edn Aguilar S\u00e1nchez.<\/span><span data-ccp-props=\"{&quot;201341983&quot;:0,&quot;335559731&quot;:708,&quot;335559739&quot;:0,&quot;335559740&quot;:240}\">\u00a0<\/span><\/p>\n<p><span data-ccp-props=\"{&quot;201341983&quot;:0,&quot;335559739&quot;:0,&quot;335559740&quot;:240}\">\u00a0<\/span><\/p>\n<div id=\"attachment_120940\" style=\"width: 732px\" class=\"wp-caption aligncenter\"><a href=\"https:\/\/www.uv.mx\/prensa\/files\/2022\/09\/SGCUV_DPI-3.jpg\"><img aria-describedby=\"caption-attachment-120940\" decoding=\"async\" loading=\"lazy\" class=\"size-full wp-image-120940\" src=\"https:\/\/www.uv.mx\/prensa\/files\/2022\/09\/SGCUV_DPI-3.jpg\" alt=\"\" width=\"722\" height=\"482\" srcset=\"https:\/\/www.uv.mx\/prensa\/files\/2022\/09\/SGCUV_DPI-3.jpg 722w, https:\/\/www.uv.mx\/prensa\/files\/2022\/09\/SGCUV_DPI-3-300x200.jpg 300w\" sizes=\"(max-width: 722px) 100vw, 722px\" \/><\/a><p id=\"caption-attachment-120940\" class=\"wp-caption-text\">Equipo encargado de auditar los procesos: Planeaci\u00f3n estrat\u00e9gica, t\u00e1ctica y operativa; Seguimiento a la planeaci\u00f3n estrat\u00e9gica, t\u00e1ctica y operativa; y Administraci\u00f3n del SGCUV de la DPI<\/p><\/div>\n","protected":false},"excerpt":{"rendered":"<p>Las auditor\u00edas internas se desarrollan del 22 de agosto al 9 de septiembre, en 12 dependencias universitarias que concentran 22 procesos del SGCUV\u00a0<\/p>\n","protected":false},"author":1869,"featured_media":120937,"comment_status":"closed","ping_status":"closed","sticky":false,"template":"","format":"standard","meta":[],"categories":[1],"tags":[8583,8582,8586,8580,8585,8584,6592,8581,6053],"_links":{"self":[{"href":"https:\/\/www.uv.mx\/prensa\/wp-json\/wp\/v2\/posts\/120936"}],"collection":[{"href":"https:\/\/www.uv.mx\/prensa\/wp-json\/wp\/v2\/posts"}],"about":[{"href":"https:\/\/www.uv.mx\/prensa\/wp-json\/wp\/v2\/types\/post"}],"author":[{"embeddable":true,"href":"https:\/\/www.uv.mx\/prensa\/wp-json\/wp\/v2\/users\/1869"}],"replies":[{"embeddable":true,"href":"https:\/\/www.uv.mx\/prensa\/wp-json\/wp\/v2\/comments?post=120936"}],"version-history":[{"count":1,"href":"https:\/\/www.uv.mx\/prensa\/wp-json\/wp\/v2\/posts\/120936\/revisions"}],"predecessor-version":[{"id":121036,"href":"https:\/\/www.uv.mx\/prensa\/wp-json\/wp\/v2\/posts\/120936\/revisions\/121036"}],"wp:featuredmedia":[{"embeddable":true,"href":"https:\/\/www.uv.mx\/prensa\/wp-json\/wp\/v2\/media\/120937"}],"wp:attachment":[{"href":"https:\/\/www.uv.mx\/prensa\/wp-json\/wp\/v2\/media?parent=120936"}],"wp:term":[{"taxonomy":"category","embeddable":true,"href":"https:\/\/www.uv.mx\/prensa\/wp-json\/wp\/v2\/categories?post=120936"},{"taxonomy":"post_tag","embeddable":true,"href":"https:\/\/www.uv.mx\/prensa\/wp-json\/wp\/v2\/tags?post=120936"}],"curies":[{"name":"wp","href":"https:\/\/api.w.org\/{rel}","templated":true}]}}