{"id":120960,"date":"2022-09-08T16:19:57","date_gmt":"2022-09-08T21:19:57","guid":{"rendered":"https:\/\/www.uv.mx\/prensa\/?p=120960"},"modified":"2022-09-09T13:27:43","modified_gmt":"2022-09-09T18:27:43","slug":"iihs-uv-punto-de-debate-y-reflexion-transdisciplinar","status":"publish","type":"post","link":"https:\/\/www.uv.mx\/prensa\/general\/iihs-uv-punto-de-debate-y-reflexion-transdisciplinar\/","title":{"rendered":"IIHS-UV, punto de debate y reflexi\u00f3n transdisciplinar\u00a0"},"content":{"rendered":"<ul>\n<li data-leveltext=\"\uf0b7\" data-font=\"Symbol\" data-listid=\"1\" data-list-defn-props=\"{&quot;335552541&quot;:1,&quot;335559684&quot;:-2,&quot;335559685&quot;:720,&quot;335559991&quot;:360,&quot;469769226&quot;:&quot;Symbol&quot;,&quot;469769242&quot;:[8226],&quot;469777803&quot;:&quot;left&quot;,&quot;469777804&quot;:&quot;\uf0b7&quot;,&quot;469777815&quot;:&quot;hybridMultilevel&quot;}\" data-aria-posinset=\"1\" data-aria-level=\"1\"><i><span data-contrast=\"auto\">Coincidieron sus investigadores Mart\u00edn Aguilar S\u00e1nchez, Ana Isabel Fontecilla Carbonell y Malik Laurent Tahar Chaouch<\/span><\/i><span data-ccp-props=\"{&quot;201341983&quot;:0,&quot;335559739&quot;:0,&quot;335559740&quot;:240}\">\u00a0<\/span><\/li>\n<li data-leveltext=\"\uf0b7\" data-font=\"Symbol\" data-listid=\"1\" data-list-defn-props=\"{&quot;335552541&quot;:1,&quot;335559684&quot;:-2,&quot;335559685&quot;:720,&quot;335559991&quot;:360,&quot;469769226&quot;:&quot;Symbol&quot;,&quot;469769242&quot;:[8226],&quot;469777803&quot;:&quot;left&quot;,&quot;469777804&quot;:&quot;\uf0b7&quot;,&quot;469777815&quot;:&quot;hybridMultilevel&quot;}\" data-aria-posinset=\"2\" data-aria-level=\"1\"><i><span data-contrast=\"auto\">Los acad\u00e9micos participaron en el Coloquio \u201cRepensar el pasado, analizar el presente e imaginar el futuro desde el IIHS\u201d, en el marco de su 50 aniversario<\/span><\/i><span data-ccp-props=\"{&quot;201341983&quot;:0,&quot;335559739&quot;:0,&quot;335559740&quot;:240}\">\u00a0<\/span><\/li>\n<\/ul>\n<p><span data-ccp-props=\"{&quot;201341983&quot;:0,&quot;335559739&quot;:0,&quot;335559740&quot;:240}\">\u00a0<\/span><\/p>\n<div id=\"attachment_120952\" style=\"width: 732px\" class=\"wp-caption aligncenter\"><a href=\"https:\/\/www.uv.mx\/prensa\/files\/2022\/09\/080922-COLOQUIO-IIHS-1.jpg\"><img aria-describedby=\"caption-attachment-120952\" decoding=\"async\" loading=\"lazy\" class=\"size-full wp-image-120952\" src=\"https:\/\/www.uv.mx\/prensa\/files\/2022\/09\/080922-COLOQUIO-IIHS-1.jpg\" alt=\"\" width=\"722\" height=\"459\" srcset=\"https:\/\/www.uv.mx\/prensa\/files\/2022\/09\/080922-COLOQUIO-IIHS-1.jpg 722w, https:\/\/www.uv.mx\/prensa\/files\/2022\/09\/080922-COLOQUIO-IIHS-1-300x191.jpg 300w\" sizes=\"(max-width: 722px) 100vw, 722px\" \/><\/a><p id=\"caption-attachment-120952\" class=\"wp-caption-text\">Investigadores participaron en el Coloquio \u201cRepensar el pasado, analizar el presente e imaginar el futuro desde el IIHS\u201d<\/p><\/div>\n<p>&nbsp;<\/p>\n<p><b><i><span data-contrast=\"auto\">Claudia Peralta V\u00e1zquez<\/span><\/i><\/b><span data-ccp-props=\"{&quot;201341983&quot;:0,&quot;335559739&quot;:0,&quot;335559740&quot;:240}\">\u00a0<\/span><\/p>\n<p><b><i><span data-contrast=\"auto\">Fotos: Luis Fernando Fern\u00e1ndez Carrillo<\/span><\/i><\/b><span data-ccp-props=\"{&quot;201341983&quot;:0,&quot;335559739&quot;:0,&quot;335559740&quot;:240}\">\u00a0<\/span><\/p>\n<p><b><i><span data-contrast=\"auto\">08\/09\/2022, Xalapa, Ver.- <\/span><\/i><\/b><span data-contrast=\"auto\">Desde su creaci\u00f3n, el <a href=\"https:\/\/www.uv.mx\/iihs\/\" target=\"_blank\" rel=\"noopener\">Instituto de Investigaciones Hist\u00f3rico-Sociales<\/a> (IIHS) de la Universidad Veracruzana (UV) ha sido un espacio de debate y reflexi\u00f3n transdisciplinar, de lo hist\u00f3rico y lo social, donde la investigaci\u00f3n se vincula con las transformaciones sociales del pa\u00eds.<\/span><span data-ccp-props=\"{&quot;201341983&quot;:0,&quot;335559739&quot;:0,&quot;335559740&quot;:240}\">\u00a0<\/span><\/p>\n<p><span data-contrast=\"auto\">As\u00ed lo expresaron los investigadores de este instituto: Mart\u00edn Aguilar S\u00e1nchez, Ana Isabel Fontecilla Carbonell y Malik Laurent Tahar Chaouch, dentro del Panel 1 \u201cLa experiencia de hacer trabajo acad\u00e9mico en el IIHS\u201d, del Coloquio \u201cRepensar el pasado, analizar el presente e imaginar el futuro desde el IIHS\u201d, realizado el jueves 8 de septiembre en el Auditorio \u201cGonzalo Aguirre Beltr\u00e1n\u201d.<\/span><span data-ccp-props=\"{&quot;201341983&quot;:0,&quot;335559739&quot;:0,&quot;335559740&quot;:240}\">\u00a0<\/span><\/p>\n<p><span data-contrast=\"auto\">Entre los temas abordados sobresalen: su llegada al instituto, experiencia en materia de docencia, investigaci\u00f3n, vinculaci\u00f3n, cambios generacionales, diversificaci\u00f3n de la forma de trabajo, y los retos actuales que plantean los estudios hist\u00f3ricos y sociales.<\/span><span data-ccp-props=\"{&quot;201341983&quot;:0,&quot;335559739&quot;:0,&quot;335559740&quot;:240}\">\u00a0<\/span><\/p>\n<p><span data-contrast=\"auto\">Moderados por Dora Cecilia S\u00e1nchez Hidalgo, tambi\u00e9n investigadora del IIHS, el rector de la UV, Mart\u00edn Aguilar, se mostr\u00f3 feliz de regresar al espacio laboral que ocupaba antes de asumir su actual encomienda.<\/span><span data-ccp-props=\"{&quot;201341983&quot;:0,&quot;335559739&quot;:0,&quot;335559740&quot;:240}\">\u00a0<\/span><\/p>\n<p><span data-contrast=\"auto\">El especialista en historia de M\u00e9xico y en ciencia pol\u00edtica fue el primero en participar en el coloquio celebrado en el marco del 50 aniversario del instituto. Destac\u00f3 que, a lo largo del tiempo, el IIHS ha sido escenario de debates interesantes entre las ciencias sociales, la historia y las ciencias exactas, en los que siempre ha habido posicionamientos y altibajos.<\/span><span data-ccp-props=\"{&quot;201341983&quot;:0,&quot;335559739&quot;:0,&quot;335559740&quot;:240}\">\u00a0<\/span><\/p>\n<p><span data-contrast=\"auto\">Plante\u00f3 necesario mantener estos puentes de di\u00e1logo, pues no se trata de una votaci\u00f3n, de qui<\/span><span data-contrast=\"auto\">\u00e9<\/span><span data-contrast=\"auto\">n tiene mayor\u00eda y minor\u00eda, sino de debates y reflexiones en el \u00e1mbito acad\u00e9mico, pol\u00edtico y social.<\/span><span data-ccp-props=\"{&quot;201341983&quot;:0,&quot;335559731&quot;:708,&quot;335559739&quot;:0,&quot;335559740&quot;:240}\">\u00a0<\/span><\/p>\n<p>&nbsp;<\/p>\n<div id=\"attachment_120951\" style=\"width: 732px\" class=\"wp-caption aligncenter\"><a href=\"https:\/\/www.uv.mx\/prensa\/files\/2022\/09\/080922-COLOQUIO-IIHS-2.jpg\"><img aria-describedby=\"caption-attachment-120951\" decoding=\"async\" loading=\"lazy\" class=\"size-full wp-image-120951\" src=\"https:\/\/www.uv.mx\/prensa\/files\/2022\/09\/080922-COLOQUIO-IIHS-2.jpg\" alt=\"\" width=\"722\" height=\"482\" srcset=\"https:\/\/www.uv.mx\/prensa\/files\/2022\/09\/080922-COLOQUIO-IIHS-2.jpg 722w, https:\/\/www.uv.mx\/prensa\/files\/2022\/09\/080922-COLOQUIO-IIHS-2-300x200.jpg 300w\" sizes=\"(max-width: 722px) 100vw, 722px\" \/><\/a><p id=\"caption-attachment-120951\" class=\"wp-caption-text\">El rector de la UV, Mart\u00edn Aguilar S\u00e1nchez, plante\u00f3 mantener puentes de di\u00e1logo entre las diferentes disciplinas<\/p><\/div>\n<p>&nbsp;<\/p>\n<p><span data-contrast=\"auto\">Respecto a la relaci\u00f3n entre los estudios hist\u00f3ricos y sociales, coment\u00f3 que al principio no encontraba elementos para separarlos. Sin embargo, lo importante es pensar c\u00f3mo articularlos para tener una interpretaci\u00f3n m\u00e1s enriquecedora de las distintas problem<\/span><span data-contrast=\"auto\">\u00e1ticas.<\/span><span data-ccp-props=\"{&quot;201341983&quot;:0,&quot;335559731&quot;:708,&quot;335559739&quot;:0,&quot;335559740&quot;:240}\">\u00a0<\/span><\/p>\n<p><span data-contrast=\"auto\">\u201cEn el IIHS se abordan cuestiones antropol\u00f3gicas, hist\u00f3ricas, pol\u00edticas, sociol\u00f3gicas; creo que se tiene que insistir en que la reflexi\u00f3n y el proceso de an\u00e1lisis debe rebasar el proceso de los intereses inmediatos y pragm\u00e1ticos.\u201d<\/span><span data-ccp-props=\"{&quot;201341983&quot;:0,&quot;335559731&quot;:708,&quot;335559739&quot;:0,&quot;335559740&quot;:240}\">\u00a0<\/span><\/p>\n<p><span data-contrast=\"auto\">Mart\u00edn Aguilar comparti\u00f3 con los asistentes el primer contacto que tuvo con este instituto en su etapa como estudiante de la Licenciatura en Sociolog\u00eda.<\/span> <span data-contrast=\"auto\">En ese periodo el marxismo era predominante, y \u00e9l estaba convencido del momento social y pol\u00edtico del pa\u00eds.<\/span><span data-ccp-props=\"{&quot;201341983&quot;:0,&quot;335559731&quot;:708,&quot;335559739&quot;:0,&quot;335559740&quot;:240}\">\u00a0<\/span><\/p>\n<p><span data-contrast=\"auto\">Desde su perspectiva, el soci\u00f3logo, cuyas l\u00edneas de investigaci\u00f3n se centran en la acci\u00f3n colectiva, sistemas pol\u00edticos y movimientos sociales, consider\u00f3 que el IIHS siempre ha sido un espacio para debatir y reflexionar, pues le permiti\u00f3 abrir su panorama sobre la relaci\u00f3n entre sociolog\u00eda e historia.<\/span><span data-ccp-props=\"{&quot;201341983&quot;:0,&quot;335559731&quot;:708,&quot;335559739&quot;:0,&quot;335559740&quot;:240}\">\u00a0<\/span><\/p>\n<p><span data-contrast=\"auto\">\u00a0En cuanto a la diversificaci\u00f3n del quehacer del IIHS, Ana Isabel Fontecilla, doctora en Estudios del Desarrollo por la Universidad de Leeds, Reino Unido, apunt\u00f3 que las tem\u00e1ticas que se abordan tienen que ver con debates acad\u00e9micos y no necesariamente con la realidad.<\/span><\/p>\n<p><span data-contrast=\"auto\">\u201cUna buena teor\u00eda y problematizaci\u00f3n te\u00f3rica resuelve mucho m\u00e1s un problema, que querer simular que estamos atendiendo una situaci\u00f3n de la realidad inmediata. Mi preocupaci\u00f3n es que caemos en un proceso de simulaci\u00f3n, de atenci<\/span><span data-contrast=\"auto\">\u00f3n de problemas de la realidad.\u201d<\/span><\/p>\n<p>&nbsp;<\/p>\n<div id=\"attachment_120950\" style=\"width: 732px\" class=\"wp-caption aligncenter\"><a href=\"https:\/\/www.uv.mx\/prensa\/files\/2022\/09\/080922-COLOQUIO-IIHS-3.jpg\"><img aria-describedby=\"caption-attachment-120950\" decoding=\"async\" loading=\"lazy\" class=\"size-full wp-image-120950\" src=\"https:\/\/www.uv.mx\/prensa\/files\/2022\/09\/080922-COLOQUIO-IIHS-3.jpg\" alt=\"\" width=\"722\" height=\"482\" srcset=\"https:\/\/www.uv.mx\/prensa\/files\/2022\/09\/080922-COLOQUIO-IIHS-3.jpg 722w, https:\/\/www.uv.mx\/prensa\/files\/2022\/09\/080922-COLOQUIO-IIHS-3-300x200.jpg 300w\" sizes=\"(max-width: 722px) 100vw, 722px\" \/><\/a><p id=\"caption-attachment-120950\" class=\"wp-caption-text\">Malik Laurent Tahar Chaouch expres\u00f3 que los investigadores deben hacer una reflexi\u00f3n cr\u00edtica ante el contexto global nacional<\/p><\/div>\n<p>&nbsp;<\/p>\n<p><span data-contrast=\"auto\">Opin\u00f3 que en la diversificaci\u00f3n queda m\u00e1s por hacer, pues las agendas deben transformarse de fondo y pensarse mucho m\u00e1s.<\/span><span data-ccp-props=\"{&quot;201341983&quot;:0,&quot;335559731&quot;:708,&quot;335559739&quot;:0,&quot;335559740&quot;:240}\">\u00a0<\/span><\/p>\n<p><span data-contrast=\"auto\">Fontecilla Carbonell tambi\u00e9n retom\u00f3 la importancia y relaci\u00f3n de la historia y las ciencias sociales, lo cual no ha sido sencillo. \u201cEs algo no resuelto, creo que las y los historiadores cada d\u00eda tienen m\u00e1s conceptos y formas de trabajo de la sociolog\u00eda y la antropolog\u00eda; tambi\u00e9n las ciencias sociales reconocen esta idea de la larga duraci\u00f3n.<\/span><span data-ccp-props=\"{&quot;201341983&quot;:0,&quot;335559731&quot;:708,&quot;335559739&quot;:0,&quot;335559740&quot;:240}\">\u00a0<\/span><\/p>\n<p><span data-contrast=\"auto\">\u201dNo est\u00e1 resuelto porque estamos en la modernidad, creo que tenemos un gran camino por delante, grandes cosas por aportar como instituto, nos hemos dado cuenta, tenemos un campo de oportunidad.\u201d<\/span><span data-ccp-props=\"{&quot;201341983&quot;:0,&quot;335559731&quot;:708,&quot;335559739&quot;:0,&quot;335559740&quot;:240}\">\u00a0<\/span><\/p>\n<p><span data-contrast=\"auto\">En su intervenci\u00f3n, Malik Laurent Tahar record\u00f3 que el IIHS naci\u00f3 en la d\u00e9cada de los setenta, en medio del cambio paradigm\u00e1tico de la investigaci\u00f3n a nivel global.<\/span><span data-ccp-props=\"{&quot;201341983&quot;:0,&quot;335559731&quot;:708,&quot;335559739&quot;:0,&quot;335559740&quot;:240}\">\u00a0<\/span><\/p>\n<p><span data-contrast=\"auto\">En M\u00e9xico, espec\u00edficamente, surgieron procesos como el Sistema Nacional de Investigadores (SNI), toda una serie de programas y de l\u00f3gicas que cambiaron la din\u00e1mica de investigaci\u00f3n en el pa\u00eds.<\/span><span data-ccp-props=\"{&quot;201341983&quot;:0,&quot;335559731&quot;:708,&quot;335559739&quot;:0,&quot;335559740&quot;:240}\">\u00a0<\/span><\/p>\n<p><span data-contrast=\"auto\">Es un paradigma que se define en los a\u00f1os setenta y hasta la fecha es vigente; se basa en la competitividad, productivismo y el capitalismo acad\u00e9mico, dijo.<\/span><\/p>\n<p>&nbsp;<\/p>\n<div id=\"attachment_120954\" style=\"width: 732px\" class=\"wp-caption aligncenter\"><a href=\"https:\/\/www.uv.mx\/prensa\/files\/2022\/09\/080922-COLOQUIO-IIHS-4.jpg\"><img aria-describedby=\"caption-attachment-120954\" decoding=\"async\" loading=\"lazy\" class=\"size-full wp-image-120954\" src=\"https:\/\/www.uv.mx\/prensa\/files\/2022\/09\/080922-COLOQUIO-IIHS-4.jpg\" alt=\"\" width=\"722\" height=\"482\" srcset=\"https:\/\/www.uv.mx\/prensa\/files\/2022\/09\/080922-COLOQUIO-IIHS-4.jpg 722w, https:\/\/www.uv.mx\/prensa\/files\/2022\/09\/080922-COLOQUIO-IIHS-4-300x200.jpg 300w\" sizes=\"(max-width: 722px) 100vw, 722px\" \/><\/a><p id=\"caption-attachment-120954\" class=\"wp-caption-text\">Ana Isabel Fontecilla Carbonell durante su participaci\u00f3n en el panel \u201cLa experiencia de hacer trabajo acad\u00e9mico en el IIHS\u201d<\/p><\/div>\n<p>&nbsp;<\/p>\n<p><span data-contrast=\"auto\">Entonces, se generaron procesos de individualizaci\u00f3n de la investigaci\u00f3n, donde cada quien compite por su carrera acad\u00e9mica, lo cual impact\u00f3 en el IIHS.<\/span><span data-ccp-props=\"{&quot;201341983&quot;:0,&quot;335559731&quot;:708,&quot;335559739&quot;:0,&quot;335559740&quot;:240}\">\u00a0<\/span><\/p>\n<p><span data-contrast=\"auto\">\u201cEn todo el pa\u00eds, en las instituciones de educaci\u00f3n superior fue un fen\u00f3meno global que gener\u00f3 m\u00e1s o menos resistencias.\u201d<\/span><span data-ccp-props=\"{&quot;201341983&quot;:0,&quot;335559731&quot;:708,&quot;335559739&quot;:0,&quot;335559740&quot;:240}\">\u00a0<\/span><\/p>\n<p><span data-contrast=\"auto\">Hoy en d\u00eda, la idea que impera es la de edificar esas din\u00e1micas de vincular la investigaci\u00f3n con las necesidades de la sociedad, de generar programas con impacto social. Es la responsabilidad como investigadores, dijo.<\/span><span data-ccp-props=\"{&quot;201341983&quot;:0,&quot;335559739&quot;:0,&quot;335559740&quot;:240}\">\u00a0<\/span><\/p>\n<p><span data-contrast=\"auto\">\u201cComo analistas de los problemas sociales tenemos la responsabilidad, la capacidad de cambio de paradigma, ver c\u00f3mo nos adaptamos y adecuamos. Somos actores de la investigaci\u00f3n y de esos procesos.\u00a0<\/span><span data-ccp-props=\"{&quot;201341983&quot;:0,&quot;335559731&quot;:708,&quot;335559739&quot;:0,&quot;335559740&quot;:240}\">\u00a0<\/span><\/p>\n<p><span data-contrast=\"auto\">\u201dEl IIHS ha evolucionado dentro de esas din\u00e1micas, hay muchas preguntas que nos debemos hacer, sobre c\u00f3mo lo vemos de forma colectiva y pensamos actuar en el futuro.\u201d<\/span><span data-ccp-props=\"{&quot;201341983&quot;:0,&quot;335559731&quot;:708,&quot;335559739&quot;:0,&quot;335559740&quot;:240}\">\u00a0<\/span><\/p>\n<p><span data-contrast=\"auto\">Es decir, c\u00f3mo debe evolucionar el IIHS y en qu\u00e9 medida responder\u00e1 y definir\u00e1 ciertas pol\u00edticas propias de la misma Universidad.<\/span><span data-ccp-props=\"{&quot;201341983&quot;:0,&quot;335559731&quot;:708,&quot;335559739&quot;:0,&quot;335559740&quot;:240}\">\u00a0<\/span><\/p>\n<p><span data-contrast=\"auto\">\u201cLos investigadores debemos hacer una reflexi\u00f3n cr\u00edtica ante el contexto global nacional\u201d, a\u00f1adi\u00f3.<\/span><\/p>\n","protected":false},"excerpt":{"rendered":"<p>\u201cSiempre ha sido escenario de debates interesantes entre las ciencias sociales, la historia y las ciencias exactas, en los que ha habido posicionamientos y altibajos\u201d, expres\u00f3 el Rector de la UV\u00a0<\/p>\n","protected":false},"author":1869,"featured_media":120953,"comment_status":"closed","ping_status":"closed","sticky":false,"template":"","format":"standard","meta":[],"categories":[1,61],"tags":[8587,8588,4163,8589,6249,8495],"_links":{"self":[{"href":"https:\/\/www.uv.mx\/prensa\/wp-json\/wp\/v2\/posts\/120960"}],"collection":[{"href":"https:\/\/www.uv.mx\/prensa\/wp-json\/wp\/v2\/posts"}],"about":[{"href":"https:\/\/www.uv.mx\/prensa\/wp-json\/wp\/v2\/types\/post"}],"author":[{"embeddable":true,"href":"https:\/\/www.uv.mx\/prensa\/wp-json\/wp\/v2\/users\/1869"}],"replies":[{"embeddable":true,"href":"https:\/\/www.uv.mx\/prensa\/wp-json\/wp\/v2\/comments?post=120960"}],"version-history":[{"count":1,"href":"https:\/\/www.uv.mx\/prensa\/wp-json\/wp\/v2\/posts\/120960\/revisions"}],"predecessor-version":[{"id":121034,"href":"https:\/\/www.uv.mx\/prensa\/wp-json\/wp\/v2\/posts\/120960\/revisions\/121034"}],"wp:featuredmedia":[{"embeddable":true,"href":"https:\/\/www.uv.mx\/prensa\/wp-json\/wp\/v2\/media\/120953"}],"wp:attachment":[{"href":"https:\/\/www.uv.mx\/prensa\/wp-json\/wp\/v2\/media?parent=120960"}],"wp:term":[{"taxonomy":"category","embeddable":true,"href":"https:\/\/www.uv.mx\/prensa\/wp-json\/wp\/v2\/categories?post=120960"},{"taxonomy":"post_tag","embeddable":true,"href":"https:\/\/www.uv.mx\/prensa\/wp-json\/wp\/v2\/tags?post=120960"}],"curies":[{"name":"wp","href":"https:\/\/api.w.org\/{rel}","templated":true}]}}