{"id":121000,"date":"2022-09-09T00:05:33","date_gmt":"2022-09-09T05:05:33","guid":{"rendered":"https:\/\/www.uv.mx\/prensa\/?p=121000"},"modified":"2022-09-09T13:04:29","modified_gmt":"2022-09-09T18:04:29","slug":"cesar-aristides-presento-libro-sobre-celine-en-la-filu","status":"publish","type":"post","link":"https:\/\/www.uv.mx\/prensa\/filu-2022\/cesar-aristides-presento-libro-sobre-celine-en-la-filu\/","title":{"rendered":"C\u00e9sar Ar\u00edstides present\u00f3 libro sobre C\u00e9line en la FILU"},"content":{"rendered":"<ul class=\"ul1\">\n<li class=\"li1\"><i>En la obra, editada por la Universidad Veracruzana, aborda <\/i>l<i>a vida del pol\u00e9mico novelista y m\u00e9dico franc\u00e9s<\/i><\/li>\n<li class=\"li1\"><i>Los escritores Jos\u00e9 Luis Rivas y Godofredo Olivares acompa\u00f1aron al autor en la sesi\u00f3n<\/i><\/li>\n<\/ul>\n<p>&nbsp;<\/p>\n<div id=\"attachment_120992\" style=\"width: 732px\" class=\"wp-caption aligncenter\"><img aria-describedby=\"caption-attachment-120992\" decoding=\"async\" loading=\"lazy\" class=\"size-full wp-image-120992\" src=\"https:\/\/www.uv.mx\/prensa\/files\/2022\/09\/080922-CARLOS-Libro-Louis-1.jpg\" alt=\"Los panelistas dialogaron sobre la personalidad pol\u00e9mica de Louis-Ferdinand C\u00e9line\" width=\"722\" height=\"542\" srcset=\"https:\/\/www.uv.mx\/prensa\/files\/2022\/09\/080922-CARLOS-Libro-Louis-1.jpg 722w, https:\/\/www.uv.mx\/prensa\/files\/2022\/09\/080922-CARLOS-Libro-Louis-1-300x225.jpg 300w\" sizes=\"(max-width: 722px) 100vw, 722px\" \/><p id=\"caption-attachment-120992\" class=\"wp-caption-text\">Los panelistas dialogaron sobre la personalidad pol\u00e9mica de Louis-Ferdinand C\u00e9line<\/p><\/div>\n<p>&nbsp;<\/p>\n<p class=\"p1\"><b><i>Carlos Hugo Hermida Rosales<\/i><\/b><\/p>\n<p class=\"p1\"><b><i>09\/09\/2022, Xalapa, Ver.-<\/i><\/b> El escritor y rese\u00f1ista literario C\u00e9sar Ar\u00edstides present\u00f3 dentro de la <a href=\"https:\/\/www.uv.mx\/filu\/\" target=\"_blank\" rel=\"noopener\">Feria Internacional del Libro Universitario<\/a> (FILU) 2022 de la Universidad Veracruzana (UV), el libro <i>Louis-Ferdinand C\u00e9line en Dinamarca<\/i>, obra en la que aborda la vida del pol\u00e9mico novelista y m\u00e9dico franc\u00e9s.<\/p>\n<p class=\"p3\">El autor estuvo acompa\u00f1ado por Jos\u00e9 Luis Rivas, del Instituto de Investigaciones Ling\u00fc\u00edstico-Literarias, y Godofredo Olivares, ensayista<span class=\"Apple-converted-space\">\u00a0<\/span>y periodista.<\/p>\n<p class=\"p3\">Jos\u00e9 Luis Rivas mencion\u00f3 que en una \u00e9poca de gran abundancia de libros de poes\u00eda, C\u00e9sar Ar\u00edstides entrega una obra <i>sui g\u00e9neris<\/i>, en la que testimonia parte de la vida de Louis-Ferdinand C\u00e9line.<\/p>\n<p class=\"p3\">Afirm\u00f3 que el autor de este libro, editado por la Universidad Veracruzana (UV), es un escritor de raza, capaz de demostrar que la literatura puede tratar de expresar al hombre en su totalidad.<\/p>\n<div id=\"attachment_120991\" style=\"width: 732px\" class=\"wp-caption aligncenter\"><img aria-describedby=\"caption-attachment-120991\" decoding=\"async\" loading=\"lazy\" class=\"size-full wp-image-120991\" src=\"https:\/\/www.uv.mx\/prensa\/files\/2022\/09\/080922-CARLOS-Libro-Louis-2.jpg\" alt=\"C\u00e9sar Ar\u00edstides con la obra de la Editorial UV\" width=\"722\" height=\"542\" srcset=\"https:\/\/www.uv.mx\/prensa\/files\/2022\/09\/080922-CARLOS-Libro-Louis-2.jpg 722w, https:\/\/www.uv.mx\/prensa\/files\/2022\/09\/080922-CARLOS-Libro-Louis-2-300x225.jpg 300w\" sizes=\"(max-width: 722px) 100vw, 722px\" \/><p id=\"caption-attachment-120991\" class=\"wp-caption-text\">C\u00e9sar Ar\u00edstides con la obra de la Editorial UV<\/p><\/div>\n<p>&nbsp;<\/p>\n<p class=\"p3\">Godofredo Olivares declar\u00f3 que en su obra Ar\u00edstides hace un recreo po\u00e9tico con maestr\u00eda en torno la existencia de Louis-Ferdinand C\u00e9line, m\u00e9dico condenado por sus compatriotas, cuyos textos revolucionaron la narrativa entre las guerras mundiales, debido a su crudeza.<\/p>\n<p class=\"p3\">C\u00e9sar Ar\u00edstides manifest\u00f3 que trav\u00e9s de su libro busca rendir un peque\u00f1o homenaje al lenguaje abrasivo, violento, quemante, irascible, socarr\u00f3n y tramposo de C\u00e9line.<\/p>\n","protected":false},"excerpt":{"rendered":"<p>En esta obra, el escritor busca rendir un homenaje al lenguaje abrasivo, violento, quemante e irascible del novelista franc\u00e9s<\/p>\n","protected":false},"author":1775,"featured_media":120992,"comment_status":"closed","ping_status":"closed","sticky":false,"template":"","format":"standard","meta":[],"categories":[8448],"tags":[4161,8592,1537,580,1366,258,8449,8593,1538,1864,586,1544,8591],"_links":{"self":[{"href":"https:\/\/www.uv.mx\/prensa\/wp-json\/wp\/v2\/posts\/121000"}],"collection":[{"href":"https:\/\/www.uv.mx\/prensa\/wp-json\/wp\/v2\/posts"}],"about":[{"href":"https:\/\/www.uv.mx\/prensa\/wp-json\/wp\/v2\/types\/post"}],"author":[{"embeddable":true,"href":"https:\/\/www.uv.mx\/prensa\/wp-json\/wp\/v2\/users\/1775"}],"replies":[{"embeddable":true,"href":"https:\/\/www.uv.mx\/prensa\/wp-json\/wp\/v2\/comments?post=121000"}],"version-history":[{"count":1,"href":"https:\/\/www.uv.mx\/prensa\/wp-json\/wp\/v2\/posts\/121000\/revisions"}],"predecessor-version":[{"id":121023,"href":"https:\/\/www.uv.mx\/prensa\/wp-json\/wp\/v2\/posts\/121000\/revisions\/121023"}],"wp:featuredmedia":[{"embeddable":true,"href":"https:\/\/www.uv.mx\/prensa\/wp-json\/wp\/v2\/media\/120992"}],"wp:attachment":[{"href":"https:\/\/www.uv.mx\/prensa\/wp-json\/wp\/v2\/media?parent=121000"}],"wp:term":[{"taxonomy":"category","embeddable":true,"href":"https:\/\/www.uv.mx\/prensa\/wp-json\/wp\/v2\/categories?post=121000"},{"taxonomy":"post_tag","embeddable":true,"href":"https:\/\/www.uv.mx\/prensa\/wp-json\/wp\/v2\/tags?post=121000"}],"curies":[{"name":"wp","href":"https:\/\/api.w.org\/{rel}","templated":true}]}}