{"id":12120,"date":"2016-06-10T11:56:17","date_gmt":"2016-06-10T16:56:17","guid":{"rendered":"https:\/\/www.uv.mx\/prensa\/?p=12120"},"modified":"2016-06-10T11:56:17","modified_gmt":"2016-06-10T16:56:17","slug":"uv-conforma-red-institucional-de-etnobotanica","status":"publish","type":"post","link":"https:\/\/www.uv.mx\/prensa\/general\/uv-conforma-red-institucional-de-etnobotanica\/","title":{"rendered":"UV conforma Red Institucional de Etnobot\u00e1nica"},"content":{"rendered":"<ul>\n<li><em>Para conjuntar conocimiento del uso de plantas medicinales<\/em><\/li>\n<li><em>Las direcciones generales de Vinculaci\u00f3n y del \u00c1rea Acad\u00e9mica Biol\u00f3gico-Agropecuaria invitan a los investigadores y acad\u00e9micos a adscribirse a la red<\/em><\/li>\n<li><em>Los interesados en colaborar podr\u00e1n registrar su solicitud en <\/em><a href=\"https:\/\/www.uv.mx\/vinculacion\/noticia\/red-institucional-de-etnobotanica-de-la-universidad-veracruzana\/\"><em>https:\/\/www.uv.mx\/vinculacion\/noticia\/red-institucional-de-etnobotanica-de-la-universidad-veracruzana\/<\/em><\/a><\/li>\n<\/ul>\n<p>&nbsp;<\/p>\n<div id=\"attachment_12123\" style=\"width: 732px\" class=\"wp-caption aligncenter\"><a href=\"https:\/\/www.uv.mx\/prensa\/files\/2016\/06\/Red-poal.jpg\"><img aria-describedby=\"caption-attachment-12123\" decoding=\"async\" loading=\"lazy\" class=\"size-full wp-image-12123\" src=\"https:\/\/www.uv.mx\/prensa\/files\/2016\/06\/Red-poal.jpg\" alt=\"Domingo Canales Espinosa y Rebeca Hern\u00e1ndez Ar\u00e1mburo dieron a conocer la conformaci\u00f3n de la Red Institucional de Etnobot\u00e1nica\" width=\"722\" height=\"482\" srcset=\"https:\/\/www.uv.mx\/prensa\/files\/2016\/06\/Red-poal.jpg 722w, https:\/\/www.uv.mx\/prensa\/files\/2016\/06\/Red-poal-300x200.jpg 300w\" sizes=\"(max-width: 722px) 100vw, 722px\" \/><\/a><p id=\"caption-attachment-12123\" class=\"wp-caption-text\">Domingo Canales Espinosa y Rebeca Hern\u00e1ndez Ar\u00e1mburo dieron a conocer la conformaci\u00f3n de la Red Institucional de Etnobot\u00e1nica<\/p><\/div>\n<p>&nbsp;<\/p>\n<p><strong><em>Paola Cort\u00e9s P\u00e9rez<\/em><\/strong><\/p>\n<p>&nbsp;<\/p>\n<p><strong><em>Xalapa, Ver. 10\/06\/2016.-<\/em><\/strong><em>\u00a0<\/em>La Direcci\u00f3n General de Vinculaci\u00f3n y la Direcci\u00f3n General del \u00c1rea Acad\u00e9mica Biol\u00f3gico-Agropecuaria (DGAABA), invitan a todos los investigadores y acad\u00e9micos de la Universidad Veracruzana (UV) a adscribirse a la Red Institucional de Etnobot\u00e1nica, la cual tiene por objetivo rescatar y conjuntar todos los conocimientos generados sobre el uso tradicional de las plantas medicinales y t\u00f3picos afines.<\/p>\n<p>Domingo Canales Espinosa, titular de la DGAABA, resalt\u00f3 que en las cinco regiones de la UV hay estudiantes, acad\u00e9micos e investigadores que desarrollan proyectos etnobot\u00e1nicos, es por ello que surgi\u00f3 la idea de conformar esta red.<\/p>\n<p>Adem\u00e1s, Rebeca Hern\u00e1ndez Ar\u00e1mburo, directora general de Vinculaci\u00f3n, coment\u00f3 que la iniciativa surgi\u00f3 del inter\u00e9s de compartir y difundir los conocimientos generados al interior de la Universidad en torno a la etnobot\u00e1nica, \u201cesto se relaciona con las actividades que realizar\u00e1 la Oficina de Transferencia, tales como identificar cu\u00e1les son las l\u00edneas estrat\u00e9gicas que permitan desarrollar investigaci\u00f3n de punta\u201d.<\/p>\n<p>Canales Espinosa indic\u00f3 que los objetivos principales de la red ser\u00e1n: recuperar las tesis y trabajos de investigaci\u00f3n sobre etnobot\u00e1nica para construir un acervo bibliogr\u00e1fico; promover y divulgar los estudios etnobot\u00e1nicos de las regiones universitarias y de la Universidad Veracruzana Intercultural; impulsar la formaci\u00f3n y capacitaci\u00f3n en el uso correcto de las plantas tradicionales; difundir los avances t\u00e9cnicos y cient\u00edficos sobre el tema, entre otros.<\/p>\n<p>\u201cLo que buscamos es ordenar este conocimiento para vincularnos con los grupos ind\u00edgenas que tienen saberes tradicionales adquiridos y que necesitamos aprender, as\u00ed como con otros especialistas del pa\u00eds y del extranjero.\u201d<\/p>\n<p>Para ello, dijo Hern\u00e1ndez Ar\u00e1mburo, primero ser\u00e1 necesario invitar a los acad\u00e9micos e investigadores de esta casa de estudios a presentar sus solicitudes para integrarse a la Red Institucional de Etnobot\u00e1nica, quienes podr\u00e1n hacerlo en <a href=\"http:\/\/bit.ly\/1WC2OlW\">http:\/\/bit.ly\/1WC2OlW<\/a>.<\/p>\n<p>Detall\u00f3 que despu\u00e9s de conformada la red, se invitar\u00e1 a todos los acad\u00e9micos e investigadores adscritos a llevar a cabo una primer reuni\u00f3n en la que se elegir\u00e1 a los coordinadores de la misma.<\/p>\n<p>Finalmente, enfatiz\u00f3 la importancia del rescate y difusi\u00f3n de la etnobot\u00e1nica, en especial el uso de las plantas medicinales, ya que en la actualidad el sistema de salud resulta insuficiente para atender a la poblaci\u00f3n.<\/p>\n<p>\u201cTenemos una riqueza de conocimiento en el uso medicinal de las plantas, lo cual es de gran val\u00eda ahora que nos hemos dado cuenta que el sector salud ya no es suficiente para atender a la poblaci\u00f3n; entonces, es necesario regresar a este conocimiento ancestral que debe ser validado por la Universidad y as\u00ed poder identificar m\u00e1s usos medicinales.\u201d<\/p>\n<p>Reiter\u00f3 que la red busca compartir los conocimientos generados en la UV, con la finalidad de incrementar los mismos en el \u00e1rea de la etnobot\u00e1nica; no descart\u00f3 la posibilidad que en una segunda etapa de la red podr\u00edan participar investigadores de otras instituciones.<\/p>\n<p>&nbsp;<\/p>\n","protected":false},"excerpt":{"rendered":"<p><strong><em>Paola Cort\u00e9s.-<\/em><\/strong>La Direcci\u00f3n General de Vinculaci\u00f3n y la Direcci\u00f3n General del \u00c1rea Acad\u00e9mica Biol\u00f3gico-Agropecuaria (DGAABA), invitan a todos los investigadores y acad\u00e9micos de la Universidad Veracruzana (UV) a adscribirse a la Red Institucional de Etnobot\u00e1nica, la cual tiene por objetivo rescatar y conjuntar todos los conocimientos generados sobre el uso tradicional de las plantas medicinales y t\u00f3picos afines.<\/p>\n","protected":false},"author":1810,"featured_media":12122,"comment_status":"closed","ping_status":"closed","sticky":false,"template":"","format":"standard","meta":[],"categories":[1],"tags":[2],"_links":{"self":[{"href":"https:\/\/www.uv.mx\/prensa\/wp-json\/wp\/v2\/posts\/12120"}],"collection":[{"href":"https:\/\/www.uv.mx\/prensa\/wp-json\/wp\/v2\/posts"}],"about":[{"href":"https:\/\/www.uv.mx\/prensa\/wp-json\/wp\/v2\/types\/post"}],"author":[{"embeddable":true,"href":"https:\/\/www.uv.mx\/prensa\/wp-json\/wp\/v2\/users\/1810"}],"replies":[{"embeddable":true,"href":"https:\/\/www.uv.mx\/prensa\/wp-json\/wp\/v2\/comments?post=12120"}],"version-history":[{"count":0,"href":"https:\/\/www.uv.mx\/prensa\/wp-json\/wp\/v2\/posts\/12120\/revisions"}],"wp:featuredmedia":[{"embeddable":true,"href":"https:\/\/www.uv.mx\/prensa\/wp-json\/wp\/v2\/media\/12122"}],"wp:attachment":[{"href":"https:\/\/www.uv.mx\/prensa\/wp-json\/wp\/v2\/media?parent=12120"}],"wp:term":[{"taxonomy":"category","embeddable":true,"href":"https:\/\/www.uv.mx\/prensa\/wp-json\/wp\/v2\/categories?post=12120"},{"taxonomy":"post_tag","embeddable":true,"href":"https:\/\/www.uv.mx\/prensa\/wp-json\/wp\/v2\/tags?post=12120"}],"curies":[{"name":"wp","href":"https:\/\/api.w.org\/{rel}","templated":true}]}}