{"id":12143,"date":"2016-06-11T07:00:11","date_gmt":"2016-06-11T12:00:11","guid":{"rendered":"https:\/\/www.uv.mx\/prensa\/?p=12143"},"modified":"2016-06-10T14:42:01","modified_gmt":"2016-06-10T19:42:01","slug":"uv-realizara-coloquio-nacional-sobre-modelos-educativos","status":"publish","type":"post","link":"https:\/\/www.uv.mx\/prensa\/general\/uv-realizara-coloquio-nacional-sobre-modelos-educativos\/","title":{"rendered":"UV realizar\u00e1 coloquio nacional sobre modelos educativos"},"content":{"rendered":"<ul>\n<li><em>Del 5 al 7 de octubre<\/em><\/li>\n<li><em>El objetivo es mapear el estado actual y futuro de los proyectos universitarios con l\u00edderes institucionales, y especialistas en las l\u00edneas tem\u00e1ticas del coloquio<\/em><\/li>\n<li><em>Se invit\u00f3 a m\u00e1s de 40 universidades p\u00fablicas e institutos de educaci\u00f3n superior<\/em><\/li>\n<li><em>\u201cEs oportuno por los cambios que vive el pa\u00eds en materia educativa, como son las crecientes restricciones de financiamiento p\u00fablico, las condiciones cambiantes de la estructura ocupacional y las tendencias de la sociedad de la informaci\u00f3n, entre otras\u201d: Elizabeth Ocampo G\u00f3mez<\/em><\/li>\n<\/ul>\n<p>&nbsp;<\/p>\n<div id=\"attachment_12144\" style=\"width: 732px\" class=\"wp-caption aligncenter\"><a href=\"https:\/\/www.uv.mx\/prensa\/files\/2016\/06\/quiiiiioo.jpg\"><img aria-describedby=\"caption-attachment-12144\" decoding=\"async\" loading=\"lazy\" class=\"size-full wp-image-12144\" src=\"https:\/\/www.uv.mx\/prensa\/files\/2016\/06\/quiiiiioo.jpg\" alt=\"Elizabeth Ocampo G\u00f3mez, investigadora de tiempo completo del IIE y coordinador de Evaluaci\u00f3n del MEIF \" width=\"722\" height=\"482\" srcset=\"https:\/\/www.uv.mx\/prensa\/files\/2016\/06\/quiiiiioo.jpg 722w, https:\/\/www.uv.mx\/prensa\/files\/2016\/06\/quiiiiioo-300x200.jpg 300w\" sizes=\"(max-width: 722px) 100vw, 722px\" \/><\/a><p id=\"caption-attachment-12144\" class=\"wp-caption-text\">Elizabeth Ocampo G\u00f3mez, investigadora de tiempo completo del IIE y coordinadora de Evaluaci\u00f3n del MEIF<\/p><\/div>\n<p>&nbsp;<\/p>\n<p><strong><em>Paola Cort\u00e9s P\u00e9rez<\/em><\/strong><\/p>\n<p>&nbsp;<\/p>\n<p><strong><em>Xalapa, Ver. 11\/06\/2016.-<\/em><\/strong><em>\u00a0<\/em>La Rector\u00eda, en coordinaci\u00f3n con la Secretar\u00eda Acad\u00e9mica de la Universidad Veracruzana (UV) llevar\u00e1 a cabo el Coloquio Nacional sobre Modelos Educativos Universitarios. \u201cRetos y perspectivas en su dise\u00f1o y operaci\u00f3n\u201d, los d\u00edas, 5, 6 y 7 de octubre del presente a\u00f1o, en la Unidad de Servicios Bibliotecarios y de Informaci\u00f3n (USBI) Xalapa, con la finalidad de mapear el estado actual y futuro de los modelos educativos.<\/p>\n<p>Elizabeth Ocampo G\u00f3mez, investigadora de tiempo completo en el Instituto de Investigaciones en Educaci\u00f3n (IIE) de esta casa de estudios, dijo que fueron invitadas a participar en el coloquio m\u00e1s de 40 universidades p\u00fablicas del pa\u00eds.<\/p>\n<p>\u201cLos invitados nos han expresado que tienen mucho inter\u00e9s en acudir, ya que consideran que es un espacio necesario para compartir sus aprendizajes y los retos principales que han enfrentado en su transici\u00f3n de modelos r\u00edgidos a modelos flexibles o semiflexibles.\u201d<\/p>\n<p>Reiter\u00f3 que el objetivo es mapear el estado actual de los modelos de las universidades p\u00fablicas, sus tendencias y horizontes de posibilidad; lo cual es muy oportuno en este momento que se presentan cambios importantes en materia educativa donde las universidades cada vez reciben m\u00e1s presiones para responder de manera puntual a la demandas del mercado, de la sociedad y del estado. Indirectamente tambi\u00e9n interesa compartir la experiencia de la UV con su modelo, los resultados de nuestra evaluaci\u00f3n, y seguir posicionando a la UV como un referente nacional.<\/p>\n<p>El evento, mencion\u00f3, est\u00e1 dirigido a representantes de las universidades, estudiantes y acad\u00e9micos, equipos de evaluaci\u00f3n o dise\u00f1o de modelos pedag\u00f3gicos flexibles.<\/p>\n<p>Especific\u00f3 que el coloquio se desarrollar\u00e1 en mesas de trabajo a lo largo de tres d\u00edas, durante los cuales se compartir\u00e1n experiencias y perspectivas sobre tem\u00e1ticas espec\u00edficas. Para el \u00faltimo d\u00eda, se realizar\u00e1 una plenaria que permita sistematizar la discusi\u00f3n de los d\u00edas previos y construir conclusiones del trabajo realizado.<\/p>\n<p>Los temas a desarrollar en las mesas de trabajo son: operaci\u00f3n y administraci\u00f3n, recursos pedag\u00f3gicos y did\u00e1cticos, recursos financieros y legales, y sujetos de la educaci\u00f3n.<\/p>\n<p>La tambi\u00e9n Coordinadora de la Evaluaci\u00f3n del Modelo Educativo Integral y Flexible (MEIF) de la UV, adelant\u00f3 que se dictar\u00e1n tres conferencias magistrales: el 5 de octubre est\u00e1 programada Alicia de Alba Ceballos, del Instituto de Investigaciones sobre la Universidad y la Educaci\u00f3n, de la UNAM; el 6 de octubre, tocar\u00e1 el turno a Susan L. Robertson y Roger Dale, de la Universidad de Bristol, Reino Unido; y el 7 de octubre, har\u00e1 lo propio Roberto Rodr\u00edguez G\u00f3mez, del Instituto de Investigaciones Sociales, de la UNAM.<\/p>\n<p>Indic\u00f3 que los interesados podr\u00e1n participar de tres maneras: como ponente, cartelista y asistente. Para los ponentes y cartelistas, el registro de participaci\u00f3n y env\u00edo de res\u00famenes es el 1 de julio; mientras que los asistentes tienen hasta el 1 de septiembre para registrarse en <a href=\"https:\/\/www.uv.mx\/coloquiomeu2016\/\">https:\/\/www.uv.mx\/coloquiomeu2016\/<\/a><u>. <\/u>Es importante aclarar que la modalidad de ponente ser\u00e1 primordialmente para l\u00edderes de las universidades invitadas, sin embargo se considerar\u00e1n, bajo un proceso de selecci\u00f3n, ponencias de especialistas en las respectivas tem\u00e1ticas.<\/p>\n<p>Para mayor informaci\u00f3n sobre el evento y el programa, escribir al correo electr\u00f3nico coloquiomeu2016@uv.mx, consultar el sitio <em>web<\/em> <a href=\"https:\/\/www.uv.mx\/coloquiomeu2016\/\">https:\/\/www.uv.mx\/coloquiomeu2016\/<\/a> o llamar al tel\u00e9fono (228) 8421700, extensiones 11126 y 11713.<\/p>\n","protected":false},"excerpt":{"rendered":"<p><strong><em>Paola Cort\u00e9s.-<\/em><\/strong> La Rector\u00eda, en coordinaci\u00f3n con la Secretar\u00eda Acad\u00e9mica de la Universidad Veracruzana (UV) llevar\u00e1 a cabo el Coloquio Nacional sobre Modelos Educativos Universitarios. \u201cRetos y perspectivas en su dise\u00f1o y operaci\u00f3n\u201d, los d\u00edas, 5, 6 y 7 de octubre del presente a\u00f1o, en la Unidad de Servicios Bibliotecarios y de Informaci\u00f3n (USBI) Xalapa, con la finalidad de mapear el estado actual y futuro de los modelos educativos.<\/p>\n","protected":false},"author":1810,"featured_media":12145,"comment_status":"closed","ping_status":"closed","sticky":false,"template":"","format":"standard","meta":[],"categories":[1],"tags":[2],"_links":{"self":[{"href":"https:\/\/www.uv.mx\/prensa\/wp-json\/wp\/v2\/posts\/12143"}],"collection":[{"href":"https:\/\/www.uv.mx\/prensa\/wp-json\/wp\/v2\/posts"}],"about":[{"href":"https:\/\/www.uv.mx\/prensa\/wp-json\/wp\/v2\/types\/post"}],"author":[{"embeddable":true,"href":"https:\/\/www.uv.mx\/prensa\/wp-json\/wp\/v2\/users\/1810"}],"replies":[{"embeddable":true,"href":"https:\/\/www.uv.mx\/prensa\/wp-json\/wp\/v2\/comments?post=12143"}],"version-history":[{"count":0,"href":"https:\/\/www.uv.mx\/prensa\/wp-json\/wp\/v2\/posts\/12143\/revisions"}],"wp:featuredmedia":[{"embeddable":true,"href":"https:\/\/www.uv.mx\/prensa\/wp-json\/wp\/v2\/media\/12145"}],"wp:attachment":[{"href":"https:\/\/www.uv.mx\/prensa\/wp-json\/wp\/v2\/media?parent=12143"}],"wp:term":[{"taxonomy":"category","embeddable":true,"href":"https:\/\/www.uv.mx\/prensa\/wp-json\/wp\/v2\/categories?post=12143"},{"taxonomy":"post_tag","embeddable":true,"href":"https:\/\/www.uv.mx\/prensa\/wp-json\/wp\/v2\/tags?post=12143"}],"curies":[{"name":"wp","href":"https:\/\/api.w.org\/{rel}","templated":true}]}}