{"id":121702,"date":"2022-09-21T11:42:01","date_gmt":"2022-09-21T16:42:01","guid":{"rendered":"https:\/\/www.uv.mx\/prensa\/?p=121702"},"modified":"2022-09-29T13:33:25","modified_gmt":"2022-09-29T18:33:25","slug":"covid-19-impacto-salud-mental-en-todo-el-mundo-tamara-cibrian","status":"publish","type":"post","link":"https:\/\/www.uv.mx\/prensa\/ciencia\/covid-19-impacto-salud-mental-en-todo-el-mundo-tamara-cibrian\/","title":{"rendered":"COVID-19 impact\u00f3 salud mental en todo el mundo: Tamara Cibri\u00e1n"},"content":{"rendered":"<ul class=\"ul1\">\n<li class=\"li1\"><i>Una gran cantidad de pacientes no tuvieron una recuperaci\u00f3n completa y presentan s\u00edntomas cr\u00f3nicos de cefalea, mareo, trastornos del sue\u00f1o y dolores musculares<\/i><\/li>\n<\/ul>\n<p>&nbsp;<\/p>\n<div id=\"attachment_121674\" style=\"width: 732px\" class=\"wp-caption aligncenter\"><img aria-describedby=\"caption-attachment-121674\" decoding=\"async\" loading=\"lazy\" class=\"size-full wp-image-121674\" src=\"https:\/\/www.uv.mx\/prensa\/files\/2022\/09\/200922-CARLOS-Tardes-de-Ciencia-1.jpg\" alt=\"El estr\u00e9s fue un padecimiento que aument\u00f3 durante la pandemia de COVID-19\" width=\"722\" height=\"406\" srcset=\"https:\/\/www.uv.mx\/prensa\/files\/2022\/09\/200922-CARLOS-Tardes-de-Ciencia-1.jpg 722w, https:\/\/www.uv.mx\/prensa\/files\/2022\/09\/200922-CARLOS-Tardes-de-Ciencia-1-300x169.jpg 300w\" sizes=\"(max-width: 722px) 100vw, 722px\" \/><p id=\"caption-attachment-121674\" class=\"wp-caption-text\">El estr\u00e9s fue un padecimiento que aument\u00f3 durante la pandemia de COVID-19<\/p><\/div>\n<p>&nbsp;<\/p>\n<p class=\"p1\"><b><i>Texto y fotos: Carlos Hugo Hermida Rosales<\/i><\/b><\/p>\n<p class=\"p1\"><b><i>21\/09\/2022, Xalapa, Ver.-<\/i><\/b> \u201cLa pandemia de COVID-19 provoc\u00f3 un aumento mundial de los problemas de salud mental, incluidos de forma generalizada el estr\u00e9s, depresi\u00f3n y ansiedad\u201d, mencion\u00f3 Tamara Cibri\u00e1n Llanderal, del <a href=\"https:\/\/www.uv.mx\/neuro\/\" target=\"_blank\" rel=\"noopener\">Instituto de Neuroetolog\u00eda<\/a> de la Universidad Veracruzana (UV).<\/p>\n<p class=\"p3\">Al impartir la conferencia \u201c\u00bfQu\u00e9 afect\u00f3 m\u00e1s nuestra salud mental, el COVID-19 o el aislamiento?\u201d, dentro del programa \u201cTardes de Ciencia\u201d de la Direcci\u00f3n General de Investigaciones, comparti\u00f3 que al 2020 la pandemia hab\u00eda provocado un incremento de 27.6% de los casos de trastorno depresivo mayor, y 25.6% de los de trastornos de ansiedad.<\/p>\n<p class=\"p3\">Las afectaciones fueron mayores entre las mujeres, las personas de 20 a 24 a\u00f1os de edad, y entre quienes habitan en sitios con un alto n\u00famero de contagios.<\/p>\n<p class=\"p3\">La investigadora coment\u00f3 que en individuos con padecimientos mentales la gravedad de la enfermedad y la mortalidad aumentaban, cuando la edad era temprana y el trastorno m\u00e1s grave.<\/p>\n<p class=\"p3\">Aunado a ello, numerosos pacientes con COVID-19 no tuvieron una recuperaci\u00f3n completa y presentan una gran variedad de s\u00edntomas cr\u00f3nicos durante semanas o meses tras la infecci\u00f3n, como cefalea, mareo, trastornos del sue\u00f1o, dolores musculares, ansiedad y depresi\u00f3n.<\/p>\n<div id=\"attachment_121675\" style=\"width: 732px\" class=\"wp-caption aligncenter\"><img aria-describedby=\"caption-attachment-121675\" decoding=\"async\" loading=\"lazy\" class=\"size-full wp-image-121675\" src=\"https:\/\/www.uv.mx\/prensa\/files\/2022\/09\/200922-CARLOS-Tardes-de-Ciencia-2.jpg\" alt=\"Tamara Cibri\u00e1n Llanderal, investigadora del Instituto de Neuroetolog\u00eda de la UV\" width=\"722\" height=\"389\" srcset=\"https:\/\/www.uv.mx\/prensa\/files\/2022\/09\/200922-CARLOS-Tardes-de-Ciencia-2.jpg 722w, https:\/\/www.uv.mx\/prensa\/files\/2022\/09\/200922-CARLOS-Tardes-de-Ciencia-2-300x162.jpg 300w\" sizes=\"(max-width: 722px) 100vw, 722px\" \/><p id=\"caption-attachment-121675\" class=\"wp-caption-text\">Tamara Cibri\u00e1n Llanderal, investigadora del Instituto de Neuroetolog\u00eda de la UV<\/p><\/div>\n<p>&nbsp;<\/p>\n<p class=\"p3\">Con respecto al suicidio, en la mayor\u00eda de los pa\u00edses la tasa no aument\u00f3 al comienzo de la pandemia, sin embargo, s\u00ed hubo indicios de incremento de riesgo en j\u00f3venes, y el impacto a largo plazo y la recesi\u00f3n econ\u00f3mica asociada en la salud mental a\u00fan son motivo de preocupaci\u00f3n.<\/p>\n<p class=\"p3\">Tamara Cibri\u00e1n comparti\u00f3 que antes de la pandemia s\u00f3lo una minor\u00eda de personas con padecimientos mentales recib\u00eda tratamiento, y distintos estudios muestran que despu\u00e9s de ella la brecha entre personas con padecimientos y aquellas que se pudieron atender, se ampli\u00f3.<\/p>\n<p class=\"p3\">\u201cMuchas intervenciones psicol\u00f3gicas, basadas en cifras probatorias destinadas a los trastornos de la mente, ya estaban disponibles previo a la COVID-19, y algunas demostraron ser eficaces para prevenir o reducir estos problemas relacionados con la pandemia, aunque los datos sobre el tema a\u00fan son limitados\u201d, puntualiz\u00f3.<\/p>\n","protected":false},"excerpt":{"rendered":"<p>Las afectaciones fueron mayores entre las mujeres y personas de 20 a 24 a\u00f1os de edad<\/p>\n","protected":false},"author":1775,"featured_media":121674,"comment_status":"closed","ping_status":"closed","sticky":false,"template":"","format":"standard","meta":[],"categories":[45],"tags":[4161,591,354,3145,179,358,554,6440,1676],"_links":{"self":[{"href":"https:\/\/www.uv.mx\/prensa\/wp-json\/wp\/v2\/posts\/121702"}],"collection":[{"href":"https:\/\/www.uv.mx\/prensa\/wp-json\/wp\/v2\/posts"}],"about":[{"href":"https:\/\/www.uv.mx\/prensa\/wp-json\/wp\/v2\/types\/post"}],"author":[{"embeddable":true,"href":"https:\/\/www.uv.mx\/prensa\/wp-json\/wp\/v2\/users\/1775"}],"replies":[{"embeddable":true,"href":"https:\/\/www.uv.mx\/prensa\/wp-json\/wp\/v2\/comments?post=121702"}],"version-history":[{"count":1,"href":"https:\/\/www.uv.mx\/prensa\/wp-json\/wp\/v2\/posts\/121702\/revisions"}],"predecessor-version":[{"id":122137,"href":"https:\/\/www.uv.mx\/prensa\/wp-json\/wp\/v2\/posts\/121702\/revisions\/122137"}],"wp:featuredmedia":[{"embeddable":true,"href":"https:\/\/www.uv.mx\/prensa\/wp-json\/wp\/v2\/media\/121674"}],"wp:attachment":[{"href":"https:\/\/www.uv.mx\/prensa\/wp-json\/wp\/v2\/media?parent=121702"}],"wp:term":[{"taxonomy":"category","embeddable":true,"href":"https:\/\/www.uv.mx\/prensa\/wp-json\/wp\/v2\/categories?post=121702"},{"taxonomy":"post_tag","embeddable":true,"href":"https:\/\/www.uv.mx\/prensa\/wp-json\/wp\/v2\/tags?post=121702"}],"curies":[{"name":"wp","href":"https:\/\/api.w.org\/{rel}","templated":true}]}}