{"id":122111,"date":"2022-09-29T11:25:49","date_gmt":"2022-09-29T16:25:49","guid":{"rendered":"https:\/\/www.uv.mx\/prensa\/?p=122111"},"modified":"2022-09-29T13:44:37","modified_gmt":"2022-09-29T18:44:37","slug":"iih-s-destaca-por-sus-investigaciones-en-historia-regional","status":"publish","type":"post","link":"https:\/\/www.uv.mx\/prensa\/general\/iih-s-destaca-por-sus-investigaciones-en-historia-regional\/","title":{"rendered":"IIH-S destaca por sus investigaciones en historia regional\u00a0"},"content":{"rendered":"<ul>\n<li data-leveltext=\"\uf0b7\" data-font=\"Symbol\" data-listid=\"1\" data-list-defn-props=\"{&quot;335552541&quot;:1,&quot;335559684&quot;:-2,&quot;335559685&quot;:720,&quot;335559991&quot;:360,&quot;469769226&quot;:&quot;Symbol&quot;,&quot;469769242&quot;:[8226],&quot;469777803&quot;:&quot;left&quot;,&quot;469777804&quot;:&quot;\uf0b7&quot;,&quot;469777815&quot;:&quot;hybridMultilevel&quot;}\" data-aria-posinset=\"1\" data-aria-level=\"1\"><i><span data-contrast=\"auto\">Jes\u00fas M\u00e9ndez, investigador de la UABC, realiza estancia en el instituto, por sus intereses acad\u00e9micos en la historia econ\u00f3mica y la historia empresarial<\/span><\/i><span data-ccp-props=\"{}\">\u00a0<\/span><\/li>\n<\/ul>\n<p><span data-ccp-props=\"{}\">\u00a0<\/span><\/p>\n<div id=\"attachment_122112\" style=\"width: 732px\" class=\"wp-caption aligncenter\"><a href=\"https:\/\/www.uv.mx\/prensa\/files\/2022\/09\/280922-PAOLA-Entrevista-Jesus-Mendez-1.jpg\"><img aria-describedby=\"caption-attachment-122112\" decoding=\"async\" loading=\"lazy\" class=\"size-full wp-image-122112\" src=\"https:\/\/www.uv.mx\/prensa\/files\/2022\/09\/280922-PAOLA-Entrevista-Jesus-Mendez-1.jpg\" alt=\"\" width=\"722\" height=\"482\" srcset=\"https:\/\/www.uv.mx\/prensa\/files\/2022\/09\/280922-PAOLA-Entrevista-Jesus-Mendez-1.jpg 722w, https:\/\/www.uv.mx\/prensa\/files\/2022\/09\/280922-PAOLA-Entrevista-Jesus-Mendez-1-300x200.jpg 300w\" sizes=\"(max-width: 722px) 100vw, 722px\" \/><\/a><p id=\"caption-attachment-122112\" class=\"wp-caption-text\">Jes\u00fas M\u00e9ndez realiza una estancia de investigaci\u00f3n en el IIH-S<\/p><\/div>\n<p><span data-ccp-props=\"{}\">\u00a0<\/span><\/p>\n<p><b><i><span data-contrast=\"auto\">Paola Cort\u00e9s P\u00e9rez<\/span><\/i><\/b><span data-ccp-props=\"{}\">\u00a0<\/span><\/p>\n<p><b><i><span data-contrast=\"auto\">Fotos: C\u00e9sar Pisil Ramos y Omar Portilla Palacios<\/span><\/i><\/b><span data-ccp-props=\"{}\">\u00a0<\/span><\/p>\n<p><b><i><span data-contrast=\"auto\">29\/09\/2022, Xalapa, Ver.-<\/span><\/i><\/b><span data-contrast=\"auto\"> El <a href=\"https:\/\/www.uv.mx\/iihs\/\" target=\"_blank\" rel=\"noopener\">Instituto de Investigaciones Hist\u00f3rico-Sociales<\/a> (IIH-S) de la Universidad Veracruzana (UV) goza de prestigio debido a la investigaci\u00f3n hist\u00f3rica regional que desarrolla, expres\u00f3 Jes\u00fas M\u00e9ndez Reyes, del Instituto de Investigaciones Hist\u00f3ricas de la Universidad Aut\u00f3noma de Baja California (UABC).<\/span><span data-ccp-props=\"{}\">\u00a0<\/span><\/p>\n<p><span data-contrast=\"auto\">El acad\u00e9mico realiza una estancia de investigaci\u00f3n por 16 d\u00edas, gracias a la aceptaci\u00f3n de Filiberta G\u00f3mez Cruz, Ernesto Trevi\u00f1o Ronz\u00f3n y Yovana Celaya N\u00e1ndez, directora, secretario Acad\u00e9mico y coordinadora de la Maestr\u00eda en Ciencias Sociales del IIH-S, respectivamente.<\/span><span data-ccp-props=\"{&quot;335559731&quot;:708}\">\u00a0<\/span><\/p>\n<p><span data-contrast=\"auto\">El instituto recientemente celebr\u00f3 50 a\u00f1os de fundaci\u00f3n y Jes\u00fas M\u00e9ndez destac\u00f3 el prestigio que tiene por el trabajo desarrollado por sus investigadores, entre ellos Juan Ortiz Escamilla, Carmen Bl\u00e1zquez Dom\u00ednguez y Filiberta G\u00f3mez, entre otros.<\/span><span data-ccp-props=\"{&quot;335559731&quot;:708}\">\u00a0<\/span><\/p>\n<p><span data-contrast=\"auto\">\u201cEl instituto concibe la geograf\u00eda no s\u00f3lo como un espacio territorial, sino como una construcci\u00f3n mayor en donde la sociedad da se\u00f1alamientos con vectores desde la cultura, la pol\u00edtica, la sociedad, el papel de las mujeres, el ej\u00e9rcito, la milicia, el arte y la m\u00fasica.\u201d<\/span><span data-ccp-props=\"{&quot;335559731&quot;:708}\">\u00a0<\/span><\/p>\n<p><span data-contrast=\"auto\">Estos 50 a\u00f1os, dijo, tambi\u00e9n sirven de reflexi\u00f3n sobre lo que hacen las entidades federativas, las universidades y las instituciones de educaci\u00f3n, frente a los problemas hist\u00f3ricos regionales.<\/span><span data-ccp-props=\"{&quot;335559731&quot;:708}\">\u00a0<\/span><\/p>\n<p><span data-contrast=\"auto\">Como investigador externo, coment\u00f3 que los principales retos y desaf\u00edos que tiene el IIH-S son los posgrados y la formaci\u00f3n de recursos humanos, ya que estos rubros perfilan un futuro promisorio para la investigaci\u00f3n de car\u00e1cter hist\u00f3rico en todas sus vertientes.<\/span><span data-ccp-props=\"{&quot;335559731&quot;:708}\">\u00a0<\/span><\/p>\n<p><span data-contrast=\"auto\">Uno de los mayores aciertos del centro de investigaci\u00f3n es el v\u00ednculo que tiene con la Facultad de Historia, porque es en este espacio donde se siembra la investigaci\u00f3n hist\u00f3rica que demanda la sociedad, porque ella \u2013los contribuyentes\u2013 apuesta por la educaci\u00f3n superior.<\/span><span data-ccp-props=\"{&quot;335559731&quot;:708}\">\u00a0<\/span><\/p>\n<p><span data-contrast=\"auto\">\u201cLa Universidad Veracruzana da resultados con investigaciones asesoradas y desarrolladas por sus acad\u00e9micos, las cuales pueden ser consultadas en cualquier parte del mundo gracias al Internet.\u201d<\/span><span data-ccp-props=\"{&quot;335559731&quot;:708}\">\u00a0<\/span><\/p>\n<p><span data-ccp-props=\"{}\">\u00a0<\/span><b><span data-contrast=\"auto\">Mi atracci\u00f3n por Veracruz<\/span><\/b><span data-ccp-props=\"{}\">\u00a0<\/span><\/p>\n<p><span data-contrast=\"auto\">Jes\u00fas M\u00e9ndez dijo que su estancia en el IIH-S se debe al inter\u00e9s que tiene por Veracruz y la figura de Antonio L\u00f3pez de Santa Anna, quien siempre causa simpat\u00edas o antipat\u00edas, \u201chay que leerlas entre l\u00edneas y tener un juicio m\u00e1s justo, que es exactamente lo que hacen la historia y los historiadores\u201d.<\/span><span data-ccp-props=\"{}\">\u00a0<\/span><\/p>\n<p><span data-contrast=\"auto\">Mencion\u00f3 que las l\u00edneas de investigaci\u00f3n que desarrolla se enfocan en la historia econ\u00f3mica, la historia empresarial y la historia de la oposici\u00f3n pol\u00edtica. \u201cLo regional siempre fue de mi inter\u00e9s, de ah\u00ed mi atracci\u00f3n por Veracruz\u201d.<\/span><span data-ccp-props=\"{&quot;335559731&quot;:708}\">\u00a0<\/span><\/p>\n<p><span data-contrast=\"auto\">Como parte de los t\u00f3picos que ha analizado est\u00e1n: el Banco de Veracruz; el Banco Mercantil, que funcion\u00f3 durante el Porfiriato; la sucursal del Banco Mercantil de Veracruz en Xalapa; el Banco Nacional de Cr\u00e9dito Agr\u00edcola, que en principio era una compa\u00f1\u00eda explotadora de sociedad an\u00f3nima y de capital privado, \u201cmi v\u00ednculo e inter\u00e9s acad\u00e9mico est\u00e1 en Veracruz\u201d.<\/span><span data-ccp-props=\"{&quot;335559731&quot;:708}\">\u00a0<\/span><\/p>\n<p><span data-ccp-props=\"{}\">\u00a0<\/span><\/p>\n<div id=\"attachment_122113\" style=\"width: 732px\" class=\"wp-caption aligncenter\"><a href=\"https:\/\/www.uv.mx\/prensa\/files\/2022\/09\/280922-PAOLA-Entrevista-Jesus-Mendez-2.jpg\"><img aria-describedby=\"caption-attachment-122113\" decoding=\"async\" loading=\"lazy\" class=\"size-full wp-image-122113\" src=\"https:\/\/www.uv.mx\/prensa\/files\/2022\/09\/280922-PAOLA-Entrevista-Jesus-Mendez-2.jpg\" alt=\"\" width=\"722\" height=\"475\" srcset=\"https:\/\/www.uv.mx\/prensa\/files\/2022\/09\/280922-PAOLA-Entrevista-Jesus-Mendez-2.jpg 722w, https:\/\/www.uv.mx\/prensa\/files\/2022\/09\/280922-PAOLA-Entrevista-Jesus-Mendez-2-300x197.jpg 300w\" sizes=\"(max-width: 722px) 100vw, 722px\" \/><\/a><p id=\"caption-attachment-122113\" class=\"wp-caption-text\">El investigador coment\u00f3 que una de las fortalezas del instituto es su vinculaci\u00f3n con la Facultad de Historia<\/p><\/div>\n","protected":false},"excerpt":{"rendered":"<p>Jes\u00fas M\u00e9ndez expres\u00f3 que estos 50 a\u00f1os del Instituto de Investigaciones Hist\u00f3rico-Sociales son el paso de la adolescencia hacia la madurez en el \u00e1mbito de la investigaci\u00f3n\u00a0<\/p>\n","protected":false},"author":1869,"featured_media":122112,"comment_status":"closed","ping_status":"closed","sticky":false,"template":"","format":"standard","meta":[],"categories":[1],"tags":[6263,5353,8589,8807,6462,1460],"_links":{"self":[{"href":"https:\/\/www.uv.mx\/prensa\/wp-json\/wp\/v2\/posts\/122111"}],"collection":[{"href":"https:\/\/www.uv.mx\/prensa\/wp-json\/wp\/v2\/posts"}],"about":[{"href":"https:\/\/www.uv.mx\/prensa\/wp-json\/wp\/v2\/types\/post"}],"author":[{"embeddable":true,"href":"https:\/\/www.uv.mx\/prensa\/wp-json\/wp\/v2\/users\/1869"}],"replies":[{"embeddable":true,"href":"https:\/\/www.uv.mx\/prensa\/wp-json\/wp\/v2\/comments?post=122111"}],"version-history":[{"count":1,"href":"https:\/\/www.uv.mx\/prensa\/wp-json\/wp\/v2\/posts\/122111\/revisions"}],"predecessor-version":[{"id":122143,"href":"https:\/\/www.uv.mx\/prensa\/wp-json\/wp\/v2\/posts\/122111\/revisions\/122143"}],"wp:featuredmedia":[{"embeddable":true,"href":"https:\/\/www.uv.mx\/prensa\/wp-json\/wp\/v2\/media\/122112"}],"wp:attachment":[{"href":"https:\/\/www.uv.mx\/prensa\/wp-json\/wp\/v2\/media?parent=122111"}],"wp:term":[{"taxonomy":"category","embeddable":true,"href":"https:\/\/www.uv.mx\/prensa\/wp-json\/wp\/v2\/categories?post=122111"},{"taxonomy":"post_tag","embeddable":true,"href":"https:\/\/www.uv.mx\/prensa\/wp-json\/wp\/v2\/tags?post=122111"}],"curies":[{"name":"wp","href":"https:\/\/api.w.org\/{rel}","templated":true}]}}